{"id":43307,"date":"2018-03-07T21:08:43","date_gmt":"2018-03-08T00:08:43","guid":{"rendered":"http:\/\/caririemacao.com\/1\/?p=43307"},"modified":"2018-03-07T21:08:43","modified_gmt":"2018-03-08T00:08:43","slug":"supremo-mantem-poder-do-tse-para-cassar-diretamente-parlamentares","status":"publish","type":"post","link":"https:\/\/www.caririemacao.com\/1\/2018\/03\/07\/supremo-mantem-poder-do-tse-para-cassar-diretamente-parlamentares\/","title":{"rendered":"Supremo mant\u00e9m poder do TSE para cassar diretamente parlamentares"},"content":{"rendered":"<p>Por 10 votos a 1, o Supremo Tribunal Federal (STF) decidiu hoje (7) manter o poder do Tribunal Superior Eleitoral (TSE) para cassar originariamente o mandato de deputados federais, estaduais, senadores e governadores eleitos que tiveram os mandatos questionados pelo Minist\u00e9rio P\u00fablico Eleitoral (MPE) ou por um advers\u00e1rio pol\u00edtico. A compet\u00eancia do tribunal para julgar os casos foi questionada pelo PDT, por meio de uma a\u00e7\u00e3o de inconstitucionalidade protocolada na Corte em 2009.<\/p>\n<p>No julgamento, somente o ministro Marco Aur\u00e9lio votou pela proced\u00eancia da a\u00e7\u00e3o. Alexandre de Moraes, Edson Fachin, Lu\u00eds Roberto Barroso, Rosa Weber, Luiz Fux (relator), Celso de Mello e a presidente, C\u00e1rmen L\u00facia, votam pela improced\u00eancia da a\u00e7\u00e3o.<\/p>\n<p>Caso a tese do PDT fosse aceita pela Corte, os pol\u00edticos, com exce\u00e7\u00e3o do presidente da Rep\u00fablica e seu vice, cujos processos s\u00f3 podem ser analisados pelo TSE, somente poderiam ser cassados pelos tribunais regionais de seus estados, cabendo recurso ao tribunal.<\/p>\n<p>Na a\u00e7\u00e3o, a defesa do PDT alegou que o TSE deve atuar como \u00f3rg\u00e3o respons\u00e1vel por julgar recursos oriundos da Justi\u00e7a Eleitoral dos estados e n\u00e3o julgar diretamente a\u00e7\u00f5es de impugna\u00e7\u00e3o dos diplomas dos eleitos. De acordo com o partido, a atua\u00e7\u00e3o originaria do TSE gera tumulto processual e inseguran\u00e7a jur\u00eddica.<\/p>\n<p><strong>CARIRI EM A\u00c7\u00c3O<\/strong><\/p>\n<p><em>Com Ag\u00eancia Brasil\/Foto: Reprodu\u00e7\u00e3o Internet<\/em><\/p>\n<p><strong>Leia mais not\u00edcias em\u00a0<\/strong><a href=\"http:\/\/www.caririemacao.com\/\"><strong>caririemacao.com<\/strong><\/a><strong>, siga nossa p\u00e1gina no\u00a0<\/strong><a href=\"https:\/\/www.facebook.com\/CaririEmAcao\/?ref=aymt_homepage_panel\"><strong>Facebook<\/strong><\/a>,<strong>\u00a0<\/strong><a href=\"https:\/\/www.instagram.com\/cariri_em_acao\/?hl=pt-br\"><strong>Instagram<\/strong><\/a><strong>\u00a0e\u00a0<\/strong><a href=\"https:\/\/www.youtube.com\/channel\/UCAptA0jQuYQy8vMhLt2m4qg\"><strong>Youtube<\/strong><\/a><strong>\u00a0e veja nossas mat\u00e9rias, v\u00eddeos e fotos. Voc\u00ea tamb\u00e9m pode enviar informa\u00e7\u00f5es \u00e0 Reda\u00e7\u00e3o do Portal Cariri em A\u00e7\u00e3o pelo WhatsApp (83) 9 9634.5791, (83) 9 9601-1162.<\/strong><\/p>\n","protected":false},"excerpt":{"rendered":"<p>Por 10 votos a 1, o Supremo Tribunal Federal (STF) decidiu hoje (7) manter o poder do Tribunal Superior Eleitoral (TSE) para cassar originariamente o&hellip; <\/p>\n","protected":false},"author":2,"featured_media":43308,"comment_status":"closed","ping_status":"closed","sticky":false,"template":"","format":"standard","meta":{"sfsi_plus_gutenberg_text_before_share":"","sfsi_plus_gutenberg_show_text_before_share":"","sfsi_plus_gutenberg_icon_type":"","sfsi_plus_gutenberg_icon_alignemt":"","sfsi_plus_gutenburg_max_per_row":"","footnotes":""},"categories":[2],"tags":[],"class_list":["post-43307","post","type-post","status-publish","format-standard","has-post-thumbnail","hentry","category-geral"],"_links":{"self":[{"href":"https:\/\/www.caririemacao.com\/1\/wp-json\/wp\/v2\/posts\/43307","targetHints":{"allow":["GET"]}}],"collection":[{"href":"https:\/\/www.caririemacao.com\/1\/wp-json\/wp\/v2\/posts"}],"about":[{"href":"https:\/\/www.caririemacao.com\/1\/wp-json\/wp\/v2\/types\/post"}],"author":[{"embeddable":true,"href":"https:\/\/www.caririemacao.com\/1\/wp-json\/wp\/v2\/users\/2"}],"replies":[{"embeddable":true,"href":"https:\/\/www.caririemacao.com\/1\/wp-json\/wp\/v2\/comments?post=43307"}],"version-history":[{"count":0,"href":"https:\/\/www.caririemacao.com\/1\/wp-json\/wp\/v2\/posts\/43307\/revisions"}],"wp:featuredmedia":[{"embeddable":true,"href":"https:\/\/www.caririemacao.com\/1\/wp-json\/wp\/v2\/media\/43308"}],"wp:attachment":[{"href":"https:\/\/www.caririemacao.com\/1\/wp-json\/wp\/v2\/media?parent=43307"}],"wp:term":[{"taxonomy":"category","embeddable":true,"href":"https:\/\/www.caririemacao.com\/1\/wp-json\/wp\/v2\/categories?post=43307"},{"taxonomy":"post_tag","embeddable":true,"href":"https:\/\/www.caririemacao.com\/1\/wp-json\/wp\/v2\/tags?post=43307"}],"curies":[{"name":"wp","href":"https:\/\/api.w.org\/{rel}","templated":true}]}}