{"id":43313,"date":"2018-03-07T21:22:15","date_gmt":"2018-03-08T00:22:15","guid":{"rendered":"http:\/\/caririemacao.com\/1\/?p=43313"},"modified":"2018-03-07T21:22:15","modified_gmt":"2018-03-08T00:22:15","slug":"no-ensaio-do-adeus-presenca-de-julio-cesar-e-simbolica-para-o-flamengo","status":"publish","type":"post","link":"https:\/\/www.caririemacao.com\/1\/2018\/03\/07\/no-ensaio-do-adeus-presenca-de-julio-cesar-e-simbolica-para-o-flamengo\/","title":{"rendered":"No ensaio do adeus, presen\u00e7a de J\u00falio C\u00e9sar \u00e9 simb\u00f3lica para o Flamengo"},"content":{"rendered":"<div class=\"mc-column content-text active-extra-styles active-capital-letter\" data-block-type=\"unstyled\" data-block-weight=\"54\" data-block-id=\"2\">\n<p class=\"content-text__container theme-color-primary-first-letter\" data-track-category=\"Link no Texto\" data-track-links=\"\">Um dos goleiros mais t\u00e9cnicos e identificados da hist\u00f3ria do Flamengo, J\u00falio C\u00e9sar volta a vestir a camisa rubro-negra nesta noite, contra o Boavista. Treze anos, quatro pa\u00edses (It\u00e1lia, Inglaterra, Canad\u00e1 e Portugal) e tr\u00eas Copas do Mundo depois, ele retorna ao clube mais maduro, aos 38, para breve despedida at\u00e9 pendurar as luvas.<\/p>\n<\/div>\n<div class=\"mc-column content-text active-extra-styles \" data-block-type=\"unstyled\" data-block-weight=\"14\" data-block-id=\"3\">\n<p class=\"content-text__container \" data-track-category=\"Link no Texto\" data-track-links=\"\">J\u00falio chegou ao Flamengo aos nove anos. Estreou em 1997, aos 17. Na primeira passagem, que durou at\u00e9 2004, foram 284 jogos. N\u00e3o foram muitos t\u00edtulos. Al\u00e9m da Copa dos Campe\u00f5es (2001), o goleiro conquistou quatro estaduais (1999, 2000, 2001 e 2004). Foi titular apenas nos dois \u00faltimos, mas foi importante, e talvez o principal respons\u00e1vel por evitar rebaixamentos, em uma \u00e9poca complicada e de vacas magras na G\u00e1vea.<\/p>\n<\/div>\n<div class=\"mc-column content-text active-extra-styles \" data-block-type=\"unstyled\" data-block-weight=\"39\" data-block-id=\"5\">\n<p class=\"content-text__container \" data-track-category=\"Link no Texto\" data-track-links=\"\">Agora, ser\u00e3o apenas tr\u00eas meses e poucos jogos. Per\u00edodo curto, mas o suficiente para dizer adeus e ter o cap\u00edtulo final de uma carreira e de uma rela\u00e7\u00e3o que, entre altos e baixos, entrou para a hist\u00f3ria do Flamengo.<\/p>\n<\/div>\n<div class=\"mc-column content-text active-extra-styles \" data-block-type=\"unstyled\" data-block-weight=\"61\" data-block-id=\"6\">\n<p class=\"content-text__container \" data-track-category=\"Link no Texto\" data-track-links=\"\">\u2013 Descobri um clube completamente diferente. Hoje existem mais campos, mais facilidades para m\u00e9dicos e fisioterapeutas. No meu tempo, as condi\u00e7\u00f5es de trabalho eram muito diferentes. Encontrei o t\u00e9cnico da minha outra passagem, Paulo C\u00e9sar Carpergiani, com quem trabalhei em 2000, e tamb\u00e9m o Juan e o Diego disse o goleiro, em entrevista publicada pela \u201cGazzetta Dello Sport\u201d, na \u00faltima ter\u00e7a.<\/p>\n<p><strong>CARIRI EM A\u00c7\u00c3O<\/strong><\/p>\n<p><em>T\u00e1 na \u00c1rea com Gazzetta\/Foto:\u00a0T\u00e1 na \u00c1rea<\/em><\/p>\n<p><strong>Leia mais not\u00edcias em\u00a0<\/strong><a href=\"http:\/\/www.caririemacao.com\/\"><strong>caririemacao.com<\/strong><\/a><strong>, siga nossa p\u00e1gina no\u00a0<\/strong><a href=\"https:\/\/www.facebook.com\/CaririEmAcao\/?ref=aymt_homepage_panel\"><strong>Facebook<\/strong><\/a>,<strong>\u00a0<\/strong><a href=\"https:\/\/www.instagram.com\/cariri_em_acao\/?hl=pt-br\"><strong>Instagram<\/strong><\/a><strong>\u00a0e\u00a0<\/strong><a href=\"https:\/\/www.youtube.com\/channel\/UCAptA0jQuYQy8vMhLt2m4qg\"><strong>Youtube<\/strong><\/a><strong>\u00a0e veja nossas mat\u00e9rias, v\u00eddeos e fotos. Voc\u00ea tamb\u00e9m pode enviar informa\u00e7\u00f5es \u00e0 Reda\u00e7\u00e3o do Portal Cariri em A\u00e7\u00e3o pelo WhatsApp (83) 9 9634.5791, (83) 9 9601-1162.<\/strong><\/p>\n<\/div>\n","protected":false},"excerpt":{"rendered":"<p>Um dos goleiros mais t\u00e9cnicos e identificados da hist\u00f3ria do Flamengo, J\u00falio C\u00e9sar volta a vestir a camisa rubro-negra nesta noite, contra o Boavista. Treze&hellip; <\/p>\n","protected":false},"author":2,"featured_media":43314,"comment_status":"closed","ping_status":"closed","sticky":false,"template":"","format":"standard","meta":{"sfsi_plus_gutenberg_text_before_share":"","sfsi_plus_gutenberg_show_text_before_share":"","sfsi_plus_gutenberg_icon_type":"","sfsi_plus_gutenberg_icon_alignemt":"","sfsi_plus_gutenburg_max_per_row":"","footnotes":""},"categories":[13],"tags":[],"class_list":["post-43313","post","type-post","status-publish","format-standard","has-post-thumbnail","hentry","category-esportes"],"_links":{"self":[{"href":"https:\/\/www.caririemacao.com\/1\/wp-json\/wp\/v2\/posts\/43313","targetHints":{"allow":["GET"]}}],"collection":[{"href":"https:\/\/www.caririemacao.com\/1\/wp-json\/wp\/v2\/posts"}],"about":[{"href":"https:\/\/www.caririemacao.com\/1\/wp-json\/wp\/v2\/types\/post"}],"author":[{"embeddable":true,"href":"https:\/\/www.caririemacao.com\/1\/wp-json\/wp\/v2\/users\/2"}],"replies":[{"embeddable":true,"href":"https:\/\/www.caririemacao.com\/1\/wp-json\/wp\/v2\/comments?post=43313"}],"version-history":[{"count":0,"href":"https:\/\/www.caririemacao.com\/1\/wp-json\/wp\/v2\/posts\/43313\/revisions"}],"wp:featuredmedia":[{"embeddable":true,"href":"https:\/\/www.caririemacao.com\/1\/wp-json\/wp\/v2\/media\/43314"}],"wp:attachment":[{"href":"https:\/\/www.caririemacao.com\/1\/wp-json\/wp\/v2\/media?parent=43313"}],"wp:term":[{"taxonomy":"category","embeddable":true,"href":"https:\/\/www.caririemacao.com\/1\/wp-json\/wp\/v2\/categories?post=43313"},{"taxonomy":"post_tag","embeddable":true,"href":"https:\/\/www.caririemacao.com\/1\/wp-json\/wp\/v2\/tags?post=43313"}],"curies":[{"name":"wp","href":"https:\/\/api.w.org\/{rel}","templated":true}]}}