{"id":43321,"date":"2018-03-08T07:21:07","date_gmt":"2018-03-08T10:21:07","guid":{"rendered":"http:\/\/caririemacao.com\/1\/?p=43321"},"modified":"2018-03-08T08:22:39","modified_gmt":"2018-03-08T11:22:39","slug":"bandidos-assaltam-bar-na-divisa-entre-monteiro-e-pe-e-na-fuga-roubam-carro","status":"publish","type":"post","link":"https:\/\/www.caririemacao.com\/1\/2018\/03\/08\/bandidos-assaltam-bar-na-divisa-entre-monteiro-e-pe-e-na-fuga-roubam-carro\/","title":{"rendered":"Bandidos assaltam bar na divisa entre Monteiro e PE e na fuga roubam carro"},"content":{"rendered":"<p>Dois assaltos foram registrados na noite desta quarta-feira, 7, no na regi\u00e3o do Cariri paraibano. O primeiro assalto ocorreu em um bar pr\u00f3ximo ao Distrito de Pernambuquinho, na divisa entre os Estados da Para\u00edba e Pernambuco, de propriedade de um homem conhecido por Bi\u00e9.<\/p>\n<p>Conforme informa\u00e7\u00f5es, tr\u00eas homens armados chegaram ao bar e anunciaram o assalto, em seguida agrediram o Bi\u00e9 para que o mesmo apontasse onde haveria um cofre no local. Sem as informa\u00e7\u00f5es que pediram, levaram o dinheiro apurado com o movimento do dia e tomaram por destino a cidade de Monteiro.<\/p>\n<p>O alvo era realmente o dono do estabelecimento, pois nenhum dos clientes que estavam presentes foram lesados. Bi\u00e9 ainda chegou a ser agredido pelos bandidos e foi socorrido pelo SAMU para uma unidade de sa\u00fade da cidade.<\/p>\n<p>O segundo assalto ocorreu na BR-110, entre os distrito de Pernambuquinho e a cidade de Monteiro. Tr\u00eas homens em uma motocicleta tomaram por assalto um carro modelo Fox, de cor branca e placa OFD-8567, pr\u00f3ximo ao S\u00edtio Rigideira.<\/p>\n<p>Os bandidos renderam o motorista do carro e anunciaram o assalto, levando o motorista como ref\u00e9m at\u00e9 as proximidades do Motel Colinas, na BR-412 em Monteiro, e ap\u00f3s sofrer amea\u00e7as, foi liberado pelos assaltantes.<\/p>\n<p>A Pol\u00edcia foi acionada para atender as ocorr\u00eancias e realizou dilig\u00eancias pela regi\u00e3o. A suspeita \u00e9 que os mesmos suspeitos tenham realizados os assaltos.<\/p>\n<p><strong>CARIRI EM A\u00c7\u00c3O<\/strong><\/p>\n<p><em>Com Vitrine do Cariri\/Foto: Reprodu\u00e7\u00e3o Internet<\/em><\/p>\n<p><strong>Leia mais not\u00edcias em\u00a0<\/strong><a href=\"http:\/\/www.caririemacao.com\/\"><strong>caririemacao.com<\/strong><\/a><strong>, siga nossa p\u00e1gina no\u00a0<\/strong><a href=\"https:\/\/www.facebook.com\/CaririEmAcao\/?ref=aymt_homepage_panel\"><strong>Facebook<\/strong><\/a>,<strong>\u00a0<\/strong><a href=\"https:\/\/www.instagram.com\/cariri_em_acao\/?hl=pt-br\"><strong>Instagram<\/strong><\/a><strong>\u00a0e\u00a0<\/strong><a href=\"https:\/\/www.youtube.com\/channel\/UCAptA0jQuYQy8vMhLt2m4qg\"><strong>Youtube<\/strong><\/a><strong>\u00a0e veja nossas mat\u00e9rias, v\u00eddeos e fotos. Voc\u00ea tamb\u00e9m pode enviar informa\u00e7\u00f5es \u00e0 Reda\u00e7\u00e3o do Portal Cariri em A\u00e7\u00e3o pelo WhatsApp (83) 9 9634.5791, (83) 9 9601-1162.<\/strong><\/p>\n","protected":false},"excerpt":{"rendered":"<p>Dois assaltos foram registrados na noite desta quarta-feira, 7, no na regi\u00e3o do Cariri paraibano. O primeiro assalto ocorreu em um bar pr\u00f3ximo ao Distrito&hellip; <\/p>\n","protected":false},"author":2,"featured_media":28668,"comment_status":"closed","ping_status":"closed","sticky":false,"template":"","format":"standard","meta":{"sfsi_plus_gutenberg_text_before_share":"","sfsi_plus_gutenberg_show_text_before_share":"","sfsi_plus_gutenberg_icon_type":"","sfsi_plus_gutenberg_icon_alignemt":"","sfsi_plus_gutenburg_max_per_row":"","footnotes":""},"categories":[12],"tags":[],"class_list":["post-43321","post","type-post","status-publish","format-standard","has-post-thumbnail","hentry","category-policia"],"_links":{"self":[{"href":"https:\/\/www.caririemacao.com\/1\/wp-json\/wp\/v2\/posts\/43321","targetHints":{"allow":["GET"]}}],"collection":[{"href":"https:\/\/www.caririemacao.com\/1\/wp-json\/wp\/v2\/posts"}],"about":[{"href":"https:\/\/www.caririemacao.com\/1\/wp-json\/wp\/v2\/types\/post"}],"author":[{"embeddable":true,"href":"https:\/\/www.caririemacao.com\/1\/wp-json\/wp\/v2\/users\/2"}],"replies":[{"embeddable":true,"href":"https:\/\/www.caririemacao.com\/1\/wp-json\/wp\/v2\/comments?post=43321"}],"version-history":[{"count":0,"href":"https:\/\/www.caririemacao.com\/1\/wp-json\/wp\/v2\/posts\/43321\/revisions"}],"wp:featuredmedia":[{"embeddable":true,"href":"https:\/\/www.caririemacao.com\/1\/wp-json\/wp\/v2\/media\/28668"}],"wp:attachment":[{"href":"https:\/\/www.caririemacao.com\/1\/wp-json\/wp\/v2\/media?parent=43321"}],"wp:term":[{"taxonomy":"category","embeddable":true,"href":"https:\/\/www.caririemacao.com\/1\/wp-json\/wp\/v2\/categories?post=43321"},{"taxonomy":"post_tag","embeddable":true,"href":"https:\/\/www.caririemacao.com\/1\/wp-json\/wp\/v2\/tags?post=43321"}],"curies":[{"name":"wp","href":"https:\/\/api.w.org\/{rel}","templated":true}]}}