{"id":43323,"date":"2018-03-08T08:29:17","date_gmt":"2018-03-08T11:29:17","guid":{"rendered":"http:\/\/caririemacao.com\/1\/?p=43323"},"modified":"2018-03-08T08:29:17","modified_gmt":"2018-03-08T11:29:17","slug":"prefeito-adriano-wolff-firma-parceria-com-o-incra-que-ira-beneficiar-assentados-de-sao-sebastiao-do-umbuzeiro","status":"publish","type":"post","link":"https:\/\/www.caririemacao.com\/1\/2018\/03\/08\/prefeito-adriano-wolff-firma-parceria-com-o-incra-que-ira-beneficiar-assentados-de-sao-sebastiao-do-umbuzeiro\/","title":{"rendered":"Prefeito Adriano Wolff firma parceria com o INCRA que ir\u00e1 beneficiar assentados de S\u00e3o Sebasti\u00e3o do Umbuzeiro"},"content":{"rendered":"<p>O Prefeito de S\u00e3o Sebasti\u00e3o do Umbuzeiro, Adriano Wolff, juntamente com o Secret\u00e1rio de Agricultura Diego Elesb\u00e3o, o Presidente da Associa\u00e7\u00e3o do Assentamento Maria Bonita, Inacinho, \u00a0K\u00e9cio e Ana Danielle que s\u00e3o Assentados no Assentamento\u00a0 Estrela Dalva, zona rural do munic\u00edpio.<\/p>\n<p>Participaram de uma reuni\u00e3o no Instituto Nacional de Coloniza\u00e7\u00e3o e Reforma Agr\u00e1ria\/ INCRA, para tratar de assuntos pertinentes a cr\u00e9ditos oriundos da reforma agraria, como semi\u00e1rido que esta ligado a \u00a0perfura\u00e7\u00f5es de \u00a0po\u00e7os, reforma de barragens, apoio mulher \u00a0que \u00e9 um credito direcionado a mulher assentada, e incentiva-las a produ\u00e7\u00e3o na agricultura familiar.<\/p>\n<p>O prefeito Adriano Wolff, firmou uma parceria com o Superintendente do Incra,\u00a0 tipo um \u00a0acordo de coopera\u00e7\u00e3o INCRA \/Prefeitura, onde a Secretaria de Agricultura,\u00a0 ir\u00e1 disponibilizar um t\u00e9cnico para dar toda assist\u00eancia aos assentados da reforma agraria no munic\u00edpio.<\/p>\n<p>Inicialmente a parceria INCRA e prefeitura ir\u00e3o incentivar os assentados a investir na estrutura\u00e7\u00e3o de seu lote em busca de dias melhores. Com esta a\u00e7\u00e3o, os assentados ter\u00e1 toda facilidade de comunica\u00e7\u00e3o junto ao INCRA, aonde o t\u00e9cnico vai puder fazer a interlocu\u00e7\u00e3o, a exemplo de solicita\u00e7\u00e3o de DAP, desbloqueio de RB e elabora\u00e7\u00e3o de projetos.<\/p>\n<p><a href=\"http:\/\/caririemacao.com\/1\/?attachment_id=43324\" rel=\"attachment wp-att-43324\"><img fetchpriority=\"high\" decoding=\"async\" class=\"aligncenter size-full wp-image-43324\" src=\"http:\/\/caririemacao.com\/1\/wp-content\/uploads\/2018\/03\/ad1c1a95-c8ef-4ee9-bafa-f3206ff7dc89-1.jpg\" alt=\"\" width=\"1280\" height=\"960\" srcset=\"https:\/\/www.caririemacao.com\/1\/wp-content\/uploads\/2018\/03\/ad1c1a95-c8ef-4ee9-bafa-f3206ff7dc89-1.jpg 1280w, https:\/\/www.caririemacao.com\/1\/wp-content\/uploads\/2018\/03\/ad1c1a95-c8ef-4ee9-bafa-f3206ff7dc89-1-300x225.jpg 300w, https:\/\/www.caririemacao.com\/1\/wp-content\/uploads\/2018\/03\/ad1c1a95-c8ef-4ee9-bafa-f3206ff7dc89-1-768x576.jpg 768w, https:\/\/www.caririemacao.com\/1\/wp-content\/uploads\/2018\/03\/ad1c1a95-c8ef-4ee9-bafa-f3206ff7dc89-1-1024x768.jpg 1024w\" sizes=\"(max-width: 1280px) 100vw, 1280px\" \/><\/a><\/p>\n<p><a href=\"http:\/\/caririemacao.com\/1\/?attachment_id=43325\" rel=\"attachment wp-att-43325\"><img decoding=\"async\" class=\"aligncenter size-full wp-image-43325 lazyload\" data-src=\"http:\/\/caririemacao.com\/1\/wp-content\/uploads\/2018\/03\/2a335c75-b393-413c-94db-035a7e887ad1.jpg\" alt=\"\" width=\"1032\" height=\"581\" data-srcset=\"https:\/\/www.caririemacao.com\/1\/wp-content\/uploads\/2018\/03\/2a335c75-b393-413c-94db-035a7e887ad1.jpg 1032w, https:\/\/www.caririemacao.com\/1\/wp-content\/uploads\/2018\/03\/2a335c75-b393-413c-94db-035a7e887ad1-300x169.jpg 300w, https:\/\/www.caririemacao.com\/1\/wp-content\/uploads\/2018\/03\/2a335c75-b393-413c-94db-035a7e887ad1-768x432.jpg 768w, https:\/\/www.caririemacao.com\/1\/wp-content\/uploads\/2018\/03\/2a335c75-b393-413c-94db-035a7e887ad1-1024x576.jpg 1024w\" data-sizes=\"(max-width: 1032px) 100vw, 1032px\" src=\"data:image\/svg+xml;base64,PHN2ZyB3aWR0aD0iMSIgaGVpZ2h0PSIxIiB4bWxucz0iaHR0cDovL3d3dy53My5vcmcvMjAwMC9zdmciPjwvc3ZnPg==\" style=\"--smush-placeholder-width: 1032px; --smush-placeholder-aspect-ratio: 1032\/581;\" \/><\/a><\/p>\n<p><strong>CARIRI EM A\u00c7\u00c3O<\/strong><\/p>\n<p><em>Com Blog do Didi\/Foto:\u00a0Blog do Didi<\/em><\/p>\n<p><strong>Leia mais not\u00edcias em\u00a0<\/strong><a href=\"http:\/\/www.caririemacao.com\/\"><strong>caririemacao.com<\/strong><\/a><strong>, siga nossa p\u00e1gina no\u00a0<\/strong><a href=\"https:\/\/www.facebook.com\/CaririEmAcao\/?ref=aymt_homepage_panel\"><strong>Facebook<\/strong><\/a>,<strong>\u00a0<\/strong><a href=\"https:\/\/www.instagram.com\/cariri_em_acao\/?hl=pt-br\"><strong>Instagram<\/strong><\/a><strong>\u00a0e\u00a0<\/strong><a href=\"https:\/\/www.youtube.com\/channel\/UCAptA0jQuYQy8vMhLt2m4qg\"><strong>Youtube<\/strong><\/a><strong>\u00a0e veja nossas mat\u00e9rias, v\u00eddeos e fotos. Voc\u00ea tamb\u00e9m pode enviar informa\u00e7\u00f5es \u00e0 Reda\u00e7\u00e3o do Portal Cariri em A\u00e7\u00e3o pelo WhatsApp (83) 9 9634.5791, (83) 9 9601-1162.<\/strong><\/p>\n","protected":false},"excerpt":{"rendered":"<p>O Prefeito de S\u00e3o Sebasti\u00e3o do Umbuzeiro, Adriano Wolff, juntamente com o Secret\u00e1rio de Agricultura Diego Elesb\u00e3o, o Presidente da Associa\u00e7\u00e3o do Assentamento Maria Bonita,&hellip; <\/p>\n","protected":false},"author":2,"featured_media":43326,"comment_status":"closed","ping_status":"closed","sticky":false,"template":"","format":"standard","meta":{"sfsi_plus_gutenberg_text_before_share":"","sfsi_plus_gutenberg_show_text_before_share":"","sfsi_plus_gutenberg_icon_type":"","sfsi_plus_gutenberg_icon_alignemt":"","sfsi_plus_gutenburg_max_per_row":"","footnotes":""},"categories":[6],"tags":[],"class_list":["post-43323","post","type-post","status-publish","format-standard","has-post-thumbnail","hentry","category-cidades"],"_links":{"self":[{"href":"https:\/\/www.caririemacao.com\/1\/wp-json\/wp\/v2\/posts\/43323","targetHints":{"allow":["GET"]}}],"collection":[{"href":"https:\/\/www.caririemacao.com\/1\/wp-json\/wp\/v2\/posts"}],"about":[{"href":"https:\/\/www.caririemacao.com\/1\/wp-json\/wp\/v2\/types\/post"}],"author":[{"embeddable":true,"href":"https:\/\/www.caririemacao.com\/1\/wp-json\/wp\/v2\/users\/2"}],"replies":[{"embeddable":true,"href":"https:\/\/www.caririemacao.com\/1\/wp-json\/wp\/v2\/comments?post=43323"}],"version-history":[{"count":0,"href":"https:\/\/www.caririemacao.com\/1\/wp-json\/wp\/v2\/posts\/43323\/revisions"}],"wp:featuredmedia":[{"embeddable":true,"href":"https:\/\/www.caririemacao.com\/1\/wp-json\/wp\/v2\/media\/43326"}],"wp:attachment":[{"href":"https:\/\/www.caririemacao.com\/1\/wp-json\/wp\/v2\/media?parent=43323"}],"wp:term":[{"taxonomy":"category","embeddable":true,"href":"https:\/\/www.caririemacao.com\/1\/wp-json\/wp\/v2\/categories?post=43323"},{"taxonomy":"post_tag","embeddable":true,"href":"https:\/\/www.caririemacao.com\/1\/wp-json\/wp\/v2\/tags?post=43323"}],"curies":[{"name":"wp","href":"https:\/\/api.w.org\/{rel}","templated":true}]}}