{"id":43328,"date":"2018-03-08T08:35:26","date_gmt":"2018-03-08T11:35:26","guid":{"rendered":"http:\/\/caririemacao.com\/1\/?p=43328"},"modified":"2018-03-08T08:35:26","modified_gmt":"2018-03-08T11:35:26","slug":"trf-4-marca-audiencias-e-pode-julgar-recursos-de-lula-no-dia-14-ou-21","status":"publish","type":"post","link":"https:\/\/www.caririemacao.com\/1\/2018\/03\/08\/trf-4-marca-audiencias-e-pode-julgar-recursos-de-lula-no-dia-14-ou-21\/","title":{"rendered":"TRF-4 marca audi\u00eancias e pode julgar recursos de Lula no dia 14 ou 21"},"content":{"rendered":"<p>A defesa de Lula corria contra o rel\u00f3gio: o TRF-4 (Tribunal Regional Federal da 4\u00aa Regi\u00e3o) marcou audi\u00eancias para os dias 14 e 21 de mar\u00e7o. O caso de Lula pode ser apreciado em qualquer uma das duas datas \u2014resultando em sua pris\u00e3o caso o STF n\u00e3o vote antes o habeas corpus preventivo que os advogados dele apresentaram para impedir a deten\u00e7\u00e3o.<\/p>\n<p>Al\u00e9m de Fachin, tamb\u00e9m Ricardo Lewandowski tem pedidos de habeas corpus que questionam a pris\u00e3o de um condenado em 2\u00aa inst\u00e2ncia, antes de o caso transitar em julgado.<\/p>\n<p>Qualquer um dos dois magistrados poderia, portanto, levar o assunto \u00e0 mesa \u2014o que obrigaria C\u00e1rmen L\u00facia a paut\u00e1-lo, mesmo contra a sua vontade.<\/p>\n<p><strong>CARIRI EM A\u00c7\u00c3O<\/strong><\/p>\n<p><em>Com Folha S.Paulo\/Foto: Reprodu\u00e7\u00e3o Internet<\/em><\/p>\n<p><strong>Leia mais not\u00edcias em\u00a0<\/strong><a href=\"http:\/\/www.caririemacao.com\/\"><strong>caririemacao.com<\/strong><\/a><strong>, siga nossa p\u00e1gina no\u00a0<\/strong><a href=\"https:\/\/www.facebook.com\/CaririEmAcao\/?ref=aymt_homepage_panel\"><strong>Facebook<\/strong><\/a>,<strong>\u00a0<\/strong><a href=\"https:\/\/www.instagram.com\/cariri_em_acao\/?hl=pt-br\"><strong>Instagram<\/strong><\/a><strong>\u00a0e\u00a0<\/strong><a href=\"https:\/\/www.youtube.com\/channel\/UCAptA0jQuYQy8vMhLt2m4qg\"><strong>Youtube<\/strong><\/a><strong>\u00a0e veja nossas mat\u00e9rias, v\u00eddeos e fotos. Voc\u00ea tamb\u00e9m pode enviar informa\u00e7\u00f5es \u00e0 Reda\u00e7\u00e3o do Portal Cariri em A\u00e7\u00e3o pelo WhatsApp (83) 9 9634.5791, (83) 9 9601-1162.<\/strong><\/p>\n","protected":false},"excerpt":{"rendered":"<p>A defesa de Lula corria contra o rel\u00f3gio: o TRF-4 (Tribunal Regional Federal da 4\u00aa Regi\u00e3o) marcou audi\u00eancias para os dias 14 e 21 de&hellip; <\/p>\n","protected":false},"author":2,"featured_media":43329,"comment_status":"closed","ping_status":"closed","sticky":false,"template":"","format":"standard","meta":{"sfsi_plus_gutenberg_text_before_share":"","sfsi_plus_gutenberg_show_text_before_share":"","sfsi_plus_gutenberg_icon_type":"","sfsi_plus_gutenberg_icon_alignemt":"","sfsi_plus_gutenburg_max_per_row":"","footnotes":""},"categories":[11],"tags":[],"class_list":["post-43328","post","type-post","status-publish","format-standard","has-post-thumbnail","hentry","category-politica"],"_links":{"self":[{"href":"https:\/\/www.caririemacao.com\/1\/wp-json\/wp\/v2\/posts\/43328","targetHints":{"allow":["GET"]}}],"collection":[{"href":"https:\/\/www.caririemacao.com\/1\/wp-json\/wp\/v2\/posts"}],"about":[{"href":"https:\/\/www.caririemacao.com\/1\/wp-json\/wp\/v2\/types\/post"}],"author":[{"embeddable":true,"href":"https:\/\/www.caririemacao.com\/1\/wp-json\/wp\/v2\/users\/2"}],"replies":[{"embeddable":true,"href":"https:\/\/www.caririemacao.com\/1\/wp-json\/wp\/v2\/comments?post=43328"}],"version-history":[{"count":0,"href":"https:\/\/www.caririemacao.com\/1\/wp-json\/wp\/v2\/posts\/43328\/revisions"}],"wp:featuredmedia":[{"embeddable":true,"href":"https:\/\/www.caririemacao.com\/1\/wp-json\/wp\/v2\/media\/43329"}],"wp:attachment":[{"href":"https:\/\/www.caririemacao.com\/1\/wp-json\/wp\/v2\/media?parent=43328"}],"wp:term":[{"taxonomy":"category","embeddable":true,"href":"https:\/\/www.caririemacao.com\/1\/wp-json\/wp\/v2\/categories?post=43328"},{"taxonomy":"post_tag","embeddable":true,"href":"https:\/\/www.caririemacao.com\/1\/wp-json\/wp\/v2\/tags?post=43328"}],"curies":[{"name":"wp","href":"https:\/\/api.w.org\/{rel}","templated":true}]}}