{"id":43331,"date":"2018-03-08T08:37:50","date_gmt":"2018-03-08T11:37:50","guid":{"rendered":"http:\/\/caririemacao.com\/1\/?p=43331"},"modified":"2018-03-08T08:37:50","modified_gmt":"2018-03-08T11:37:50","slug":"serei-candidato-ate-o-fim-mesmo-contra-temer-afirma-maia","status":"publish","type":"post","link":"https:\/\/www.caririemacao.com\/1\/2018\/03\/08\/serei-candidato-ate-o-fim-mesmo-contra-temer-afirma-maia\/","title":{"rendered":"Serei candidato at\u00e9 o fim, mesmo contra Temer, afirma Maia"},"content":{"rendered":"<p>O presidente da C\u00e2mara, Rodrigo Maia (DEM-RJ), afirmou que a poss\u00edvel candidatura \u00e0 reelei\u00e7\u00e3o de Michel Temer \u00e9 leg\u00edtima, mas que, caso esse projeto se concretize,\u00a0disputar\u00e1 com ele at\u00e9 o fim.<\/p>\n<p>Em entrevista \u00e0\u00a0Folha\u00a0na v\u00e9spera do lan\u00e7amento de sua pr\u00e9-candidatura para as elei\u00e7\u00f5es, nesta quinta-feira (8), ele escolheu o PSDB como seu principal advers\u00e1rio e disse que formar uma chapa com Geraldo Alckmin, hoje, seria, em suas palavras, \u201cuma neglig\u00eancia pol\u00edtica\u201d.<\/p>\n<p>O deputado, que fez cr\u00edticas \u00e0 atual pol\u00edtica econ\u00f4mica, disse que\u00a0n\u00e3o ser\u00e1 garoto-propaganda do Planalto, mas que tamb\u00e9m n\u00e3o esconder\u00e1 acertos do governo.<\/p>\n<p><strong>Folha \u2013 Aliados do sr. dizem que sua pr\u00e9-candidatura ao Planalto \u00e9 s\u00f3 uma forma de angariar for\u00e7a pol\u00edtica para entrar na chapa do PSDB. Como responder a essa tese?<br \/>\nRodrigo Maia \u2013<\/strong>\u00a0H\u00e1 um caminho no nosso campo que rejeita a polariza\u00e7\u00e3o entre PT e PSDB e entende que esse ciclo p\u00f3s-redemocratiza\u00e7\u00e3o acaba com a transi\u00e7\u00e3o feita pelo presidente Michel Temer. Tenho responsabilidade de construir um projeto para que a gente n\u00e3o entregue o governo para partidos de esquerda.<\/p>\n<p>A rejei\u00e7\u00e3o ao PSDB, e o [pr\u00e9-candidato] Geraldo Alckmin \u00e9 v\u00edtima disso, inviabiliza sua vit\u00f3ria. Representamos um novo ciclo, com a certeza de que compor chapa com o PSDB hoje \u00e9 participar de um projeto em que entregaremos o governo para aqueles que n\u00e3o governar\u00e3o da forma que acreditamos.<\/p>\n<p><strong>\u00c9 um erro compor com o PSDB?<\/strong><br \/>\nParticipar de uma alian\u00e7a com o PSDB para perder pode ser uma decis\u00e3o pol\u00edtica, mas, neste momento, em que a elei\u00e7\u00e3o est\u00e1 aberta, com a rejei\u00e7\u00e3o ao PSDB que inviabiliza seu candidato de vencer, n\u00e3o tentar construir outro projeto que represente um novo ciclo seria neglig\u00eancia pol\u00edtica da nossa parte.<\/p>\n<p><strong>Hoje o senhor tem 1% das inten\u00e7\u00f5es de voto. Acha que vale a pena disputar o Planalto para ser derrotado e ganhar for\u00e7a para a elei\u00e7\u00e3o de 2022?<\/strong><br \/>\nA reelei\u00e7\u00e3o foi o grande c\u00e2ncer que o PSDB gerou para o Brasil. O pa\u00eds precisa que as pessoas que queiram construir um projeto possam colocar seu nome na disputa.<\/p>\n<p><strong>\u00c9 mais importante agora uma vit\u00f3ria pol\u00edtica ou eleitoral?<\/strong><br \/>\nAs duas s\u00e3o poss\u00edveis. Essa \u00e9 uma elei\u00e7\u00e3o de mudan\u00e7a na gera\u00e7\u00e3o da pol\u00edtica brasileira. Nossa gera\u00e7\u00e3o tem que se colocar e tem chance de vit\u00f3ria.<\/p>\n<p><strong>O seu principal advers\u00e1rio hoje \u00e9 Geraldo Alckmin?<\/strong><br \/>\nSe a situa\u00e7\u00e3o do PSDB n\u00e3o fosse a colocada hoje, com essa rejei\u00e7\u00e3o, seria muito dif\u00edcil que eu tivesse o apoio dentro do meu partido e de outros partidos que querem construir comigo esse projeto.<\/p>\n<p><strong>Essa pulveriza\u00e7\u00e3o no campo de centro vai at\u00e9 quando?<\/strong><br \/>\nSem Lula, \u00e9 uma elei\u00e7\u00e3o menos radicalizada, mas menos previs\u00edvel tamb\u00e9m. N\u00f3s vamos construir um projeto que vai representar o nosso campo no primeiro turno.<\/p>\n<p><strong>E por que o senhor n\u00e3o inclui o governo do presidente Michel Temer quando fala \u2018n\u00f3s\u2019?<\/strong><br \/>\nQuando sinalizou que estava preparado para assumir o poder na hip\u00f3tese de impeachment de Dilma Rousseff (PT), Temer disse que faria uma transi\u00e7\u00e3o. O governo est\u00e1 fazendo essa transi\u00e7\u00e3o, da qual o DEM participou. Temos que construir um projeto para um novo ciclo.<\/p>\n<p><strong>Esse governo acaba obrigatoriamente em dezembro?<\/strong><br \/>\nSe o presidente Temer quiser ser candidato, \u00e9 um direito leg\u00edtimo dele. O governo tinha o projeto de fazer a transi\u00e7\u00e3o, se mudou esse projeto, \u00e9 um direito que tem.<\/p>\n<p><strong>O senhor n\u00e3o se interessa pelo apoio do Planalto ou do MDB \u00e0 sua candidatura?<\/strong><br \/>\nO governo sinalizou claramente que vai tentar viabilizar o projeto de reelei\u00e7\u00e3o do presidente. \u00c9 leg\u00edtimo. Como o DEM est\u00e1 lan\u00e7ando candidato, \u00e9 um nome por partido.<\/p>\n<p><strong>E o ministro Henrique Meirelles (Fazenda)?<\/strong><br \/>\nO que tem?<\/p>\n<p><strong>Se o candidato do governo \u00e9 Temer, como avalia as articula\u00e7\u00f5es do MDB em torno do nome do ministro?<\/strong><br \/>\nO tal do Pal\u00e1cio do Planalto est\u00e1 trabalhando com esse cen\u00e1rio [de Temer].<\/p>\n<p><strong>A candidatura de Temer \u00e9 vi\u00e1vel mesmo ap\u00f3s a autoriza\u00e7\u00e3o para a quebra de seu sigilo banc\u00e1rio e o avan\u00e7o de algumas investiga\u00e7\u00f5es contra ele?<\/strong><br \/>\n\u00c9 leg\u00edtimo que todo brasileiro que queira disputar a elei\u00e7\u00e3o coloque seu nome.<\/p>\n<p><strong>Se houver uma nova den\u00fancia contra Temer, a C\u00e2mara ter\u00e1 a mesma boa vontade de enterr\u00e1-la, como das outras vezes?<\/strong><br \/>\nA C\u00e2mara teve responsabilidade para n\u00e3o gerar mais instabilidade no pa\u00eds.<\/p>\n<p><strong>Temer tem popularidade baix\u00edssima. Qual foi o erro do presidente?<\/strong><br \/>\nFoi aprovar um aumento salarial para 16 categorias, sinalizando que tinha recebido um governo equilibrado do ponto de vista fiscal. A comunica\u00e7\u00e3o foi ineficiente. Outro erro foi n\u00e3o pensar pol\u00edticas econ\u00f4micas para compensar medidas ortodoxas.<\/p>\n<p><strong>O sr. n\u00e3o est\u00e1 disposto a ser um garoto-propaganda do governo.<\/strong><br \/>\nNem posso. No projeto que foi colocado para fazer a transi\u00e7\u00e3o, tem muitas coisas positivas que eu n\u00e3o tenho problema nenhum de defender.<\/p>\n<p><strong>O presidente do seu partido, ACM Neto, disse que, se a pulveriza\u00e7\u00e3o de centro for longe demais, \u00e9 poss\u00edvel uma converg\u00eancia de candidaturas. O sr. v\u00ea possibilidade de se unir a um projeto do Planalto?<\/strong><br \/>\nEle disse, inclusive, que o PSDB pode dar o nosso vice.<\/p>\n<p><strong>Se Temer for candidato, o sr. vai disputar com ele at\u00e9 o fim?<\/strong><br \/>\nSe ele for candidato, vou disputar contra ele. Serei candidato at\u00e9 o fim, mesmo com a participa\u00e7\u00e3o de Temer.<\/p>\n<p><strong>O sr. acha que o governo tem uma d\u00edvida com o sr. por tudo o que o fez nos \u00faltimos anos?<\/strong><br \/>\nN\u00e3o acho que ningu\u00e9m tem d\u00edvida comigo. N\u00e3o fiz porque era o Michel. Fiz porque tinha convic\u00e7\u00e3o de que era melhor para o Brasil eu n\u00e3o gerar uma instabilidade. Mais do que isso: eu tenho o sonho de ser presidente do Brasil, mas nunca manchando meu curr\u00edculo.<\/p>\n<p><strong>CARIRI EM A\u00c7\u00c3O<\/strong><\/p>\n<p><em>Com Folha S.Paulo\/Foto: Reprodu\u00e7\u00e3o Internet<\/em><\/p>\n<p><strong>Leia mais not\u00edcias em\u00a0<\/strong><a href=\"http:\/\/www.caririemacao.com\/\"><strong>caririemacao.com<\/strong><\/a><strong>, siga nossa p\u00e1gina no\u00a0<\/strong><a href=\"https:\/\/www.facebook.com\/CaririEmAcao\/?ref=aymt_homepage_panel\"><strong>Facebook<\/strong><\/a>,<strong>\u00a0<\/strong><a href=\"https:\/\/www.instagram.com\/cariri_em_acao\/?hl=pt-br\"><strong>Instagram<\/strong><\/a><strong>\u00a0e\u00a0<\/strong><a href=\"https:\/\/www.youtube.com\/channel\/UCAptA0jQuYQy8vMhLt2m4qg\"><strong>Youtube<\/strong><\/a><strong>\u00a0e veja nossas mat\u00e9rias, v\u00eddeos e fotos. Voc\u00ea tamb\u00e9m pode enviar informa\u00e7\u00f5es \u00e0 Reda\u00e7\u00e3o do Portal Cariri em A\u00e7\u00e3o pelo WhatsApp (83) 9 9634.5791, (83) 9 9601-1162.<\/strong><\/p>\n","protected":false},"excerpt":{"rendered":"<p>O presidente da C\u00e2mara, Rodrigo Maia (DEM-RJ), afirmou que a poss\u00edvel candidatura \u00e0 reelei\u00e7\u00e3o de Michel Temer \u00e9 leg\u00edtima, mas que, caso esse projeto se&hellip; <\/p>\n","protected":false},"author":2,"featured_media":43332,"comment_status":"closed","ping_status":"closed","sticky":false,"template":"","format":"standard","meta":{"sfsi_plus_gutenberg_text_before_share":"","sfsi_plus_gutenberg_show_text_before_share":"","sfsi_plus_gutenberg_icon_type":"","sfsi_plus_gutenberg_icon_alignemt":"","sfsi_plus_gutenburg_max_per_row":"","footnotes":""},"categories":[11],"tags":[],"class_list":["post-43331","post","type-post","status-publish","format-standard","has-post-thumbnail","hentry","category-politica"],"_links":{"self":[{"href":"https:\/\/www.caririemacao.com\/1\/wp-json\/wp\/v2\/posts\/43331","targetHints":{"allow":["GET"]}}],"collection":[{"href":"https:\/\/www.caririemacao.com\/1\/wp-json\/wp\/v2\/posts"}],"about":[{"href":"https:\/\/www.caririemacao.com\/1\/wp-json\/wp\/v2\/types\/post"}],"author":[{"embeddable":true,"href":"https:\/\/www.caririemacao.com\/1\/wp-json\/wp\/v2\/users\/2"}],"replies":[{"embeddable":true,"href":"https:\/\/www.caririemacao.com\/1\/wp-json\/wp\/v2\/comments?post=43331"}],"version-history":[{"count":0,"href":"https:\/\/www.caririemacao.com\/1\/wp-json\/wp\/v2\/posts\/43331\/revisions"}],"wp:featuredmedia":[{"embeddable":true,"href":"https:\/\/www.caririemacao.com\/1\/wp-json\/wp\/v2\/media\/43332"}],"wp:attachment":[{"href":"https:\/\/www.caririemacao.com\/1\/wp-json\/wp\/v2\/media?parent=43331"}],"wp:term":[{"taxonomy":"category","embeddable":true,"href":"https:\/\/www.caririemacao.com\/1\/wp-json\/wp\/v2\/categories?post=43331"},{"taxonomy":"post_tag","embeddable":true,"href":"https:\/\/www.caririemacao.com\/1\/wp-json\/wp\/v2\/tags?post=43331"}],"curies":[{"name":"wp","href":"https:\/\/api.w.org\/{rel}","templated":true}]}}