{"id":43334,"date":"2018-03-08T08:44:54","date_gmt":"2018-03-08T11:44:54","guid":{"rendered":"http:\/\/caririemacao.com\/1\/?p=43334"},"modified":"2018-03-08T08:48:02","modified_gmt":"2018-03-08T11:48:02","slug":"bolsonaro-projeta-criar-a-bancada-da-metralhadora","status":"publish","type":"post","link":"https:\/\/www.caririemacao.com\/1\/2018\/03\/08\/bolsonaro-projeta-criar-a-bancada-da-metralhadora\/","title":{"rendered":"Bolsonaro projeta criar a bancada da metralhadora"},"content":{"rendered":"<p><span class=\"news_capital_letter\">A<\/span>o se filiar ao nanico PSL, o deputado e pr\u00e9-candidato ao Planalto Jair Bolsonaro (RJ) disse nesta quarta-feira, 7, que vai se empenhar em eleger o maior n\u00famero de parlamentares para endurecer leis penais, evitar o desarmamento e garantir maioria no Legislativo.<\/p>\n<p>Interrompido por gritos de &#8220;mito&#8221;, &#8220;messias&#8221; e &#8220;presidente&#8221;, ele disse a uma plateia de militantes que lotou um audit\u00f3rio da C\u00e2mara que tentar\u00e1 levar um maior n\u00famero de policiais e integrantes das For\u00e7as Armadas para o Congresso. &#8220;A bancada da bala, chamada assim de forma jocosa, vai se transformar na bancada da metralhadora.&#8221;<\/p>\n<p>Bolsonaro ainda afirmou que, caso eleito, dever\u00e1 nomear para seu minist\u00e9rio o general Augusto Heleno Ribeiro (Defesa), o ex-astronauta Marcos Pontes (Ci\u00eancia e Tecnologia) e o economista Paulo Guedes (Fazenda). Ele tamb\u00e9m disse que pretende fundir as pastas da Agricultura e do Meio Ambiente.<\/p>\n<p>Ao falar de sua equipe ideal de governo, Bolsonaro aproveitou para criticar a atual gest\u00e3o. &#8220;O ministro de Ci\u00eancia e Tecnologia hoje n\u00e3o sabe diferenciar gravidez de gravidade&#8221;, afirmou numa cr\u00edtica ao ministro Gilberto Kassab. &#8220;Eu n\u00e3o sou bom, mas os outros s\u00e3o muito ruins&#8221;, disse.<\/p>\n<p>Cerca de 15 deputados e um senador, Magno Malta (PR-ES), chamado de &#8220;vice&#8221; pelos militantes, compareceram a um audit\u00f3rio da C\u00e2mara para a filia\u00e7\u00e3o de Bolsonaro ao partido presidido pelo deputado Luciano Bivar (PE). Em seu discurso, o pr\u00e9-candidato focou os ataques nas demandas LGBT, \u00e0 esquerda e ao governo Michel Temer. &#8220;As malas dos por\u00f5es do Jaburu, digo isso no duplo sentido, n\u00e3o podem continuar imperando no Brasil.&#8221;<\/p>\n<p>Ele reagiu \u00e0 entrada de concorrentes diretos e do governo Michel Temer no debate da seguran\u00e7a p\u00fablica, sua principal bandeira. Ele chegou a chamar o atual o ministro da Seguran\u00e7a P\u00fablica, Raul Jungmann, de &#8220;comunista&#8221; e &#8220;desarmamentista&#8221;. Mas evitou ataques diretos \u00e0 interven\u00e7\u00e3o militar no Rio.<\/p>\n<p>Para quem esperava que Bolsonaro fizesse um discurso mais light, voltado \u00e0 classe m\u00e9dia, o pr\u00e9-candidato se preocupou em enfatizar suas principais bandeiras. Inclusive a defesa da quebra do monop\u00f3lio na ind\u00fastria de armas no Pa\u00eds. &#8220;A viol\u00eancia se combate com energia ou mais viol\u00eancia&#8221;, afirmou. Na quest\u00e3o de g\u00eanero, ele disse que &#8220;todo mundo tem um amigo gay&#8221;, mas criticou supostos incentivos nas escolas \u00e0 mudan\u00e7as de sexo. &#8220;\u00c9 uma maldade com as criancinhas&#8221;, disse.<\/p>\n<p>Bolsonaro fez, em diversos momentos do seu discurso, refer\u00eancias a &#8220;Deus&#8221; e \u00e0s &#8220;mulheres&#8221;, numa estrat\u00e9gia discutida com aliados para atrair votos dos evang\u00e9licos e do p\u00fablico feminino, ap\u00f3s pol\u00eamicas. Magno Malta, a pedido de Bolsonaro, chegou a rezar um Pai Nosso. O hino nacional foi cantado no evento e Bolsonaro demonstrou emo\u00e7\u00e3o ao lembrar os pais e a inf\u00e2ncia, que, segundo ele, foi de pobreza no interior de S\u00e3o Paulo. Na economia, o pr\u00e9-candidato disse que, na primeira semana de governo, extinguir\u00e1 um ter\u00e7o das estatais.<\/p>\n<p>Pela estimativa dos aliados mais pr\u00f3ximos de Bolsonaro, pelo menos sete deputados federais devem se filiar ao PSL nos pr\u00f3ximos dias. O pr\u00e9-candidato j\u00e1 levou para seu novo partido os filhos Eduardo, deputado federal por S\u00e3o Paulo, e Fl\u00e1vio, deputado estadual pelo Rio.<\/p>\n<p>Durante a tarde, um grupo de apoiadores do deputado inflou um boneco de cerca de 12 metros em frente ao Congresso.<\/p>\n<p><strong>CARIRI EM A\u00c7\u00c3O<\/strong><\/p>\n<p><em>Com O Estado de S. Paulo\/Foto: Reprodu\u00e7\u00e3o Internet<\/em><\/p>\n<p><strong>Leia mais not\u00edcias em\u00a0<\/strong><a href=\"http:\/\/www.caririemacao.com\/\"><strong>caririemacao.com<\/strong><\/a><strong>, siga nossa p\u00e1gina no\u00a0<\/strong><a href=\"https:\/\/www.facebook.com\/CaririEmAcao\/?ref=aymt_homepage_panel\"><strong>Facebook<\/strong><\/a>,<strong>\u00a0<\/strong><a href=\"https:\/\/www.instagram.com\/cariri_em_acao\/?hl=pt-br\"><strong>Instagram<\/strong><\/a><strong>\u00a0e\u00a0<\/strong><a href=\"https:\/\/www.youtube.com\/channel\/UCAptA0jQuYQy8vMhLt2m4qg\"><strong>Youtube<\/strong><\/a><strong>\u00a0e veja nossas mat\u00e9rias, v\u00eddeos e fotos. Voc\u00ea tamb\u00e9m pode enviar informa\u00e7\u00f5es \u00e0 Reda\u00e7\u00e3o do Portal Cariri em A\u00e7\u00e3o pelo WhatsApp (83) 9 9634.5791, (83) 9 9601-1162.<\/strong><\/p>\n","protected":false},"excerpt":{"rendered":"<p>Ao se filiar ao nanico PSL, o deputado e pr\u00e9-candidato ao Planalto Jair Bolsonaro (RJ) disse nesta quarta-feira, 7, que vai se empenhar em eleger&hellip; <\/p>\n","protected":false},"author":2,"featured_media":35582,"comment_status":"closed","ping_status":"closed","sticky":false,"template":"","format":"standard","meta":{"sfsi_plus_gutenberg_text_before_share":"","sfsi_plus_gutenberg_show_text_before_share":"","sfsi_plus_gutenberg_icon_type":"","sfsi_plus_gutenberg_icon_alignemt":"","sfsi_plus_gutenburg_max_per_row":"","footnotes":""},"categories":[11],"tags":[],"class_list":["post-43334","post","type-post","status-publish","format-standard","has-post-thumbnail","hentry","category-politica"],"_links":{"self":[{"href":"https:\/\/www.caririemacao.com\/1\/wp-json\/wp\/v2\/posts\/43334","targetHints":{"allow":["GET"]}}],"collection":[{"href":"https:\/\/www.caririemacao.com\/1\/wp-json\/wp\/v2\/posts"}],"about":[{"href":"https:\/\/www.caririemacao.com\/1\/wp-json\/wp\/v2\/types\/post"}],"author":[{"embeddable":true,"href":"https:\/\/www.caririemacao.com\/1\/wp-json\/wp\/v2\/users\/2"}],"replies":[{"embeddable":true,"href":"https:\/\/www.caririemacao.com\/1\/wp-json\/wp\/v2\/comments?post=43334"}],"version-history":[{"count":0,"href":"https:\/\/www.caririemacao.com\/1\/wp-json\/wp\/v2\/posts\/43334\/revisions"}],"wp:featuredmedia":[{"embeddable":true,"href":"https:\/\/www.caririemacao.com\/1\/wp-json\/wp\/v2\/media\/35582"}],"wp:attachment":[{"href":"https:\/\/www.caririemacao.com\/1\/wp-json\/wp\/v2\/media?parent=43334"}],"wp:term":[{"taxonomy":"category","embeddable":true,"href":"https:\/\/www.caririemacao.com\/1\/wp-json\/wp\/v2\/categories?post=43334"},{"taxonomy":"post_tag","embeddable":true,"href":"https:\/\/www.caririemacao.com\/1\/wp-json\/wp\/v2\/tags?post=43334"}],"curies":[{"name":"wp","href":"https:\/\/api.w.org\/{rel}","templated":true}]}}