{"id":43336,"date":"2018-03-08T08:50:07","date_gmt":"2018-03-08T11:50:07","guid":{"rendered":"http:\/\/caririemacao.com\/1\/?p=43336"},"modified":"2018-03-08T08:50:07","modified_gmt":"2018-03-08T11:50:07","slug":"tre-pb-empossa-desembargador-carlos-beltrao-como-membro-efetivo-nesta-quinta-feira","status":"publish","type":"post","link":"https:\/\/www.caririemacao.com\/1\/2018\/03\/08\/tre-pb-empossa-desembargador-carlos-beltrao-como-membro-efetivo-nesta-quinta-feira\/","title":{"rendered":"TRE-PB empossa desembargador Carlos Beltr\u00e3o como membro efetivo nesta quinta-feira"},"content":{"rendered":"<div id=\"compartilhar-conteudo\" class=\"noticia-compartilhar nao-imprimir\">\n<div class=\"noticia-icone\"><i>\u00a0<\/i>Tomar\u00e1 posse nesta quinta-feira (08), como membro efetivo da Corte do Tribunal Regional Eleitoral da Para\u00edba (TRE-PB), o Desembargador Carlos Martins Beltr\u00e3o Filho, eleito pelo Tribunal de Justi\u00e7a da Para\u00edba, em 21 de fevereiro \u00faltimo. A cerim\u00f4nia acontecer\u00e1 a partir das 14 horas, na Sala de Sess\u00f5es \u201cDesembargador Hermes Pessoa\u201d, seguida das elei\u00e7\u00f5es para Presidente, Vice-Presidente e Corregedor Regional Eleitoral.<\/div>\n<\/div>\n<section id=\"texto-conteudo\">\n<div class=\"tab-content sem-galeria\">\n<div id=\"ancora-1\" class=\"tab-pane active\" role=\"tabpanel\">\n<p>Durante a sess\u00e3o ordin\u00e1ria, que ser\u00e1 presidida pelo Desembargador Romero Marcelo da Fonseca Oliveira, o novo Desembargador da Corte Eleitoral far\u00e1 o juramento oficial e, na sequ\u00eancia, ser\u00e1 empossado.<\/p>\n<p>Perfil do magistrado<\/p>\n<p>Natural da cidade de Alagoinha-PB, graduou-se em Ci\u00eancias Jur\u00eddicas e Sociais pela Universidade Federal da Para\u00edba em 1979. Ao ingressar na magistratura assumiu a Comarca de Concei\u00e7\u00e3o no Sert\u00e3o do Estado, e posteriormente, nas Comarcas de Alhandra, Cajazeiras, Campina Grande e Jo\u00e3o Pessoa. Carlos Martins Beltr\u00e3o Filho destacou-se, ainda, como professor da Escola Superior da Magistratura \u2013 ESMA, onde lecionou as disciplinas de direito penal e direito processual penal.<\/p>\n<p><strong>CARIRI EM A\u00c7\u00c3O<\/strong><\/p>\n<p><em>Com Wscom\/Foto: Reprodu\u00e7\u00e3o Internet<\/em><\/p>\n<p><strong>Leia mais not\u00edcias em\u00a0<\/strong><a href=\"http:\/\/www.caririemacao.com\/\"><strong>caririemacao.com<\/strong><\/a><strong>, siga nossa p\u00e1gina no\u00a0<\/strong><a href=\"https:\/\/www.facebook.com\/CaririEmAcao\/?ref=aymt_homepage_panel\"><strong>Facebook<\/strong><\/a>,<strong>\u00a0<\/strong><a href=\"https:\/\/www.instagram.com\/cariri_em_acao\/?hl=pt-br\"><strong>Instagram<\/strong><\/a><strong>\u00a0e\u00a0<\/strong><a href=\"https:\/\/www.youtube.com\/channel\/UCAptA0jQuYQy8vMhLt2m4qg\"><strong>Youtube<\/strong><\/a><strong>\u00a0e veja nossas mat\u00e9rias, v\u00eddeos e fotos. Voc\u00ea tamb\u00e9m pode enviar informa\u00e7\u00f5es \u00e0 Reda\u00e7\u00e3o do Portal Cariri em A\u00e7\u00e3o pelo WhatsApp (83) 9 9634.5791, (83) 9 9601-1162.<\/strong><\/p>\n<\/div>\n<\/div>\n<\/section>\n","protected":false},"excerpt":{"rendered":"<p>\u00a0Tomar\u00e1 posse nesta quinta-feira (08), como membro efetivo da Corte do Tribunal Regional Eleitoral da Para\u00edba (TRE-PB), o Desembargador Carlos Martins Beltr\u00e3o Filho, eleito pelo&hellip; <\/p>\n","protected":false},"author":2,"featured_media":43339,"comment_status":"closed","ping_status":"closed","sticky":false,"template":"","format":"standard","meta":{"sfsi_plus_gutenberg_text_before_share":"","sfsi_plus_gutenberg_show_text_before_share":"","sfsi_plus_gutenberg_icon_type":"","sfsi_plus_gutenberg_icon_alignemt":"","sfsi_plus_gutenburg_max_per_row":"","footnotes":""},"categories":[2],"tags":[],"class_list":["post-43336","post","type-post","status-publish","format-standard","has-post-thumbnail","hentry","category-geral"],"_links":{"self":[{"href":"https:\/\/www.caririemacao.com\/1\/wp-json\/wp\/v2\/posts\/43336","targetHints":{"allow":["GET"]}}],"collection":[{"href":"https:\/\/www.caririemacao.com\/1\/wp-json\/wp\/v2\/posts"}],"about":[{"href":"https:\/\/www.caririemacao.com\/1\/wp-json\/wp\/v2\/types\/post"}],"author":[{"embeddable":true,"href":"https:\/\/www.caririemacao.com\/1\/wp-json\/wp\/v2\/users\/2"}],"replies":[{"embeddable":true,"href":"https:\/\/www.caririemacao.com\/1\/wp-json\/wp\/v2\/comments?post=43336"}],"version-history":[{"count":0,"href":"https:\/\/www.caririemacao.com\/1\/wp-json\/wp\/v2\/posts\/43336\/revisions"}],"wp:featuredmedia":[{"embeddable":true,"href":"https:\/\/www.caririemacao.com\/1\/wp-json\/wp\/v2\/media\/43339"}],"wp:attachment":[{"href":"https:\/\/www.caririemacao.com\/1\/wp-json\/wp\/v2\/media?parent=43336"}],"wp:term":[{"taxonomy":"category","embeddable":true,"href":"https:\/\/www.caririemacao.com\/1\/wp-json\/wp\/v2\/categories?post=43336"},{"taxonomy":"post_tag","embeddable":true,"href":"https:\/\/www.caririemacao.com\/1\/wp-json\/wp\/v2\/tags?post=43336"}],"curies":[{"name":"wp","href":"https:\/\/api.w.org\/{rel}","templated":true}]}}