{"id":43346,"date":"2018-03-08T09:07:40","date_gmt":"2018-03-08T12:07:40","guid":{"rendered":"http:\/\/caririemacao.com\/1\/?p=43346"},"modified":"2018-03-08T09:07:40","modified_gmt":"2018-03-08T12:07:40","slug":"no-dia-da-mulher-secretaria-de-assistencia-social-de-gurjao-realiza-evento-alusivo","status":"publish","type":"post","link":"https:\/\/www.caririemacao.com\/1\/2018\/03\/08\/no-dia-da-mulher-secretaria-de-assistencia-social-de-gurjao-realiza-evento-alusivo\/","title":{"rendered":"No dia da Mulher, Secretaria de Assist\u00eancia Social de Gurj\u00e3o realiza evento alusivo"},"content":{"rendered":"<p class=\"&quot;MsoNormal&quot;\">No dia da Mulher, Secretaria de Assist\u00eancia Social de Gurj\u00e3o realiza evento alusivo ao dia.<\/p>\n<p class=\"&quot;MsoNormal&quot;\">Secretaria de Assist\u00eancia Social de Gurj\u00e3o , atrav\u00e9s da Secret\u00e1ria Macielma\u00a0C\u00e2ndido\u00a0\u00a0realizar\u00e1 nesta quinta (08) na academia de sa\u00fade , um grande evento em homenagem do Dia internacional da Mulher. A a\u00e7\u00e3o integra a comemora\u00e7\u00e3o do dia das mulheres.<\/p>\n<p class=\"&quot;MsoNormal&quot;\">Na programa\u00e7\u00e3o conta com a apresenta\u00e7\u00e3o da zumba, momento musical com a Filarm\u00f4nica Nossa Senhora do Ros\u00e1rio , al\u00e9m de sorteio de secadores e chapinhas de cabelo e um m\u00eas de gra\u00e7a para tr\u00eas mulheres na academia Ellite.<\/p>\n<p class=\"&quot;MsoNormal&quot;\"><span style=\"font-family: Open;\">Conforme a Secret\u00e1ria Macielma\u00a0C\u00e2ndido, as atividades visam valorizar aquelas que fazem a diferen\u00e7a na sociedade. \u201cS\u00e3o filhas, esposas, m\u00e3es, profissionais, amigas, que necessitam de um olhar especial e n\u00f3s oferecemos um dia diferente na rotina delas, aliando alegria e divertimento no dia dedicado as mulheres de Gurj\u00e3o.<\/span><\/p>\n<p><a href=\"http:\/\/caririemacao.com\/1\/?attachment_id=43347\" rel=\"attachment wp-att-43347\"><img fetchpriority=\"high\" decoding=\"async\" class=\"aligncenter size-full wp-image-43347\" src=\"http:\/\/caririemacao.com\/1\/wp-content\/uploads\/2018\/03\/m_gurjaodiadamulher.jpg\" alt=\"\" width=\"600\" height=\"368\" srcset=\"https:\/\/www.caririemacao.com\/1\/wp-content\/uploads\/2018\/03\/m_gurjaodiadamulher.jpg 600w, https:\/\/www.caririemacao.com\/1\/wp-content\/uploads\/2018\/03\/m_gurjaodiadamulher-300x184.jpg 300w\" sizes=\"(max-width: 600px) 100vw, 600px\" \/><\/a><\/p>\n<p><strong>CARIRI EM A\u00c7\u00c3O<\/strong><\/p>\n<p><em>Com Asscom\/Foto: Reprodu\u00e7\u00e3o google<\/em><\/p>\n<p><strong>Leia mais not\u00edcias em\u00a0<\/strong><a href=\"http:\/\/www.caririemacao.com\/\"><strong>caririemacao.com<\/strong><\/a><strong>, siga nossa p\u00e1gina no\u00a0<\/strong><a href=\"https:\/\/www.facebook.com\/CaririEmAcao\/?ref=aymt_homepage_panel\"><strong>Facebook<\/strong><\/a>,<strong>\u00a0<\/strong><a href=\"https:\/\/www.instagram.com\/cariri_em_acao\/?hl=pt-br\"><strong>Instagram<\/strong><\/a><strong>\u00a0e\u00a0<\/strong><a href=\"https:\/\/www.youtube.com\/channel\/UCAptA0jQuYQy8vMhLt2m4qg\"><strong>Youtube<\/strong><\/a><strong>\u00a0e veja nossas mat\u00e9rias, v\u00eddeos e fotos. Voc\u00ea tamb\u00e9m pode enviar informa\u00e7\u00f5es \u00e0 Reda\u00e7\u00e3o do Portal Cariri em A\u00e7\u00e3o pelo WhatsApp (83) 9 9634.5791, (83) 9 9601-1162.<\/strong><\/p>\n","protected":false},"excerpt":{"rendered":"<p>No dia da Mulher, Secretaria de Assist\u00eancia Social de Gurj\u00e3o realiza evento alusivo ao dia. Secretaria de Assist\u00eancia Social de Gurj\u00e3o , atrav\u00e9s da Secret\u00e1ria&hellip; <\/p>\n","protected":false},"author":2,"featured_media":11609,"comment_status":"closed","ping_status":"closed","sticky":false,"template":"","format":"standard","meta":{"sfsi_plus_gutenberg_text_before_share":"","sfsi_plus_gutenberg_show_text_before_share":"","sfsi_plus_gutenberg_icon_type":"","sfsi_plus_gutenberg_icon_alignemt":"","sfsi_plus_gutenburg_max_per_row":"","footnotes":""},"categories":[6],"tags":[],"class_list":["post-43346","post","type-post","status-publish","format-standard","has-post-thumbnail","hentry","category-cidades"],"_links":{"self":[{"href":"https:\/\/www.caririemacao.com\/1\/wp-json\/wp\/v2\/posts\/43346","targetHints":{"allow":["GET"]}}],"collection":[{"href":"https:\/\/www.caririemacao.com\/1\/wp-json\/wp\/v2\/posts"}],"about":[{"href":"https:\/\/www.caririemacao.com\/1\/wp-json\/wp\/v2\/types\/post"}],"author":[{"embeddable":true,"href":"https:\/\/www.caririemacao.com\/1\/wp-json\/wp\/v2\/users\/2"}],"replies":[{"embeddable":true,"href":"https:\/\/www.caririemacao.com\/1\/wp-json\/wp\/v2\/comments?post=43346"}],"version-history":[{"count":0,"href":"https:\/\/www.caririemacao.com\/1\/wp-json\/wp\/v2\/posts\/43346\/revisions"}],"wp:featuredmedia":[{"embeddable":true,"href":"https:\/\/www.caririemacao.com\/1\/wp-json\/wp\/v2\/media\/11609"}],"wp:attachment":[{"href":"https:\/\/www.caririemacao.com\/1\/wp-json\/wp\/v2\/media?parent=43346"}],"wp:term":[{"taxonomy":"category","embeddable":true,"href":"https:\/\/www.caririemacao.com\/1\/wp-json\/wp\/v2\/categories?post=43346"},{"taxonomy":"post_tag","embeddable":true,"href":"https:\/\/www.caririemacao.com\/1\/wp-json\/wp\/v2\/tags?post=43346"}],"curies":[{"name":"wp","href":"https:\/\/api.w.org\/{rel}","templated":true}]}}