{"id":43349,"date":"2018-03-08T09:13:06","date_gmt":"2018-03-08T12:13:06","guid":{"rendered":"http:\/\/caririemacao.com\/1\/?p=43349"},"modified":"2018-03-08T09:13:06","modified_gmt":"2018-03-08T12:13:06","slug":"prefeita-de-monteiro-divulga-mensagem-no-dia-internacional-da-mulher","status":"publish","type":"post","link":"https:\/\/www.caririemacao.com\/1\/2018\/03\/08\/prefeita-de-monteiro-divulga-mensagem-no-dia-internacional-da-mulher\/","title":{"rendered":"Prefeita de Monteiro divulga mensagem no Dia Internacional da Mulher"},"content":{"rendered":"<p>Al\u00e9m da programa\u00e7\u00e3o especial que a Prefeitura de Monteiro preparou para homenagear as mulheres monteirenses na noite desta quinta-feira, 8, na Pra\u00e7a Jo\u00e3o Pessoa e na manh\u00e3 do s\u00e1bado, 10, na Pra\u00e7a Major Nilo Feitosa, a prefeita Anna Lorena divulgou uma mensagem dirigida \u00e0 todas as mulheres pela passagem do Dia Internacional da Mulher.<\/p>\n<p>Confira abaixo a mensagem:<\/p>\n<p>Hoje, dia 08 de mar\u00e7o, come\u00e7amos o dia parabenizando aquelas que s\u00e3o o s\u00edmbolo maior da uni\u00e3o de tantos adjetivos, de inumer\u00e1veis qualidades. Somos cuidados, amor, dedica\u00e7\u00e3o, carinho e simplicidade. E n\u00e3o \u00e9 s\u00f3 nesta data que merecemos reconhecimento, mas sim todos os dias de nossas vidas. Agradecemos a Deus pelos projetos, a\u00e7\u00f5es e obras que v\u00eam transformando a vida da mulher monteirense.<\/p>\n<p>Meu orgulho e agradecimento especial \u00e0s servidoras do munic\u00edpio, que com muita dedica\u00e7\u00e3o e trabalho contribuem para uma Monteiro cada vez melhor.<\/p>\n<p>Desejo a todas que conquistem diariamente os seus espa\u00e7os e sonhos, pois toda mulher pode chegar onde quiser! Feliz Dia Internacional da Mulher.<\/p>\n<p><strong>CARIRI EM A\u00c7\u00c3O<\/strong><\/p>\n<p><em>Com Vitrine do Cariri\/Foto: Reprodu\u00e7\u00e3o Internet<\/em><\/p>\n<p><strong>Leia mais not\u00edcias em\u00a0<\/strong><a href=\"http:\/\/www.caririemacao.com\/\"><strong>caririemacao.com<\/strong><\/a><strong>, siga nossa p\u00e1gina no\u00a0<\/strong><a href=\"https:\/\/www.facebook.com\/CaririEmAcao\/?ref=aymt_homepage_panel\"><strong>Facebook<\/strong><\/a>,<strong>\u00a0<\/strong><a href=\"https:\/\/www.instagram.com\/cariri_em_acao\/?hl=pt-br\"><strong>Instagram<\/strong><\/a><strong>\u00a0e\u00a0<\/strong><a href=\"https:\/\/www.youtube.com\/channel\/UCAptA0jQuYQy8vMhLt2m4qg\"><strong>Youtube<\/strong><\/a><strong>\u00a0e veja nossas mat\u00e9rias, v\u00eddeos e fotos. Voc\u00ea tamb\u00e9m pode enviar informa\u00e7\u00f5es \u00e0 Reda\u00e7\u00e3o do Portal Cariri em A\u00e7\u00e3o pelo WhatsApp (83) 9 9634.5791, (83) 9 9601-1162.<\/strong><\/p>\n","protected":false},"excerpt":{"rendered":"<p>Al\u00e9m da programa\u00e7\u00e3o especial que a Prefeitura de Monteiro preparou para homenagear as mulheres monteirenses na noite desta quinta-feira, 8, na Pra\u00e7a Jo\u00e3o Pessoa e&hellip; <\/p>\n","protected":false},"author":2,"featured_media":43350,"comment_status":"closed","ping_status":"closed","sticky":false,"template":"","format":"standard","meta":{"sfsi_plus_gutenberg_text_before_share":"","sfsi_plus_gutenberg_show_text_before_share":"","sfsi_plus_gutenberg_icon_type":"","sfsi_plus_gutenberg_icon_alignemt":"","sfsi_plus_gutenburg_max_per_row":"","footnotes":""},"categories":[6],"tags":[],"class_list":["post-43349","post","type-post","status-publish","format-standard","has-post-thumbnail","hentry","category-cidades"],"_links":{"self":[{"href":"https:\/\/www.caririemacao.com\/1\/wp-json\/wp\/v2\/posts\/43349","targetHints":{"allow":["GET"]}}],"collection":[{"href":"https:\/\/www.caririemacao.com\/1\/wp-json\/wp\/v2\/posts"}],"about":[{"href":"https:\/\/www.caririemacao.com\/1\/wp-json\/wp\/v2\/types\/post"}],"author":[{"embeddable":true,"href":"https:\/\/www.caririemacao.com\/1\/wp-json\/wp\/v2\/users\/2"}],"replies":[{"embeddable":true,"href":"https:\/\/www.caririemacao.com\/1\/wp-json\/wp\/v2\/comments?post=43349"}],"version-history":[{"count":0,"href":"https:\/\/www.caririemacao.com\/1\/wp-json\/wp\/v2\/posts\/43349\/revisions"}],"wp:featuredmedia":[{"embeddable":true,"href":"https:\/\/www.caririemacao.com\/1\/wp-json\/wp\/v2\/media\/43350"}],"wp:attachment":[{"href":"https:\/\/www.caririemacao.com\/1\/wp-json\/wp\/v2\/media?parent=43349"}],"wp:term":[{"taxonomy":"category","embeddable":true,"href":"https:\/\/www.caririemacao.com\/1\/wp-json\/wp\/v2\/categories?post=43349"},{"taxonomy":"post_tag","embeddable":true,"href":"https:\/\/www.caririemacao.com\/1\/wp-json\/wp\/v2\/tags?post=43349"}],"curies":[{"name":"wp","href":"https:\/\/api.w.org\/{rel}","templated":true}]}}