{"id":43352,"date":"2018-03-08T09:18:05","date_gmt":"2018-03-08T12:18:05","guid":{"rendered":"http:\/\/caririemacao.com\/1\/?p=43352"},"modified":"2018-03-08T09:18:05","modified_gmt":"2018-03-08T12:18:05","slug":"detran-preve-para-o-mes-de-maio-a-entrega-da-cnh-digital-aos-condutores-de-veiculos-na-paraiba","status":"publish","type":"post","link":"https:\/\/www.caririemacao.com\/1\/2018\/03\/08\/detran-preve-para-o-mes-de-maio-a-entrega-da-cnh-digital-aos-condutores-de-veiculos-na-paraiba\/","title":{"rendered":"Detran prev\u00ea para o m\u00eas de maio a entrega da CNH Digital aos condutores de ve\u00edculos na Para\u00edba"},"content":{"rendered":"<p>A CNH Digital deve come\u00e7ar a ser entregue na Para\u00edba entre os meses de abril e maio. A Para\u00edba j\u00e1 se adequou \u00e0 base de dados nacional, conforme determina o Denatran. O prazo para que os Detrans nos estados montem sua log\u00edstica para atender os condutores \u00e9 at\u00e9 o dia 30 de junho.<\/p>\n<p>A CNH Digital vai ser gratuita. Os primeiros condutores que poder\u00e3o solicitar a CNH Digital s\u00e3o aqueles que j\u00e1 tem a CNH f\u00edsica com o QR Code em seu verso. Essas pessoas ter\u00e3o que ir ao Detran-PB no per\u00edodo em que for liberado o atendimento no \u00f3rg\u00e3o, segundo informou o\u00a0superintendente do Detran-PB, Agamenon Vieira.<\/p>\n<p>No pa\u00eds, o in\u00edcio da entrega estava previsto para fevereiro, mas foi adiado para 1\u00ba de julho.<\/p>\n<p><strong>CARIRI EM A\u00c7\u00c3O<\/strong><\/p>\n<p><em>Com Clik PB\/Foto: Reprodu\u00e7\u00e3o Internet<\/em><\/p>\n<p><strong>Leia mais not\u00edcias em\u00a0<\/strong><a href=\"http:\/\/www.caririemacao.com\/\"><strong>caririemacao.com<\/strong><\/a><strong>, siga nossa p\u00e1gina no\u00a0<\/strong><a href=\"https:\/\/www.facebook.com\/CaririEmAcao\/?ref=aymt_homepage_panel\"><strong>Facebook<\/strong><\/a>,<strong>\u00a0<\/strong><a href=\"https:\/\/www.instagram.com\/cariri_em_acao\/?hl=pt-br\"><strong>Instagram<\/strong><\/a><strong>\u00a0e\u00a0<\/strong><a href=\"https:\/\/www.youtube.com\/channel\/UCAptA0jQuYQy8vMhLt2m4qg\"><strong>Youtube<\/strong><\/a><strong>\u00a0e veja nossas mat\u00e9rias, v\u00eddeos e fotos. Voc\u00ea tamb\u00e9m pode enviar informa\u00e7\u00f5es \u00e0 Reda\u00e7\u00e3o do Portal Cariri em A\u00e7\u00e3o pelo WhatsApp (83) 9 9634.5791, (83) 9 9601-1162.<\/strong><\/p>\n","protected":false},"excerpt":{"rendered":"<p>A CNH Digital deve come\u00e7ar a ser entregue na Para\u00edba entre os meses de abril e maio. A Para\u00edba j\u00e1 se adequou \u00e0 base de&hellip; <\/p>\n","protected":false},"author":2,"featured_media":43353,"comment_status":"closed","ping_status":"closed","sticky":false,"template":"","format":"standard","meta":{"sfsi_plus_gutenberg_text_before_share":"","sfsi_plus_gutenberg_show_text_before_share":"","sfsi_plus_gutenberg_icon_type":"","sfsi_plus_gutenberg_icon_alignemt":"","sfsi_plus_gutenburg_max_per_row":"","footnotes":""},"categories":[2],"tags":[],"class_list":["post-43352","post","type-post","status-publish","format-standard","has-post-thumbnail","hentry","category-geral"],"_links":{"self":[{"href":"https:\/\/www.caririemacao.com\/1\/wp-json\/wp\/v2\/posts\/43352","targetHints":{"allow":["GET"]}}],"collection":[{"href":"https:\/\/www.caririemacao.com\/1\/wp-json\/wp\/v2\/posts"}],"about":[{"href":"https:\/\/www.caririemacao.com\/1\/wp-json\/wp\/v2\/types\/post"}],"author":[{"embeddable":true,"href":"https:\/\/www.caririemacao.com\/1\/wp-json\/wp\/v2\/users\/2"}],"replies":[{"embeddable":true,"href":"https:\/\/www.caririemacao.com\/1\/wp-json\/wp\/v2\/comments?post=43352"}],"version-history":[{"count":0,"href":"https:\/\/www.caririemacao.com\/1\/wp-json\/wp\/v2\/posts\/43352\/revisions"}],"wp:featuredmedia":[{"embeddable":true,"href":"https:\/\/www.caririemacao.com\/1\/wp-json\/wp\/v2\/media\/43353"}],"wp:attachment":[{"href":"https:\/\/www.caririemacao.com\/1\/wp-json\/wp\/v2\/media?parent=43352"}],"wp:term":[{"taxonomy":"category","embeddable":true,"href":"https:\/\/www.caririemacao.com\/1\/wp-json\/wp\/v2\/categories?post=43352"},{"taxonomy":"post_tag","embeddable":true,"href":"https:\/\/www.caririemacao.com\/1\/wp-json\/wp\/v2\/tags?post=43352"}],"curies":[{"name":"wp","href":"https:\/\/api.w.org\/{rel}","templated":true}]}}