{"id":43360,"date":"2018-03-08T09:46:51","date_gmt":"2018-03-08T12:46:51","guid":{"rendered":"http:\/\/caririemacao.com\/1\/?p=43360"},"modified":"2018-03-08T09:46:51","modified_gmt":"2018-03-08T12:46:51","slug":"camara-de-gurjao-emite-mensagem-pelo-dia-internacional-da-mulher","status":"publish","type":"post","link":"https:\/\/www.caririemacao.com\/1\/2018\/03\/08\/camara-de-gurjao-emite-mensagem-pelo-dia-internacional-da-mulher\/","title":{"rendered":"C\u00e2mara de Gurj\u00e3o emite mensagem pelo Dia Internacional da MULHER"},"content":{"rendered":"<p>Neste dia especial, dia 08 de mar\u00e7o, alusivo as mulheres de todo mundo, os vereadores que fazem o Poder Legislativo de Gurj\u00e3o v\u00eam de p\u00fablico desejar um Feliz Dia da Mulher, em especial, as mulheres gurjaenses.<\/p>\n<p>Confira abaixo, mensagem enviada pela C\u00e2mara Municipal de Gurj\u00e3o.<\/p>\n<p>\u201c\u00c9 com muito carinho que a C\u00e2mara de Vereadores de Gurj\u00e3o deseja que este dia seja especial para todas as mulheres, principalmente as gurjaenses.<\/p>\n<p>Parab\u00e9ns por tudo que j\u00e1 conquistaram nas lutas sociais, de direitos a igualdade, do respeito e excel\u00eancia de servi\u00e7o nas fun\u00e7\u00f5es que desempenham.<\/p>\n<p>A todas as mulheres, o respeito e todo merecidamente.<\/p>\n<p>Feliz Dia da Mulher<\/p>\n<p><strong>CARIRI EM A\u00c7\u00c3O<\/strong><\/p>\n<p><strong>Leia mais not\u00edcias em\u00a0<\/strong><a style=\"font-style: inherit; font-weight: inherit;\" href=\"http:\/\/www.caririemacao.com\/\"><strong style=\"font-style: inherit;\">caririemacao.com<\/strong><\/a><strong style=\"font-style: inherit;\">, siga nossa p\u00e1gina no\u00a0<\/strong><a style=\"font-style: inherit; font-weight: inherit;\" href=\"https:\/\/www.facebook.com\/CaririEmAcao\/?ref=aymt_homepage_panel\"><strong style=\"font-style: inherit;\">Facebook<\/strong><\/a>,<strong style=\"font-style: inherit;\">\u00a0<\/strong><a style=\"font-style: inherit; font-weight: inherit;\" href=\"https:\/\/www.instagram.com\/cariri_em_acao\/?hl=pt-br\"><strong style=\"font-style: inherit;\">Instagram<\/strong><\/a><strong style=\"font-style: inherit;\">\u00a0e\u00a0<\/strong><a style=\"font-style: inherit; font-weight: inherit;\" href=\"https:\/\/www.youtube.com\/channel\/UCAptA0jQuYQy8vMhLt2m4qg\"><strong style=\"font-style: inherit;\">Youtube<\/strong><\/a><strong style=\"font-style: inherit;\">\u00a0e veja nossas mat\u00e9rias, v\u00eddeos e fotos. Voc\u00ea tamb\u00e9m pode enviar informa\u00e7\u00f5es \u00e0 Reda\u00e7\u00e3o do Portal Cariri em A\u00e7\u00e3o pelo WhatsApp (83) 9 9634.5791, (83) 9 9601-1162.<\/strong><\/p>\n","protected":false},"excerpt":{"rendered":"<p>Neste dia especial, dia 08 de mar\u00e7o, alusivo as mulheres de todo mundo, os vereadores que fazem o Poder Legislativo de Gurj\u00e3o v\u00eam de p\u00fablico&hellip; <\/p>\n","protected":false},"author":2,"featured_media":43367,"comment_status":"closed","ping_status":"closed","sticky":false,"template":"","format":"standard","meta":{"sfsi_plus_gutenberg_text_before_share":"","sfsi_plus_gutenberg_show_text_before_share":"","sfsi_plus_gutenberg_icon_type":"","sfsi_plus_gutenberg_icon_alignemt":"","sfsi_plus_gutenburg_max_per_row":"","footnotes":""},"categories":[2],"tags":[],"class_list":["post-43360","post","type-post","status-publish","format-standard","has-post-thumbnail","hentry","category-geral"],"_links":{"self":[{"href":"https:\/\/www.caririemacao.com\/1\/wp-json\/wp\/v2\/posts\/43360","targetHints":{"allow":["GET"]}}],"collection":[{"href":"https:\/\/www.caririemacao.com\/1\/wp-json\/wp\/v2\/posts"}],"about":[{"href":"https:\/\/www.caririemacao.com\/1\/wp-json\/wp\/v2\/types\/post"}],"author":[{"embeddable":true,"href":"https:\/\/www.caririemacao.com\/1\/wp-json\/wp\/v2\/users\/2"}],"replies":[{"embeddable":true,"href":"https:\/\/www.caririemacao.com\/1\/wp-json\/wp\/v2\/comments?post=43360"}],"version-history":[{"count":0,"href":"https:\/\/www.caririemacao.com\/1\/wp-json\/wp\/v2\/posts\/43360\/revisions"}],"wp:featuredmedia":[{"embeddable":true,"href":"https:\/\/www.caririemacao.com\/1\/wp-json\/wp\/v2\/media\/43367"}],"wp:attachment":[{"href":"https:\/\/www.caririemacao.com\/1\/wp-json\/wp\/v2\/media?parent=43360"}],"wp:term":[{"taxonomy":"category","embeddable":true,"href":"https:\/\/www.caririemacao.com\/1\/wp-json\/wp\/v2\/categories?post=43360"},{"taxonomy":"post_tag","embeddable":true,"href":"https:\/\/www.caririemacao.com\/1\/wp-json\/wp\/v2\/tags?post=43360"}],"curies":[{"name":"wp","href":"https:\/\/api.w.org\/{rel}","templated":true}]}}