{"id":43361,"date":"2018-03-08T09:32:49","date_gmt":"2018-03-08T12:32:49","guid":{"rendered":"http:\/\/caririemacao.com\/1\/?p=43361"},"modified":"2018-03-08T09:32:49","modified_gmt":"2018-03-08T12:32:49","slug":"aprovados-no-concurso-da-uepb-sao-autorizados-a-fazer-pericia-medica-obrigatoria","status":"publish","type":"post","link":"https:\/\/www.caririemacao.com\/1\/2018\/03\/08\/aprovados-no-concurso-da-uepb-sao-autorizados-a-fazer-pericia-medica-obrigatoria\/","title":{"rendered":"Aprovados no concurso da UEPB s\u00e3o autorizados a fazer per\u00edcia m\u00e9dica obrigat\u00f3ria"},"content":{"rendered":"<div class=\"mc-column content-text active-extra-styles active-capital-letter\" data-block-type=\"unstyled\" data-block-weight=\"66\" data-block-id=\"2\">\n<p class=\"content-text__container theme-color-primary-first-letter\" data-track-category=\"Link no Texto\" data-track-links=\"\">Os candidatos aprovados no concurso da Universidade Estadual da Para\u00edba (UEPB) para servidores t\u00e9cnico-administrativos est\u00e3o autorizados a realizar a per\u00edcia m\u00e9dica obrigat\u00f3ria para a posse, segundo informou a Pr\u00f3-Reitoria de Gest\u00e3o de Pessoas (Progep) da institui\u00e7\u00e3o na quarta-feira (7). De acordo com o \u00f3rg\u00e3o, a per\u00edcia deve ser feita na Junta M\u00e9dica do Estado, em Jo\u00e3o Pessoa, mediante o agendamento, por meio do n\u00famero (83) 3214-7772.<\/p>\n<\/div>\n<div class=\"mc-column content-text active-extra-styles \" data-block-type=\"unstyled\" data-block-weight=\"21\" data-block-id=\"4\">\n<p class=\"content-text__container \" data-track-category=\"Link no Texto\" data-track-links=\"\">Segundo a Progep, para fazer a per\u00edcia, \u00e9 preciso apresentar a convoca\u00e7\u00e3o,\u00a0dispon\u00edvel em um edital pr\u00f3prio, al\u00e9m dos seguintes documentos:<\/p>\n<\/div>\n<div class=\"mc-column content-text active-extra-styles\" data-block-type=\"raw\" data-block-weight=\"23\" data-block-id=\"5\">\n<ul class=\"content-unordered-list\">\n<li>Atestado de sanidade mental, emitido por psiquiatra;<\/li>\n<li>Exame oftalmol\u00f3gico, com fundoscopia;<\/li>\n<li>Audiometria;<\/li>\n<li>Raio-X do t\u00f3rax;<\/li>\n<li>VDRL;<\/li>\n<li>Hemograma;<\/li>\n<li>Glicemia;<\/li>\n<li>Tipo sangu\u00edneo ABO e RH.<\/li>\n<\/ul>\n<\/div>\n<div data-track-category=\"fim do conteudo\" data-track-action=\"ultimo chunk conteudo\" data-track-noninteraction=\"false\" data-track-scroll=\"entrada completa viewport\">\n<div class=\"mc-column content-text active-extra-styles \" data-block-type=\"unstyled\" data-block-weight=\"41\" data-block-id=\"6\">\n<p class=\"content-text__container \" data-track-category=\"Link no Texto\" data-track-links=\"\">Ainda de acordo com a convoca\u00e7\u00e3o, est\u00e3o sendo agendados 10 atendimentos por dia, nos turnos da manh\u00e3 e tarde. A Junta M\u00e9dica da Para\u00edba fica localizada \u00e0 Rua Eug\u00eanio de Lucena Neiva, SN, no bairro Treze de Maio, em Jo\u00e3o Pessoa.<\/p>\n<p><strong>CARIRI EM A\u00c7\u00c3O<\/strong><\/p>\n<p><em>Com G1\/Foto: G1<\/em><\/p>\n<p><strong>Leia mais not\u00edcias em\u00a0<\/strong><a href=\"http:\/\/www.caririemacao.com\/\"><strong>caririemacao.com<\/strong><\/a><strong>, siga nossa p\u00e1gina no\u00a0<\/strong><a href=\"https:\/\/www.facebook.com\/CaririEmAcao\/?ref=aymt_homepage_panel\"><strong>Facebook<\/strong><\/a>,<strong>\u00a0<\/strong><a href=\"https:\/\/www.instagram.com\/cariri_em_acao\/?hl=pt-br\"><strong>Instagram<\/strong><\/a><strong>\u00a0e\u00a0<\/strong><a href=\"https:\/\/www.youtube.com\/channel\/UCAptA0jQuYQy8vMhLt2m4qg\"><strong>Youtube<\/strong><\/a><strong>\u00a0e veja nossas mat\u00e9rias, v\u00eddeos e fotos. Voc\u00ea tamb\u00e9m pode enviar informa\u00e7\u00f5es \u00e0 Reda\u00e7\u00e3o do Portal Cariri em A\u00e7\u00e3o pelo WhatsApp (83) 9 9634.5791, (83) 9 9601-1162.<\/strong><\/p>\n<\/div>\n<\/div>\n","protected":false},"excerpt":{"rendered":"<p>Os candidatos aprovados no concurso da Universidade Estadual da Para\u00edba (UEPB) para servidores t\u00e9cnico-administrativos est\u00e3o autorizados a realizar a per\u00edcia m\u00e9dica obrigat\u00f3ria para a posse,&hellip; <\/p>\n","protected":false},"author":2,"featured_media":43362,"comment_status":"closed","ping_status":"closed","sticky":false,"template":"","format":"standard","meta":{"sfsi_plus_gutenberg_text_before_share":"","sfsi_plus_gutenberg_show_text_before_share":"","sfsi_plus_gutenberg_icon_type":"","sfsi_plus_gutenberg_icon_alignemt":"","sfsi_plus_gutenburg_max_per_row":"","footnotes":""},"categories":[14],"tags":[],"class_list":["post-43361","post","type-post","status-publish","format-standard","has-post-thumbnail","hentry","category-educacao"],"_links":{"self":[{"href":"https:\/\/www.caririemacao.com\/1\/wp-json\/wp\/v2\/posts\/43361","targetHints":{"allow":["GET"]}}],"collection":[{"href":"https:\/\/www.caririemacao.com\/1\/wp-json\/wp\/v2\/posts"}],"about":[{"href":"https:\/\/www.caririemacao.com\/1\/wp-json\/wp\/v2\/types\/post"}],"author":[{"embeddable":true,"href":"https:\/\/www.caririemacao.com\/1\/wp-json\/wp\/v2\/users\/2"}],"replies":[{"embeddable":true,"href":"https:\/\/www.caririemacao.com\/1\/wp-json\/wp\/v2\/comments?post=43361"}],"version-history":[{"count":0,"href":"https:\/\/www.caririemacao.com\/1\/wp-json\/wp\/v2\/posts\/43361\/revisions"}],"wp:featuredmedia":[{"embeddable":true,"href":"https:\/\/www.caririemacao.com\/1\/wp-json\/wp\/v2\/media\/43362"}],"wp:attachment":[{"href":"https:\/\/www.caririemacao.com\/1\/wp-json\/wp\/v2\/media?parent=43361"}],"wp:term":[{"taxonomy":"category","embeddable":true,"href":"https:\/\/www.caririemacao.com\/1\/wp-json\/wp\/v2\/categories?post=43361"},{"taxonomy":"post_tag","embeddable":true,"href":"https:\/\/www.caririemacao.com\/1\/wp-json\/wp\/v2\/tags?post=43361"}],"curies":[{"name":"wp","href":"https:\/\/api.w.org\/{rel}","templated":true}]}}