{"id":43364,"date":"2018-03-08T09:44:54","date_gmt":"2018-03-08T12:44:54","guid":{"rendered":"http:\/\/caririemacao.com\/1\/?p=43364"},"modified":"2018-03-08T09:44:54","modified_gmt":"2018-03-08T12:44:54","slug":"ciro-gomes-duvida-da-candidatura-de-temer-e-faz-afago-em-lula","status":"publish","type":"post","link":"https:\/\/www.caririemacao.com\/1\/2018\/03\/08\/ciro-gomes-duvida-da-candidatura-de-temer-e-faz-afago-em-lula\/","title":{"rendered":"Ciro Gomes duvida da candidatura de Temer e faz afago em Lula"},"content":{"rendered":"<p><span class=\"news_capital_letter\">P<\/span>r\u00e9-candidato do PDT \u00e0 Presid\u00eancia da Rep\u00fablica, o ex-ministro Ciro Gomes disse duvidar da poss\u00edvel candidatura \u00e0 reelei\u00e7\u00e3o do presidente Michel Temer. &#8220;Eu duvido bastante por indig\u00eancia eleitoral aguda&#8221;, ironizou o ex-ministro. Entre os poss\u00edveis candidatos, Temer \u00e9 o que tem atualmente o maior \u00edndice de rejei\u00e7\u00e3o e menos de dois d\u00edgitos de aprova\u00e7\u00e3o popular de seu governo.<\/p>\n<p>Ciro, no entanto, tamb\u00e9m aparece com menos de dois d\u00edgitos nas pesquisas de inten\u00e7\u00e3o de voto, mas ainda assim segue na frente do emedebista. Ap\u00f3s participar de reuni\u00e3o da bancada na lideran\u00e7a do PDT na C\u00e2mara, Ciro disse que al\u00e9m dele, h\u00e1 outros quatro candidatos com chances de crescimento nas pesquisas sem a candidatura do ex-presidente Luiz In\u00e1cio Lula da Silva: o tucano Geraldo Alckmin, o presidente da C\u00e2mara Rodrigo Maia (DEM-RJ) e o deputado Jair Bolsonaro (PSL-RJ), os tr\u00eas no mesmo campo, e a de Marina Silva (Rede), disputando o mesmo eleitorado com ele. &#8220;Parece que a disputa ser\u00e1 entre n\u00f3s (grupo de Ciro) e Alckmin&#8221;, previu.<\/p>\n<p>Em um afago p\u00fablico a Lula, Ciro disse que o petista segue na frente das pesquisas por merecimento, que Lula \u00e9 o \u00fanico a liderar uma candidatura hegem\u00f4nica e que ele n\u00e3o deixar\u00e1 de ser ouvido em qualquer circunst\u00e2ncia. O ex-ministro fez quest\u00e3o de dizer que sempre esteve pr\u00f3ximo de Lula nos \u00faltimos.<\/p>\n<p>&#8220;Faz 16 anos que ajudo Lula, melhor que qualquer ret\u00f3rica \u00e9 o testemunho de vida&#8221;, disse. &#8220;Se isso n\u00e3o falar por si, \u00e9 porque h\u00e1 muita intriga tentando desfazer uma realidade de vida&#8221;, completou. O PDT lan\u00e7ar\u00e1 a pr\u00e9-candidatura de Ciro amanh\u00e3 em evento na sede do partido.<\/p>\n<p><strong>CARIRI EM A\u00c7\u00c3O<\/strong><\/p>\n<p><em>Com Pol\u00edtica ao Minuto\/Foto: Reprodu\u00e7\u00e3o Internet<\/em><\/p>\n<p><strong>Leia mais not\u00edcias em\u00a0<\/strong><a href=\"http:\/\/www.caririemacao.com\/\"><strong>caririemacao.com<\/strong><\/a><strong>, siga nossa p\u00e1gina no\u00a0<\/strong><a href=\"https:\/\/www.facebook.com\/CaririEmAcao\/?ref=aymt_homepage_panel\"><strong>Facebook<\/strong><\/a>,<strong>\u00a0<\/strong><a href=\"https:\/\/www.instagram.com\/cariri_em_acao\/?hl=pt-br\"><strong>Instagram<\/strong><\/a><strong>\u00a0e\u00a0<\/strong><a href=\"https:\/\/www.youtube.com\/channel\/UCAptA0jQuYQy8vMhLt2m4qg\"><strong>Youtube<\/strong><\/a><strong>\u00a0e veja nossas mat\u00e9rias, v\u00eddeos e fotos. Voc\u00ea tamb\u00e9m pode enviar informa\u00e7\u00f5es \u00e0 Reda\u00e7\u00e3o do Portal Cariri em A\u00e7\u00e3o pelo WhatsApp (83) 9 9634.5791, (83) 9 9601-1162.<\/strong><\/p>\n","protected":false},"excerpt":{"rendered":"<p>Pr\u00e9-candidato do PDT \u00e0 Presid\u00eancia da Rep\u00fablica, o ex-ministro Ciro Gomes disse duvidar da poss\u00edvel candidatura \u00e0 reelei\u00e7\u00e3o do presidente Michel Temer. &#8220;Eu duvido bastante&hellip; <\/p>\n","protected":false},"author":2,"featured_media":18653,"comment_status":"closed","ping_status":"closed","sticky":false,"template":"","format":"standard","meta":{"sfsi_plus_gutenberg_text_before_share":"","sfsi_plus_gutenberg_show_text_before_share":"","sfsi_plus_gutenberg_icon_type":"","sfsi_plus_gutenberg_icon_alignemt":"","sfsi_plus_gutenburg_max_per_row":"","footnotes":""},"categories":[1],"tags":[],"class_list":["post-43364","post","type-post","status-publish","format-standard","has-post-thumbnail","hentry","category-o-site"],"_links":{"self":[{"href":"https:\/\/www.caririemacao.com\/1\/wp-json\/wp\/v2\/posts\/43364","targetHints":{"allow":["GET"]}}],"collection":[{"href":"https:\/\/www.caririemacao.com\/1\/wp-json\/wp\/v2\/posts"}],"about":[{"href":"https:\/\/www.caririemacao.com\/1\/wp-json\/wp\/v2\/types\/post"}],"author":[{"embeddable":true,"href":"https:\/\/www.caririemacao.com\/1\/wp-json\/wp\/v2\/users\/2"}],"replies":[{"embeddable":true,"href":"https:\/\/www.caririemacao.com\/1\/wp-json\/wp\/v2\/comments?post=43364"}],"version-history":[{"count":0,"href":"https:\/\/www.caririemacao.com\/1\/wp-json\/wp\/v2\/posts\/43364\/revisions"}],"wp:featuredmedia":[{"embeddable":true,"href":"https:\/\/www.caririemacao.com\/1\/wp-json\/wp\/v2\/media\/18653"}],"wp:attachment":[{"href":"https:\/\/www.caririemacao.com\/1\/wp-json\/wp\/v2\/media?parent=43364"}],"wp:term":[{"taxonomy":"category","embeddable":true,"href":"https:\/\/www.caririemacao.com\/1\/wp-json\/wp\/v2\/categories?post=43364"},{"taxonomy":"post_tag","embeddable":true,"href":"https:\/\/www.caririemacao.com\/1\/wp-json\/wp\/v2\/tags?post=43364"}],"curies":[{"name":"wp","href":"https:\/\/api.w.org\/{rel}","templated":true}]}}