{"id":43369,"date":"2018-03-08T09:53:44","date_gmt":"2018-03-08T12:53:44","guid":{"rendered":"http:\/\/caririemacao.com\/1\/?p=43369"},"modified":"2018-03-08T09:53:44","modified_gmt":"2018-03-08T12:53:44","slug":"presidente-da-camara-de-gurjao-deseja-um-feliz-dia-da-mulher","status":"publish","type":"post","link":"https:\/\/www.caririemacao.com\/1\/2018\/03\/08\/presidente-da-camara-de-gurjao-deseja-um-feliz-dia-da-mulher\/","title":{"rendered":"Presidente da C\u00e2mara de Gurj\u00e3o deseja um feliz Dia da Mulher"},"content":{"rendered":"<p>O presidente da C\u00e2mara Municipal Legislativo de Gurj\u00e3o, Adailsinho Queiroz, aproveita a data comemorativa ao Dia Internacional da Mulher para expressar a import\u00e2ncia da mulher na sociedade e os avan\u00e7os de igualdade conseguidos nos \u00faltimos anos e as lutas que ainda vir\u00e3o.<\/p>\n<p>Veja abaixo a mensagem do presidente Adailsinho Queiroz:<\/p>\n<p><strong>\u00a0\u201cMulher, voc\u00ea que \u00e9 m\u00e3e, esposa, amiga e companheira, quero neste momento agradec\u00ea-las por tudo que proporcionam em nossas vidas. Que este Dia Internacional da Mulher sirva para que todos tenham a consci\u00eancia de que a mulher precisa ser admirada, amada e respeitada em nossa sociedade sempre\u201d.<\/strong><\/p>\n<p><strong>CARIRI EM A\u00c7\u00c3O<\/strong><\/p>\n<p><strong>Leia mais not\u00edcias em\u00a0<\/strong><a style=\"font-style: inherit; font-weight: inherit;\" href=\"http:\/\/www.caririemacao.com\/\"><strong style=\"font-style: inherit;\">caririemacao.com<\/strong><\/a><strong style=\"font-style: inherit;\">, siga nossa p\u00e1gina no\u00a0<\/strong><a style=\"font-style: inherit; font-weight: inherit;\" href=\"https:\/\/www.facebook.com\/CaririEmAcao\/?ref=aymt_homepage_panel\"><strong style=\"font-style: inherit;\">Facebook<\/strong><\/a>,<strong style=\"font-style: inherit;\">\u00a0<\/strong><a style=\"font-style: inherit; font-weight: inherit;\" href=\"https:\/\/www.instagram.com\/cariri_em_acao\/?hl=pt-br\"><strong style=\"font-style: inherit;\">Instagram<\/strong><\/a><strong style=\"font-style: inherit;\">\u00a0e\u00a0<\/strong><a style=\"font-style: inherit; font-weight: inherit;\" href=\"https:\/\/www.youtube.com\/channel\/UCAptA0jQuYQy8vMhLt2m4qg\"><strong style=\"font-style: inherit;\">Youtube<\/strong><\/a><strong style=\"font-style: inherit;\">\u00a0e veja nossas mat\u00e9rias, v\u00eddeos e fotos. Voc\u00ea tamb\u00e9m pode enviar informa\u00e7\u00f5es \u00e0 Reda\u00e7\u00e3o do Portal Cariri em A\u00e7\u00e3o pelo WhatsApp (83) 9 9634.5791, (83) 9 9601-1162.<\/strong><\/p>\n","protected":false},"excerpt":{"rendered":"<p>O presidente da C\u00e2mara Municipal Legislativo de Gurj\u00e3o, Adailsinho Queiroz, aproveita a data comemorativa ao Dia Internacional da Mulher para expressar a import\u00e2ncia da mulher&hellip; <\/p>\n","protected":false},"author":2,"featured_media":43370,"comment_status":"closed","ping_status":"closed","sticky":false,"template":"","format":"standard","meta":{"sfsi_plus_gutenberg_text_before_share":"","sfsi_plus_gutenberg_show_text_before_share":"","sfsi_plus_gutenberg_icon_type":"","sfsi_plus_gutenberg_icon_alignemt":"","sfsi_plus_gutenburg_max_per_row":"","footnotes":""},"categories":[6],"tags":[],"class_list":["post-43369","post","type-post","status-publish","format-standard","has-post-thumbnail","hentry","category-cidades"],"_links":{"self":[{"href":"https:\/\/www.caririemacao.com\/1\/wp-json\/wp\/v2\/posts\/43369","targetHints":{"allow":["GET"]}}],"collection":[{"href":"https:\/\/www.caririemacao.com\/1\/wp-json\/wp\/v2\/posts"}],"about":[{"href":"https:\/\/www.caririemacao.com\/1\/wp-json\/wp\/v2\/types\/post"}],"author":[{"embeddable":true,"href":"https:\/\/www.caririemacao.com\/1\/wp-json\/wp\/v2\/users\/2"}],"replies":[{"embeddable":true,"href":"https:\/\/www.caririemacao.com\/1\/wp-json\/wp\/v2\/comments?post=43369"}],"version-history":[{"count":0,"href":"https:\/\/www.caririemacao.com\/1\/wp-json\/wp\/v2\/posts\/43369\/revisions"}],"wp:featuredmedia":[{"embeddable":true,"href":"https:\/\/www.caririemacao.com\/1\/wp-json\/wp\/v2\/media\/43370"}],"wp:attachment":[{"href":"https:\/\/www.caririemacao.com\/1\/wp-json\/wp\/v2\/media?parent=43369"}],"wp:term":[{"taxonomy":"category","embeddable":true,"href":"https:\/\/www.caririemacao.com\/1\/wp-json\/wp\/v2\/categories?post=43369"},{"taxonomy":"post_tag","embeddable":true,"href":"https:\/\/www.caririemacao.com\/1\/wp-json\/wp\/v2\/tags?post=43369"}],"curies":[{"name":"wp","href":"https:\/\/api.w.org\/{rel}","templated":true}]}}