{"id":43373,"date":"2018-03-08T10:00:42","date_gmt":"2018-03-08T13:00:42","guid":{"rendered":"http:\/\/caririemacao.com\/1\/?p=43373"},"modified":"2018-03-08T10:00:42","modified_gmt":"2018-03-08T13:00:42","slug":"vereador-junior-envia-mensagem-as-mulheres-gurjaenses","status":"publish","type":"post","link":"https:\/\/www.caririemacao.com\/1\/2018\/03\/08\/vereador-junior-envia-mensagem-as-mulheres-gurjaenses\/","title":{"rendered":"Vereador J\u00fanior envia mensagem as mulheres gurjaenses"},"content":{"rendered":"<p>O vereador de Gurj\u00e3o, J\u00fanior Morais, nesta data especial, dia 08 de mar\u00e7o, deseja um Feliz Dia Internacional da Mulher as mulheres gurjaenses.<\/p>\n<p>Em mensagem, J\u00fanior fala da import\u00e2ncia da mulher e seu papel na sociedade. Veja abaixo a mensagem do vereador J\u00fanior:<\/p>\n<p><strong>\u201cQuero aqui parabenizar todas as mulheres do munic\u00edpio pela comemora\u00e7\u00e3o do Dia Internacional da Mulher. Sabemos da import\u00e2ncia de cada uma para a nossa sociedade e a busca incessante pela igualdade de condi\u00e7\u00f5es. Parab\u00e9ns mulher Gurjaenses!\u201d<\/strong><\/p>\n<p><strong>CARIRI EM A\u00c7\u00c3O<\/strong><\/p>\n<p><strong>Leia mais not\u00edcias em\u00a0<\/strong><a style=\"font-style: inherit; font-weight: inherit;\" href=\"http:\/\/www.caririemacao.com\/\"><strong style=\"font-style: inherit;\">caririemacao.com<\/strong><\/a><strong style=\"font-style: inherit;\">, siga nossa p\u00e1gina no\u00a0<\/strong><a style=\"font-style: inherit; font-weight: inherit;\" href=\"https:\/\/www.facebook.com\/CaririEmAcao\/?ref=aymt_homepage_panel\"><strong style=\"font-style: inherit;\">Facebook<\/strong><\/a>,<strong style=\"font-style: inherit;\">\u00a0<\/strong><a style=\"font-style: inherit; font-weight: inherit;\" href=\"https:\/\/www.instagram.com\/cariri_em_acao\/?hl=pt-br\"><strong style=\"font-style: inherit;\">Instagram<\/strong><\/a><strong style=\"font-style: inherit;\">\u00a0e\u00a0<\/strong><a style=\"font-style: inherit; font-weight: inherit;\" href=\"https:\/\/www.youtube.com\/channel\/UCAptA0jQuYQy8vMhLt2m4qg\"><strong style=\"font-style: inherit;\">Youtube<\/strong><\/a><strong style=\"font-style: inherit;\">\u00a0e veja nossas mat\u00e9rias, v\u00eddeos e fotos. Voc\u00ea tamb\u00e9m pode enviar informa\u00e7\u00f5es \u00e0 Reda\u00e7\u00e3o do Portal Cariri em A\u00e7\u00e3o pelo WhatsApp (83) 9 9634.5791, (83) 9 9601-1162.<\/strong><\/p>\n","protected":false},"excerpt":{"rendered":"<p>O vereador de Gurj\u00e3o, J\u00fanior Morais, nesta data especial, dia 08 de mar\u00e7o, deseja um Feliz Dia Internacional da Mulher as mulheres gurjaenses. Em mensagem,&hellip; <\/p>\n","protected":false},"author":2,"featured_media":43374,"comment_status":"closed","ping_status":"closed","sticky":false,"template":"","format":"standard","meta":{"sfsi_plus_gutenberg_text_before_share":"","sfsi_plus_gutenberg_show_text_before_share":"","sfsi_plus_gutenberg_icon_type":"","sfsi_plus_gutenberg_icon_alignemt":"","sfsi_plus_gutenburg_max_per_row":"","footnotes":""},"categories":[11],"tags":[],"class_list":["post-43373","post","type-post","status-publish","format-standard","has-post-thumbnail","hentry","category-politica"],"_links":{"self":[{"href":"https:\/\/www.caririemacao.com\/1\/wp-json\/wp\/v2\/posts\/43373","targetHints":{"allow":["GET"]}}],"collection":[{"href":"https:\/\/www.caririemacao.com\/1\/wp-json\/wp\/v2\/posts"}],"about":[{"href":"https:\/\/www.caririemacao.com\/1\/wp-json\/wp\/v2\/types\/post"}],"author":[{"embeddable":true,"href":"https:\/\/www.caririemacao.com\/1\/wp-json\/wp\/v2\/users\/2"}],"replies":[{"embeddable":true,"href":"https:\/\/www.caririemacao.com\/1\/wp-json\/wp\/v2\/comments?post=43373"}],"version-history":[{"count":0,"href":"https:\/\/www.caririemacao.com\/1\/wp-json\/wp\/v2\/posts\/43373\/revisions"}],"wp:featuredmedia":[{"embeddable":true,"href":"https:\/\/www.caririemacao.com\/1\/wp-json\/wp\/v2\/media\/43374"}],"wp:attachment":[{"href":"https:\/\/www.caririemacao.com\/1\/wp-json\/wp\/v2\/media?parent=43373"}],"wp:term":[{"taxonomy":"category","embeddable":true,"href":"https:\/\/www.caririemacao.com\/1\/wp-json\/wp\/v2\/categories?post=43373"},{"taxonomy":"post_tag","embeddable":true,"href":"https:\/\/www.caririemacao.com\/1\/wp-json\/wp\/v2\/tags?post=43373"}],"curies":[{"name":"wp","href":"https:\/\/api.w.org\/{rel}","templated":true}]}}