{"id":43522,"date":"2018-03-09T09:34:33","date_gmt":"2018-03-09T12:34:33","guid":{"rendered":"http:\/\/caririemacao.com\/1\/?p=43522"},"modified":"2018-03-09T09:34:33","modified_gmt":"2018-03-09T12:34:33","slug":"veiculos-do-brasil-terao-de-trocar-suas-placas-para-seguir-o-padrao-mercosul","status":"publish","type":"post","link":"https:\/\/www.caririemacao.com\/1\/2018\/03\/09\/veiculos-do-brasil-terao-de-trocar-suas-placas-para-seguir-o-padrao-mercosul\/","title":{"rendered":"Ve\u00edculos do Brasil ter\u00e3o de trocar suas placas para seguir o padr\u00e3o Mercosul"},"content":{"rendered":"<p>Toda a frota brasileira ter\u00e1 que trocar as atuais placas de identifica\u00e7\u00e3o do ve\u00edculo por outras que seguem o padr\u00e3o dos pa\u00edses que comp\u00f5em o Mercosul. O prazo para que essas mudan\u00e7as sejam executadas \u00e9 at\u00e9 2023.<\/p>\n<p>A resolu\u00e7\u00e3o deve ser publicada no \u201cDi\u00e1rio Oficial\u201d da Uni\u00e3o (DOU) desta quinta-feira (8) e determina que os carros novos adotem a nova placa at\u00e9 1\u00ba de setembro de 2018.<\/p>\n<p>A placa no padr\u00e3o Mercosul deve ser usada em todos os ve\u00edculos do pa\u00eds at\u00e9 31 de dezembro de 2023. Caber\u00e1 ao \u00f3rg\u00e3o de tr\u00e2nsito de cada estado determinar a data de in\u00edcio da implementa\u00e7\u00e3o da nova placa.<\/p>\n<p><strong>Modelo da placa<\/strong><\/p>\n<p>Agora as placas ter\u00e3o fundo branco com margem superior azul, tendo, ao lado esquerdo, o logotipo do Mercosul. Ao lado direito, ficar\u00e1 a bandeira do Brasil e, ao centro, o nome do pa\u00eds.<\/p>\n<p>\u201cO atual modelo com tr\u00eas letras e quatro n\u00fameros ser\u00e1 substitu\u00eddo por outro com sete caracteres alfanum\u00e9ricos (letras e n\u00fameros), com combina\u00e7\u00e3o aleat\u00f3ria que ser\u00e1 fornecida e controlada pelo Denatran (Departamento Nacional de Tr\u00e2nsito). O \u00faltimo caractere da placa ser\u00e1 sempre um numeral\u201d, diz a resolu\u00e7\u00e3o.<\/p>\n<p>De acordo com o texto, as placas ter\u00e3o um chip e c\u00f3digo de barras bidimensionais din\u00e2micos, os \u201cQR code\u201d, e que devem ser homologadas junto ao Denatran.<\/p>\n<p>A cor dos caracteres alfanum\u00e9ricos e das bordas da placa de identifica\u00e7\u00e3o veicular ser\u00e1 determinada conforme a categoria dos ve\u00edculos. S\u00e3o elas:<\/p>\n<p>-preta para carros particulares;<br \/>\n-vermelha para comerciais;<br \/>\n-azul para carro oficial ou de representa\u00e7\u00e3o;<br \/>\n-dourada para diplom\u00e1tico\/consular;<br \/>\n-verde para especiais (experi\u00eancia e fabricantes de ve\u00edculos, pe\u00e7as e implementos);<br \/>\n-cinza prata para ve\u00edculos de cole\u00e7\u00e3o.<\/p>\n<p><strong>CARIRI EM A\u00c7\u00c3O<\/strong><\/p>\n<p><em>Com Pol\u00eamica PB\/Foto: Reprodu\u00e7\u00e3o Internet<\/em><\/p>\n<p><strong>Leia mais not\u00edcias em\u00a0<\/strong><a href=\"http:\/\/www.caririemacao.com\/\"><strong>caririemacao.com<\/strong><\/a><strong>, siga nossa p\u00e1gina no\u00a0<\/strong><a href=\"https:\/\/www.facebook.com\/CaririEmAcao\/?ref=aymt_homepage_panel\"><strong>Facebook<\/strong><\/a>,<strong>\u00a0<\/strong><a href=\"https:\/\/www.instagram.com\/cariri_em_acao\/?hl=pt-br\"><strong>Instagram<\/strong><\/a><strong>\u00a0e <\/strong><a href=\"https:\/\/www.youtube.com\/channel\/UCAptA0jQuYQy8vMhLt2m4qg\"><strong>Youtube<\/strong><\/a><strong>\u00a0e veja nossas mat\u00e9rias, v\u00eddeos e fotos. Voc\u00ea tamb\u00e9m pode enviar informa\u00e7\u00f5es \u00e0 Reda\u00e7\u00e3o do Portal Cariri em A\u00e7\u00e3o pelo WhatsApp (83) 9 9634.5791, (83) 9 9601-1162.<\/strong><\/p>\n","protected":false},"excerpt":{"rendered":"<p>Toda a frota brasileira ter\u00e1 que trocar as atuais placas de identifica\u00e7\u00e3o do ve\u00edculo por outras que seguem o padr\u00e3o dos pa\u00edses que comp\u00f5em o&hellip; <\/p>\n","protected":false},"author":2,"featured_media":43547,"comment_status":"closed","ping_status":"closed","sticky":false,"template":"","format":"standard","meta":{"sfsi_plus_gutenberg_text_before_share":"","sfsi_plus_gutenberg_show_text_before_share":"","sfsi_plus_gutenberg_icon_type":"","sfsi_plus_gutenberg_icon_alignemt":"","sfsi_plus_gutenburg_max_per_row":"","footnotes":""},"categories":[2],"tags":[],"class_list":["post-43522","post","type-post","status-publish","format-standard","has-post-thumbnail","hentry","category-geral"],"_links":{"self":[{"href":"https:\/\/www.caririemacao.com\/1\/wp-json\/wp\/v2\/posts\/43522","targetHints":{"allow":["GET"]}}],"collection":[{"href":"https:\/\/www.caririemacao.com\/1\/wp-json\/wp\/v2\/posts"}],"about":[{"href":"https:\/\/www.caririemacao.com\/1\/wp-json\/wp\/v2\/types\/post"}],"author":[{"embeddable":true,"href":"https:\/\/www.caririemacao.com\/1\/wp-json\/wp\/v2\/users\/2"}],"replies":[{"embeddable":true,"href":"https:\/\/www.caririemacao.com\/1\/wp-json\/wp\/v2\/comments?post=43522"}],"version-history":[{"count":0,"href":"https:\/\/www.caririemacao.com\/1\/wp-json\/wp\/v2\/posts\/43522\/revisions"}],"wp:featuredmedia":[{"embeddable":true,"href":"https:\/\/www.caririemacao.com\/1\/wp-json\/wp\/v2\/media\/43547"}],"wp:attachment":[{"href":"https:\/\/www.caririemacao.com\/1\/wp-json\/wp\/v2\/media?parent=43522"}],"wp:term":[{"taxonomy":"category","embeddable":true,"href":"https:\/\/www.caririemacao.com\/1\/wp-json\/wp\/v2\/categories?post=43522"},{"taxonomy":"post_tag","embeddable":true,"href":"https:\/\/www.caririemacao.com\/1\/wp-json\/wp\/v2\/tags?post=43522"}],"curies":[{"name":"wp","href":"https:\/\/api.w.org\/{rel}","templated":true}]}}