{"id":43560,"date":"2018-03-09T12:54:05","date_gmt":"2018-03-09T15:54:05","guid":{"rendered":"http:\/\/caririemacao.com\/1\/?p=43560"},"modified":"2018-03-09T12:54:05","modified_gmt":"2018-03-09T15:54:05","slug":"ipem-inmetro-e-policia-civil-descobrem-fraudes-em-tres-postos-de-combustiveis-em-caruaru-e-toritama","status":"publish","type":"post","link":"https:\/\/www.caririemacao.com\/1\/2018\/03\/09\/ipem-inmetro-e-policia-civil-descobrem-fraudes-em-tres-postos-de-combustiveis-em-caruaru-e-toritama\/","title":{"rendered":"IPEM, INMETRO e Pol\u00edcia Civil descobrem fraudes em tr\u00eas postos de combust\u00edveis em Caruaru e Toritama"},"content":{"rendered":"<p style=\"font-weight: 400;\">O IPEM, o INMETRO e a Pol\u00edcia Civil deflagraram uma opera\u00e7\u00e3o nesta quinta-feira (08) numa rede de postos de combust\u00edveis pertencente ao mesmo propriet\u00e1rio Abdias Marcolino dos Santos Junior. Em Toritama as margens da BR 104, no in\u00edcio da Avenida Jo\u00e3o Manoel e dois em Caruaru, um na Avenida C\u00edcero Jos\u00e9 Dutra, na rua da Fafica, no bairro Petr\u00f3polis e o outro ao lado do Bonanza, do bairro S\u00e3o Francisco e todos os estabelecimentos, os fiscais constataram que cerca de 14% da gasolina era roubada dos clientes, exemplo o cliente pedia para colocar a gasolina e a bomba roubava a diferen\u00e7a e marcava o valor que n\u00e3o condizia com a realidade.<\/p>\n<p style=\"font-weight: 400;\">Recentemente um consumidor divulgou nas redes sociais que o Posto Imperador, na Avenida C\u00edcero Jos\u00e9 Dutra, mesma rua da Faculdade Fafica, no bairro Petr\u00f3polis, estaria fraudando os compradores, isso viralizou nas redes sociais e pouco tempo depois o IPEM e o INMETRO fizeram uma fiscaliza\u00e7\u00e3o, por\u00e9m n\u00e3o constataram a irregularidade denunciada, o consumidor afirmou que foi ao posto com um recipiente de 5 litros, mandou encher e a bomba marcou 6 litros e agora todos sabem que ele estava com a raz\u00e3o e outros milhares de consumidores podem ter sido lesados.<\/p>\n<p style=\"font-weight: 400;\">A coordenadora de Metrologia do IPEM \u2013 Instituto de Pesos e Medidas de Pernambuco,\u00a0<b><strong>Dra. Edna Menezes<\/strong><\/b>, falou que em todos os postos tinha um sistema que funcionava atrav\u00e9s de uma central e esse acionamento era feito por funcion\u00e1rios. Foram descobertos disjuntores e tomadas nos tr\u00eas estabelecimentos, que eram acionados sem que ningu\u00e9m percebesse e tamb\u00e9m eram desativados quando chegava a fiscaliza\u00e7\u00e3o.<\/p>\n<p style=\"font-weight: 400;\">O delegado da 89\u00aa Circunscri\u00e7\u00e3o Policial (2\u00aa DP de Caruaru),\u00a0<b><strong>Dr. Thiago Henrique,\u00a0<\/strong><\/b>\u00e9 quem est\u00e1 presidindo o inqu\u00e9rito e informou que o dono do posto e alguns funcion\u00e1rios dever\u00e3o responder por v\u00e1rios crimes e que as investiga\u00e7\u00f5es foram apenas iniciadas e que a Pol\u00edcia Civil vai trabalhar forte para que os culpados sejam punidos.<\/p>\n<p style=\"font-weight: 400;\">O\u00a0propriet\u00e1rio dos postos,\u00a0<b><strong>Abdias Marcolino dos Santos Junior<\/strong><\/b>, j\u00e1 foi preso h\u00e1 tr\u00eas anos e meio, acusado de comandar uma quadrilha que fraudou mais de 5 milh\u00f5es de reais do INSS. A denominada Opera\u00e7\u00e3o Omni foi deflagrada em outubro de 2014 e foi realizada pela Pol\u00edcia Federal, Minist\u00e9rio P\u00fablico Federal e INSS e resultou na apreens\u00e3o de v\u00e1rios ve\u00edculos de luxo e nas pris\u00f5es de 14 pessoas.<\/p>\n<p><strong>CARIRI EM A\u00c7\u00c3O<\/strong><\/p>\n<p><em>Com Blog do Adielson Galv\u00e3o\/Foto: Divulga\u00e7\u00e3o \u00a0<\/em><\/p>\n<p><strong>Leia mais not\u00edcias em\u00a0<\/strong><a href=\"http:\/\/www.caririemacao.com\/\"><strong>caririemacao.com<\/strong><\/a><strong>, siga nossa p\u00e1gina no\u00a0<\/strong><a href=\"https:\/\/www.facebook.com\/CaririEmAcao\/?ref=aymt_homepage_panel\"><strong>Facebook<\/strong><\/a>,<strong>\u00a0<\/strong><a href=\"https:\/\/www.instagram.com\/cariri_em_acao\/?hl=pt-br\"><strong>Instagram<\/strong><\/a><strong>\u00a0e <\/strong><a href=\"https:\/\/www.youtube.com\/channel\/UCAptA0jQuYQy8vMhLt2m4qg\"><strong>Youtube<\/strong><\/a><strong>\u00a0e veja nossas mat\u00e9rias, v\u00eddeos e fotos. Voc\u00ea tamb\u00e9m pode enviar informa\u00e7\u00f5es \u00e0 Reda\u00e7\u00e3o do Portal Cariri em A\u00e7\u00e3o pelo WhatsApp (83) 9 9634.5791, (83) 9 9601-1162.<\/strong><\/p>\n","protected":false},"excerpt":{"rendered":"<p>O IPEM, o INMETRO e a Pol\u00edcia Civil deflagraram uma opera\u00e7\u00e3o nesta quinta-feira (08) numa rede de postos de combust\u00edveis pertencente ao mesmo propriet\u00e1rio Abdias&hellip; <\/p>\n","protected":false},"author":2,"featured_media":43561,"comment_status":"closed","ping_status":"closed","sticky":false,"template":"","format":"standard","meta":{"sfsi_plus_gutenberg_text_before_share":"","sfsi_plus_gutenberg_show_text_before_share":"","sfsi_plus_gutenberg_icon_type":"","sfsi_plus_gutenberg_icon_alignemt":"","sfsi_plus_gutenburg_max_per_row":"","footnotes":""},"categories":[12],"tags":[],"class_list":["post-43560","post","type-post","status-publish","format-standard","has-post-thumbnail","hentry","category-policia"],"_links":{"self":[{"href":"https:\/\/www.caririemacao.com\/1\/wp-json\/wp\/v2\/posts\/43560","targetHints":{"allow":["GET"]}}],"collection":[{"href":"https:\/\/www.caririemacao.com\/1\/wp-json\/wp\/v2\/posts"}],"about":[{"href":"https:\/\/www.caririemacao.com\/1\/wp-json\/wp\/v2\/types\/post"}],"author":[{"embeddable":true,"href":"https:\/\/www.caririemacao.com\/1\/wp-json\/wp\/v2\/users\/2"}],"replies":[{"embeddable":true,"href":"https:\/\/www.caririemacao.com\/1\/wp-json\/wp\/v2\/comments?post=43560"}],"version-history":[{"count":0,"href":"https:\/\/www.caririemacao.com\/1\/wp-json\/wp\/v2\/posts\/43560\/revisions"}],"wp:featuredmedia":[{"embeddable":true,"href":"https:\/\/www.caririemacao.com\/1\/wp-json\/wp\/v2\/media\/43561"}],"wp:attachment":[{"href":"https:\/\/www.caririemacao.com\/1\/wp-json\/wp\/v2\/media?parent=43560"}],"wp:term":[{"taxonomy":"category","embeddable":true,"href":"https:\/\/www.caririemacao.com\/1\/wp-json\/wp\/v2\/categories?post=43560"},{"taxonomy":"post_tag","embeddable":true,"href":"https:\/\/www.caririemacao.com\/1\/wp-json\/wp\/v2\/tags?post=43560"}],"curies":[{"name":"wp","href":"https:\/\/api.w.org\/{rel}","templated":true}]}}