{"id":43563,"date":"2018-03-09T13:10:20","date_gmt":"2018-03-09T16:10:20","guid":{"rendered":"http:\/\/caririemacao.com\/1\/?p=43563"},"modified":"2018-03-09T13:10:20","modified_gmt":"2018-03-09T16:10:20","slug":"bolsonaro-se-botar-mulheres-vou-ter-que-indicar-quantos-afrodescendentes","status":"publish","type":"post","link":"https:\/\/www.caririemacao.com\/1\/2018\/03\/09\/bolsonaro-se-botar-mulheres-vou-ter-que-indicar-quantos-afrodescendentes\/","title":{"rendered":"Bolsonaro: se botar mulheres, vou ter que indicar quantos afrodescendentes?"},"content":{"rendered":"<div>Eram 17h dessa quinta-feira (8\/3) Dia Internacional da Mulher, e o deputado Jair Bolsonaro (RJ), pr\u00e9-candidato \u00e0 Presid\u00eancia pelo PSL, ainda tinha outros tr\u00eas eventos p\u00fablicos pela frente em cidades do sul de Minas. Ele j\u00e1 tinha feito quatro sauda\u00e7\u00f5es \u00e0s mulheres pela efem\u00e9ride, sempre homenageando a m\u00e3e, que completa 91 anos no dia 28. Bolsonaro abriu todas as falas na linha: &#8220;Sem voc\u00eas n\u00e3o ser\u00edamos nada&#8221;.<\/div>\n<div><\/div>\n<div>Pouco depois da quarta sauda\u00e7\u00e3o, sentado na cadeira de presidente &#8211; da C\u00e2mara Municipal de Pouso Alegre -, o deputado foi questionado se aumentaria a participa\u00e7\u00e3o feminina em um eventual governo. &#8220;Respeito as mulheres, mas algu\u00e9m aqui quer a volta da Dilma (Rousseff) por acaso?&#8221;, disse o deputado. &#8220;N\u00e3o \u00e9 quest\u00e3o de g\u00eanero. Tem que botar quem d\u00ea conta do recado. Se botar as mulheres vou ter que indicar quantos afrodescendentes?&#8221;, completou. A pequena plateia que acompanhava a entrevista reagiu: &#8220;mito, mito&#8221;.<\/div>\n<div><\/div>\n<div>O pr\u00f3prio Bolsonaro falou sobre o &#8220;estigma&#8221; de machista que, segundo ele, a imprensa e os advers\u00e1rios tentam lhe imputar. &#8220;N\u00e3o \u00e9 isso, meu Deus do c\u00e9u? Me perguntam quem vai ser meu vice. Vai ser uma mulher para tirar aquele estigma de que voc\u00eas me acusam? Me apontem um \u00e1udio disso a\u00ed. Um discurso em que eu discrimino as mulheres&#8221;, desafiou.<\/div>\n<div><\/div>\n<div>Antes, ao ser recebido no Aeroporto de Viracopos, em Campinas (SP), Bolsonaro fez a primeira sauda\u00e7\u00e3o \u00e0s mulheres, mas, logo em seguida, derrapou. &#8220;N\u00e3o me fa\u00e7a pergunta idiota&#8221;, disse o deputado \u00e0 rep\u00f3rter de uma r\u00e1dio que o questionou sobre o imbr\u00f3glio com a deputada petista Maria do Ros\u00e1rio (RS), que lhe rendeu um processo por apologia ao estupro no Supremo Tribunal Federal. &#8220;Chora, Ros\u00e1rio&#8221;, gritavam os apoiadores.<\/div>\n<div><\/div>\n<div>Segundo a seguran\u00e7a do aeroporto, cerca de 200 pessoas, entre passageiros, trabalhadores e militantes, foram especialmente para prestar apoio a Bolsonaro. N\u00famero muito inferior \u00e0 previs\u00e3o de mil bolsonaristas repassada na v\u00e9spera pelos organizadores da recep\u00e7\u00e3o \u00e0 administra\u00e7\u00e3o de Viracopos.<\/div>\n<div><\/div>\n<div>Na rodovi\u00e1ria de Pouso Alegre, onde Bolsonaro fez a terceira sauda\u00e7\u00e3o do dia \u00e0s mulheres (a segunda foi em cima de um carro de som), o p\u00fablico tamb\u00e9m foi inferior \u00e0 expectativa dos organizadores. A Pol\u00edcia Militar n\u00e3o fez estimativas, mas, segundo policiais que estavam no local, menos de 400 pessoas acompanharam atentamente o discurso do pr\u00e9-candidato e vibraram com as frases mais agudas aos gritos de &#8220;mito, mito&#8221;.<\/div>\n<h3>Mobiliza\u00e7\u00e3o<\/h3>\n<div>Embora a passagem do deputado fluminense por Pouso Alegre, Borda da Mata, Ouro Fino e Monte Si\u00e3o tenha sido organizada por pastores evang\u00e9licos, havia empres\u00e1rios, estudantes, profissionais liberais, militares, ma\u00e7ons e curiosos, alguns deles mulheres.<\/div>\n<div><\/div>\n<div>&#8220;N\u00e3o gosto desse neg\u00f3cio de feminismo. Bolsonaro \u00e9 a favor da fam\u00edlia como era antigamente&#8221;, afirmou a microempres\u00e1ria Monica Carvalho, de 32 anos. As informa\u00e7\u00f5es s\u00e3o do jornal O Estado de S. Paulo.<\/div>\n<div>\n<p><strong>CARIRI EM A\u00c7\u00c3O<\/strong><\/p>\n<p><em>Com\u00a0Correio Braziliense\/Foto: Reprodu\u00e7\u00e3o Internet<\/em><\/p>\n<p><strong>Leia mais not\u00edcias em\u00a0<\/strong><a href=\"http:\/\/www.caririemacao.com\/\"><strong>caririemacao.com<\/strong><\/a><strong>, siga nossa p\u00e1gina no\u00a0<\/strong><a href=\"https:\/\/www.facebook.com\/CaririEmAcao\/?ref=aymt_homepage_panel\"><strong>Facebook<\/strong><\/a>,<strong>\u00a0<\/strong><a href=\"https:\/\/www.instagram.com\/cariri_em_acao\/?hl=pt-br\"><strong>Instagram<\/strong><\/a><strong>\u00a0e <\/strong><a href=\"https:\/\/www.youtube.com\/channel\/UCAptA0jQuYQy8vMhLt2m4qg\"><strong>Youtube<\/strong><\/a><strong>\u00a0e veja nossas mat\u00e9rias, v\u00eddeos e fotos. Voc\u00ea tamb\u00e9m pode enviar informa\u00e7\u00f5es \u00e0 Reda\u00e7\u00e3o do Portal Cariri em A\u00e7\u00e3o pelo WhatsApp (83) 9 9634.5791, (83) 9 9601-1162.<\/strong><\/p>\n<\/div>\n","protected":false},"excerpt":{"rendered":"<p>Eram 17h dessa quinta-feira (8\/3) Dia Internacional da Mulher, e o deputado Jair Bolsonaro (RJ), pr\u00e9-candidato \u00e0 Presid\u00eancia pelo PSL, ainda tinha outros tr\u00eas eventos&hellip; <\/p>\n","protected":false},"author":2,"featured_media":43564,"comment_status":"closed","ping_status":"closed","sticky":false,"template":"","format":"standard","meta":{"sfsi_plus_gutenberg_text_before_share":"","sfsi_plus_gutenberg_show_text_before_share":"","sfsi_plus_gutenberg_icon_type":"","sfsi_plus_gutenberg_icon_alignemt":"","sfsi_plus_gutenburg_max_per_row":"","footnotes":""},"categories":[11],"tags":[],"class_list":["post-43563","post","type-post","status-publish","format-standard","has-post-thumbnail","hentry","category-politica"],"_links":{"self":[{"href":"https:\/\/www.caririemacao.com\/1\/wp-json\/wp\/v2\/posts\/43563","targetHints":{"allow":["GET"]}}],"collection":[{"href":"https:\/\/www.caririemacao.com\/1\/wp-json\/wp\/v2\/posts"}],"about":[{"href":"https:\/\/www.caririemacao.com\/1\/wp-json\/wp\/v2\/types\/post"}],"author":[{"embeddable":true,"href":"https:\/\/www.caririemacao.com\/1\/wp-json\/wp\/v2\/users\/2"}],"replies":[{"embeddable":true,"href":"https:\/\/www.caririemacao.com\/1\/wp-json\/wp\/v2\/comments?post=43563"}],"version-history":[{"count":0,"href":"https:\/\/www.caririemacao.com\/1\/wp-json\/wp\/v2\/posts\/43563\/revisions"}],"wp:featuredmedia":[{"embeddable":true,"href":"https:\/\/www.caririemacao.com\/1\/wp-json\/wp\/v2\/media\/43564"}],"wp:attachment":[{"href":"https:\/\/www.caririemacao.com\/1\/wp-json\/wp\/v2\/media?parent=43563"}],"wp:term":[{"taxonomy":"category","embeddable":true,"href":"https:\/\/www.caririemacao.com\/1\/wp-json\/wp\/v2\/categories?post=43563"},{"taxonomy":"post_tag","embeddable":true,"href":"https:\/\/www.caririemacao.com\/1\/wp-json\/wp\/v2\/tags?post=43563"}],"curies":[{"name":"wp","href":"https:\/\/api.w.org\/{rel}","templated":true}]}}