{"id":43566,"date":"2018-03-09T13:16:53","date_gmt":"2018-03-09T16:16:53","guid":{"rendered":"http:\/\/caririemacao.com\/1\/?p=43566"},"modified":"2018-03-09T13:16:53","modified_gmt":"2018-03-09T16:16:53","slug":"prefeitura-de-sume-realiza-exames-de-vista-para-estudantes-da-zona-rural","status":"publish","type":"post","link":"https:\/\/www.caririemacao.com\/1\/2018\/03\/09\/prefeitura-de-sume-realiza-exames-de-vista-para-estudantes-da-zona-rural\/","title":{"rendered":"Prefeitura de Sum\u00e9 realiza exames de vista para estudantes da zona rural"},"content":{"rendered":"<p>Objetivando que problemas visuais fossem detectados e corrigidos para evitar que repercutam desfavoravelmente no desempenho escolar do aluno, a Prefeitura de Sum\u00e9, atrav\u00e9s do Programa Sa\u00fade na Escola, parceria entre a Secretaria de Educa\u00e7\u00e3o e Sa\u00fade, realizou nesta quinta-feira (08\/03) atendimento oftalmol\u00f3gico para alunos da zona rural.<a href=\"http:\/\/caririemacao.com\/1\/?attachment_id=43569\" rel=\"attachment wp-att-43569\"><img fetchpriority=\"high\" decoding=\"async\" class=\"aligncenter size-full wp-image-43569\" src=\"http:\/\/caririemacao.com\/1\/wp-content\/uploads\/2018\/03\/DSC_0153-1.jpg\" alt=\"\" width=\"1024\" height=\"681\" srcset=\"https:\/\/www.caririemacao.com\/1\/wp-content\/uploads\/2018\/03\/DSC_0153-1.jpg 1024w, https:\/\/www.caririemacao.com\/1\/wp-content\/uploads\/2018\/03\/DSC_0153-1-300x200.jpg 300w, https:\/\/www.caririemacao.com\/1\/wp-content\/uploads\/2018\/03\/DSC_0153-1-768x511.jpg 768w\" sizes=\"(max-width: 1024px) 100vw, 1024px\" \/><\/a><\/p>\n<p>Foram atendidos pelo m\u00e9dico oftalmologista \u00cdtalo Carneiro, 54 estudantes da Escola Jo\u00e3o de Sousa, do s\u00edtio Concei\u00e7\u00e3o, que abrange tamb\u00e9m os alunos do Assentamento Mandacaru.<\/p>\n<p>Os estudantes foram devidamente acompanhados por professores, funcion\u00e1rios e pais at\u00e9 o Centro Oftalmol\u00f3gico onde aconteceram os exames.<\/p>\n<p><a href=\"http:\/\/caririemacao.com\/1\/?attachment_id=43568\" rel=\"attachment wp-att-43568\"><img decoding=\"async\" class=\"aligncenter size-full wp-image-43568 lazyload\" data-src=\"http:\/\/caririemacao.com\/1\/wp-content\/uploads\/2018\/03\/28906644_1369430553163257_506102178_n.jpg\" alt=\"\" width=\"960\" height=\"720\" data-srcset=\"https:\/\/www.caririemacao.com\/1\/wp-content\/uploads\/2018\/03\/28906644_1369430553163257_506102178_n.jpg 960w, https:\/\/www.caririemacao.com\/1\/wp-content\/uploads\/2018\/03\/28906644_1369430553163257_506102178_n-300x225.jpg 300w, https:\/\/www.caririemacao.com\/1\/wp-content\/uploads\/2018\/03\/28906644_1369430553163257_506102178_n-768x576.jpg 768w\" data-sizes=\"(max-width: 960px) 100vw, 960px\" src=\"data:image\/svg+xml;base64,PHN2ZyB3aWR0aD0iMSIgaGVpZ2h0PSIxIiB4bWxucz0iaHR0cDovL3d3dy53My5vcmcvMjAwMC9zdmciPjwvc3ZnPg==\" style=\"--smush-placeholder-width: 960px; --smush-placeholder-aspect-ratio: 960\/720;\" \/><\/a><\/p>\n<p>Nas pr\u00f3ximas semanas ser\u00e3o atendidos os alunos da Escola Manoel In\u00e1cio da Silva, do s\u00edtio Po\u00e7o da Pedra, assim como as demais escolas da rede municipal.<\/p>\n<p><strong>CARIRI EM A\u00c7\u00c3O<\/strong><\/p>\n<p><em>Com Ascom\/Foto: Reprodu\u00e7\u00e3o Internet\u00a0<\/em><\/p>\n<p><strong>Leia mais not\u00edcias em\u00a0<\/strong><a href=\"http:\/\/www.caririemacao.com\/\"><strong>caririemacao.com<\/strong><\/a><strong>, siga nossa p\u00e1gina no\u00a0<\/strong><a href=\"https:\/\/www.facebook.com\/CaririEmAcao\/?ref=aymt_homepage_panel\"><strong>Facebook<\/strong><\/a>,<strong>\u00a0<\/strong><a href=\"https:\/\/www.instagram.com\/cariri_em_acao\/?hl=pt-br\"><strong>Instagram<\/strong><\/a><strong>\u00a0e <\/strong><a href=\"https:\/\/www.youtube.com\/channel\/UCAptA0jQuYQy8vMhLt2m4qg\"><strong>Youtube<\/strong><\/a><strong>\u00a0e veja nossas mat\u00e9rias, v\u00eddeos e fotos. Voc\u00ea tamb\u00e9m pode enviar informa\u00e7\u00f5es \u00e0 Reda\u00e7\u00e3o do Portal Cariri em A\u00e7\u00e3o pelo WhatsApp (83) 9 9634.5791, (83) 9 9601-1162.<\/strong><\/p>\n","protected":false},"excerpt":{"rendered":"<p>Objetivando que problemas visuais fossem detectados e corrigidos para evitar que repercutam desfavoravelmente no desempenho escolar do aluno, a Prefeitura de Sum\u00e9, atrav\u00e9s do Programa&hellip; <\/p>\n","protected":false},"author":2,"featured_media":43567,"comment_status":"closed","ping_status":"closed","sticky":false,"template":"","format":"standard","meta":{"sfsi_plus_gutenberg_text_before_share":"","sfsi_plus_gutenberg_show_text_before_share":"","sfsi_plus_gutenberg_icon_type":"","sfsi_plus_gutenberg_icon_alignemt":"","sfsi_plus_gutenburg_max_per_row":"","footnotes":""},"categories":[6],"tags":[],"class_list":["post-43566","post","type-post","status-publish","format-standard","has-post-thumbnail","hentry","category-cidades"],"_links":{"self":[{"href":"https:\/\/www.caririemacao.com\/1\/wp-json\/wp\/v2\/posts\/43566","targetHints":{"allow":["GET"]}}],"collection":[{"href":"https:\/\/www.caririemacao.com\/1\/wp-json\/wp\/v2\/posts"}],"about":[{"href":"https:\/\/www.caririemacao.com\/1\/wp-json\/wp\/v2\/types\/post"}],"author":[{"embeddable":true,"href":"https:\/\/www.caririemacao.com\/1\/wp-json\/wp\/v2\/users\/2"}],"replies":[{"embeddable":true,"href":"https:\/\/www.caririemacao.com\/1\/wp-json\/wp\/v2\/comments?post=43566"}],"version-history":[{"count":0,"href":"https:\/\/www.caririemacao.com\/1\/wp-json\/wp\/v2\/posts\/43566\/revisions"}],"wp:featuredmedia":[{"embeddable":true,"href":"https:\/\/www.caririemacao.com\/1\/wp-json\/wp\/v2\/media\/43567"}],"wp:attachment":[{"href":"https:\/\/www.caririemacao.com\/1\/wp-json\/wp\/v2\/media?parent=43566"}],"wp:term":[{"taxonomy":"category","embeddable":true,"href":"https:\/\/www.caririemacao.com\/1\/wp-json\/wp\/v2\/categories?post=43566"},{"taxonomy":"post_tag","embeddable":true,"href":"https:\/\/www.caririemacao.com\/1\/wp-json\/wp\/v2\/tags?post=43566"}],"curies":[{"name":"wp","href":"https:\/\/api.w.org\/{rel}","templated":true}]}}