{"id":43576,"date":"2018-03-10T07:08:38","date_gmt":"2018-03-10T10:08:38","guid":{"rendered":"http:\/\/caririemacao.com\/1\/?p=43576"},"modified":"2018-03-10T07:08:38","modified_gmt":"2018-03-10T10:08:38","slug":"caraubas-realiza-ii-encontro-das-mulheres-caraubenses","status":"publish","type":"post","link":"https:\/\/www.caririemacao.com\/1\/2018\/03\/10\/caraubas-realiza-ii-encontro-das-mulheres-caraubenses\/","title":{"rendered":"Cara\u00fabas realiza II Encontro das Mulheres Caraubenses"},"content":{"rendered":"<p>A Prefeitura de Cara\u00fabas, atrav\u00e9s da Secretaria de A\u00e7\u00e3o Social, em parceira como as secretarias de obras, educa\u00e7\u00e3o e sa\u00fade, promoveu nos dias 7 e 8 de mar\u00e7o o II Encontro das Mulheres Caraubenses.<\/p>\n<p><a href=\"http:\/\/caririemacao.com\/1\/?attachment_id=43579\" rel=\"attachment wp-att-43579\"><img fetchpriority=\"high\" decoding=\"async\" class=\"aligncenter size-full wp-image-43579\" src=\"http:\/\/caririemacao.com\/1\/wp-content\/uploads\/2018\/03\/cats02.jpg\" alt=\"\" width=\"600\" height=\"401\" srcset=\"https:\/\/www.caririemacao.com\/1\/wp-content\/uploads\/2018\/03\/cats02.jpg 600w, https:\/\/www.caririemacao.com\/1\/wp-content\/uploads\/2018\/03\/cats02-300x201.jpg 300w\" sizes=\"(max-width: 600px) 100vw, 600px\" \/><\/a><\/p>\n<p>A programa\u00e7\u00e3o do segundo Encontro de Mulheres Caraubense teve o in\u00edcio na \u00faltima quarta-feira na sede do munic\u00edpio, onde dezenas de mulheres puderam participar de uma vasta programa\u00e7\u00e3o com caf\u00e9 da manh\u00e3, palestra informativa, dia de beleza e gincana cultural com sorteio de brindes. O evento tamb\u00e9m foi realizado no distrito de Barreiras no dia 8.<\/p>\n<p><a href=\"http:\/\/caririemacao.com\/1\/?attachment_id=43577\" rel=\"attachment wp-att-43577\"><img decoding=\"async\" class=\"aligncenter size-full wp-image-43577 lazyload\" data-src=\"http:\/\/caririemacao.com\/1\/wp-content\/uploads\/2018\/03\/IMG_2549.jpg\" alt=\"\" width=\"800\" height=\"533\" data-srcset=\"https:\/\/www.caririemacao.com\/1\/wp-content\/uploads\/2018\/03\/IMG_2549.jpg 800w, https:\/\/www.caririemacao.com\/1\/wp-content\/uploads\/2018\/03\/IMG_2549-300x200.jpg 300w, https:\/\/www.caririemacao.com\/1\/wp-content\/uploads\/2018\/03\/IMG_2549-768x512.jpg 768w\" data-sizes=\"(max-width: 800px) 100vw, 800px\" src=\"data:image\/svg+xml;base64,PHN2ZyB3aWR0aD0iMSIgaGVpZ2h0PSIxIiB4bWxucz0iaHR0cDovL3d3dy53My5vcmcvMjAwMC9zdmciPjwvc3ZnPg==\" style=\"--smush-placeholder-width: 800px; --smush-placeholder-aspect-ratio: 800\/533;\" \/><\/a><\/p>\n<p>Os momentos contaram com a presen\u00e7a do Prefeito Municipal Silvano Dudu, da primeira-dama Neide Assis, das secretarias de a\u00e7\u00e3o social, Fl\u00e1via Quirino, educa\u00e7\u00e3o, Gracilene Aquino, cultura, Milena Fernandes, e sa\u00fade, Raissa Neves.<\/p>\n<p><a href=\"http:\/\/caririemacao.com\/1\/?attachment_id=43580\" rel=\"attachment wp-att-43580\"><img decoding=\"async\" class=\"aligncenter size-full wp-image-43580 lazyload\" data-src=\"http:\/\/caririemacao.com\/1\/wp-content\/uploads\/2018\/03\/cats-04.jpg\" alt=\"\" width=\"700\" height=\"401\" data-srcset=\"https:\/\/www.caririemacao.com\/1\/wp-content\/uploads\/2018\/03\/cats-04.jpg 700w, https:\/\/www.caririemacao.com\/1\/wp-content\/uploads\/2018\/03\/cats-04-300x172.jpg 300w\" data-sizes=\"(max-width: 700px) 100vw, 700px\" src=\"data:image\/svg+xml;base64,PHN2ZyB3aWR0aD0iMSIgaGVpZ2h0PSIxIiB4bWxucz0iaHR0cDovL3d3dy53My5vcmcvMjAwMC9zdmciPjwvc3ZnPg==\" style=\"--smush-placeholder-width: 700px; --smush-placeholder-aspect-ratio: 700\/401;\" \/><\/a><\/p>\n<p>Durante a programa\u00e7\u00e3o, as mulheres puderam assistir palestras com nutricionista, fisioterapeuta, odont\u00f3logo e psic\u00f3logo, que na oportunidade deram orienta\u00e7\u00e3o para melhorar \u00e0 sa\u00fade \u00e0 mulher.<\/p>\n<p><strong>CARIRI EM A\u00c7\u00c3O<\/strong><\/p>\n<p><strong>Leia mais not\u00edcias em\u00a0<\/strong><a href=\"http:\/\/www.caririemacao.com\/\"><strong>caririemacao.com<\/strong><\/a><strong>, siga nossa p\u00e1gina no\u00a0<\/strong><a href=\"https:\/\/www.facebook.com\/CaririEmAcao\/?ref=aymt_homepage_panel\"><strong>Facebook<\/strong><\/a>,<strong>\u00a0<\/strong><a href=\"https:\/\/www.instagram.com\/cariri_em_acao\/?hl=pt-br\"><strong>Instagram<\/strong><\/a><strong>\u00a0e <\/strong><a href=\"https:\/\/www.youtube.com\/channel\/UCAptA0jQuYQy8vMhLt2m4qg\"><strong>Youtube<\/strong><\/a><strong>\u00a0e veja nossas mat\u00e9rias, v\u00eddeos e fotos. Voc\u00ea tamb\u00e9m pode enviar informa\u00e7\u00f5es \u00e0 Reda\u00e7\u00e3o do Portal Cariri em A\u00e7\u00e3o pelo WhatsApp (83) 9 9634.5791, (83) 9 9601-1162.<\/strong><\/p>\n","protected":false},"excerpt":{"rendered":"<p>A Prefeitura de Cara\u00fabas, atrav\u00e9s da Secretaria de A\u00e7\u00e3o Social, em parceira como as secretarias de obras, educa\u00e7\u00e3o e sa\u00fade, promoveu nos dias 7 e&hellip; <\/p>\n","protected":false},"author":2,"featured_media":43578,"comment_status":"closed","ping_status":"closed","sticky":false,"template":"","format":"standard","meta":{"sfsi_plus_gutenberg_text_before_share":"","sfsi_plus_gutenberg_show_text_before_share":"","sfsi_plus_gutenberg_icon_type":"","sfsi_plus_gutenberg_icon_alignemt":"","sfsi_plus_gutenburg_max_per_row":"","footnotes":""},"categories":[6],"tags":[],"class_list":["post-43576","post","type-post","status-publish","format-standard","has-post-thumbnail","hentry","category-cidades"],"_links":{"self":[{"href":"https:\/\/www.caririemacao.com\/1\/wp-json\/wp\/v2\/posts\/43576","targetHints":{"allow":["GET"]}}],"collection":[{"href":"https:\/\/www.caririemacao.com\/1\/wp-json\/wp\/v2\/posts"}],"about":[{"href":"https:\/\/www.caririemacao.com\/1\/wp-json\/wp\/v2\/types\/post"}],"author":[{"embeddable":true,"href":"https:\/\/www.caririemacao.com\/1\/wp-json\/wp\/v2\/users\/2"}],"replies":[{"embeddable":true,"href":"https:\/\/www.caririemacao.com\/1\/wp-json\/wp\/v2\/comments?post=43576"}],"version-history":[{"count":0,"href":"https:\/\/www.caririemacao.com\/1\/wp-json\/wp\/v2\/posts\/43576\/revisions"}],"wp:featuredmedia":[{"embeddable":true,"href":"https:\/\/www.caririemacao.com\/1\/wp-json\/wp\/v2\/media\/43578"}],"wp:attachment":[{"href":"https:\/\/www.caririemacao.com\/1\/wp-json\/wp\/v2\/media?parent=43576"}],"wp:term":[{"taxonomy":"category","embeddable":true,"href":"https:\/\/www.caririemacao.com\/1\/wp-json\/wp\/v2\/categories?post=43576"},{"taxonomy":"post_tag","embeddable":true,"href":"https:\/\/www.caririemacao.com\/1\/wp-json\/wp\/v2\/tags?post=43576"}],"curies":[{"name":"wp","href":"https:\/\/api.w.org\/{rel}","templated":true}]}}