{"id":43590,"date":"2018-03-10T08:48:43","date_gmt":"2018-03-10T11:48:43","guid":{"rendered":"http:\/\/caririemacao.com\/1\/?p=43590"},"modified":"2018-03-10T11:27:42","modified_gmt":"2018-03-10T14:27:42","slug":"valentao-e-preso-apos-ameacar-vizinho-com-uma-faca-na-cidade-de-monteiro","status":"publish","type":"post","link":"https:\/\/www.caririemacao.com\/1\/2018\/03\/10\/valentao-e-preso-apos-ameacar-vizinho-com-uma-faca-na-cidade-de-monteiro\/","title":{"rendered":"Valent\u00e3o \u00e9 preso ap\u00f3s amea\u00e7ar vizinho com uma faca na cidade de Monteiro"},"content":{"rendered":"<p style=\"font-weight: 400;\">A Pol\u00edcia Militar prendeu no final da tarde desta sexta-feira, 9, um homem que, armado com uma faca, amea\u00e7ava matar um morador do conjunto Bernardino Lemos (Vila Popular), na cidade de Monteiro.<\/p>\n<p style=\"font-weight: 400;\">Segundo informa\u00e7\u00f5es, a PM estava realizando a Opera\u00e7\u00e3o Cidade Segura, quando o COPOM informou que havia um homem armado com uma faca amea\u00e7ando populares por tr\u00e1s do Col\u00e9gio Estadual Jos\u00e9 Leite de Sousa, e as guarni\u00e7\u00f5es da R\u00e1dio Patrulha e ROTAM seguiram de imediato ao local e ao abordarem o acusado, tentou jogar a arma no telhado de uma resid\u00eancia, mas, a mesma foi localizada de imediato.<\/p>\n<p style=\"font-weight: 400;\">O acusado e a v\u00edtima foram conduzidos a Delegacia de Pol\u00edcia para as devidas provid\u00eancias.<\/p>\n<p style=\"font-weight: 400;\">Esta n\u00e3o \u00e9 a primeira vez que o indiv\u00edduo amea\u00e7a populares. No final do ano passado um funcion\u00e1rio p\u00fablico municipal foi reclamar de um animal que ele havia amarrado em um poste no centro da cidade de Monteiro e tamb\u00e9m foi amea\u00e7ado de morte, caso apreendesse o animal.<\/p>\n<p style=\"font-weight: 400;\"><strong>CARIRI EM A\u00c7\u00c3O<\/strong><\/p>\n<p><em>Com Vitrine do Cariri\/Foto: Reprodu\u00e7\u00e3o Internet<\/em><\/p>\n<p><strong>Leia mais not\u00edcias em\u00a0<\/strong><a href=\"http:\/\/www.caririemacao.com\/\"><strong>caririemacao.com<\/strong><\/a><strong>, siga nossa p\u00e1gina no\u00a0<\/strong><a href=\"https:\/\/www.facebook.com\/CaririEmAcao\/?ref=aymt_homepage_panel\"><strong>Facebook<\/strong><\/a>,<strong>\u00a0<\/strong><a href=\"https:\/\/www.instagram.com\/cariri_em_acao\/?hl=pt-br\"><strong>Instagram<\/strong><\/a><strong>\u00a0e <\/strong><a href=\"https:\/\/www.youtube.com\/channel\/UCAptA0jQuYQy8vMhLt2m4qg\"><strong>Youtube<\/strong><\/a><strong>\u00a0e veja nossas mat\u00e9rias, v\u00eddeos e fotos. Voc\u00ea tamb\u00e9m pode enviar informa\u00e7\u00f5es \u00e0 Reda\u00e7\u00e3o do Portal Cariri em A\u00e7\u00e3o pelo WhatsApp (83) 9 9634.5791, (83) 9 9601-1162.<\/strong><\/p>\n","protected":false},"excerpt":{"rendered":"<p>A Pol\u00edcia Militar prendeu no final da tarde desta sexta-feira, 9, um homem que, armado com uma faca, amea\u00e7ava matar um morador do conjunto Bernardino&hellip; <\/p>\n","protected":false},"author":2,"featured_media":43598,"comment_status":"closed","ping_status":"closed","sticky":false,"template":"","format":"standard","meta":{"sfsi_plus_gutenberg_text_before_share":"","sfsi_plus_gutenberg_show_text_before_share":"","sfsi_plus_gutenberg_icon_type":"","sfsi_plus_gutenberg_icon_alignemt":"","sfsi_plus_gutenburg_max_per_row":"","footnotes":""},"categories":[12],"tags":[],"class_list":["post-43590","post","type-post","status-publish","format-standard","has-post-thumbnail","hentry","category-policia"],"_links":{"self":[{"href":"https:\/\/www.caririemacao.com\/1\/wp-json\/wp\/v2\/posts\/43590","targetHints":{"allow":["GET"]}}],"collection":[{"href":"https:\/\/www.caririemacao.com\/1\/wp-json\/wp\/v2\/posts"}],"about":[{"href":"https:\/\/www.caririemacao.com\/1\/wp-json\/wp\/v2\/types\/post"}],"author":[{"embeddable":true,"href":"https:\/\/www.caririemacao.com\/1\/wp-json\/wp\/v2\/users\/2"}],"replies":[{"embeddable":true,"href":"https:\/\/www.caririemacao.com\/1\/wp-json\/wp\/v2\/comments?post=43590"}],"version-history":[{"count":0,"href":"https:\/\/www.caririemacao.com\/1\/wp-json\/wp\/v2\/posts\/43590\/revisions"}],"wp:featuredmedia":[{"embeddable":true,"href":"https:\/\/www.caririemacao.com\/1\/wp-json\/wp\/v2\/media\/43598"}],"wp:attachment":[{"href":"https:\/\/www.caririemacao.com\/1\/wp-json\/wp\/v2\/media?parent=43590"}],"wp:term":[{"taxonomy":"category","embeddable":true,"href":"https:\/\/www.caririemacao.com\/1\/wp-json\/wp\/v2\/categories?post=43590"},{"taxonomy":"post_tag","embeddable":true,"href":"https:\/\/www.caririemacao.com\/1\/wp-json\/wp\/v2\/tags?post=43590"}],"curies":[{"name":"wp","href":"https:\/\/api.w.org\/{rel}","templated":true}]}}