{"id":43616,"date":"2018-03-10T21:48:51","date_gmt":"2018-03-11T00:48:51","guid":{"rendered":"http:\/\/caririemacao.com\/1\/?p=43616"},"modified":"2018-03-10T22:51:31","modified_gmt":"2018-03-11T01:51:31","slug":"ricardo-entrega-central-de-comercializacao-ecoparaiba-e-visita-obras-de-campus-da-uepb","status":"publish","type":"post","link":"https:\/\/www.caririemacao.com\/1\/2018\/03\/10\/ricardo-entrega-central-de-comercializacao-ecoparaiba-e-visita-obras-de-campus-da-uepb\/","title":{"rendered":"Ricardo entrega Central de Comercializa\u00e7\u00e3o EcoPara\u00edba e visita obras de campus da UEPB"},"content":{"rendered":"<p>O governador Ricardo Coutinho inaugurou, neste s\u00e1bado (10), a Central de Comercializa\u00e7\u00e3o da Agricultura Familiar e da Economia Solid\u00e1ria do Cariri Ocidental da Para\u00edba (EcoPara\u00edba), no munic\u00edpio de Sum\u00e9. Foram investidos mais de R$ 171 mil pelo Governo do Estado, por meio do Projeto Cooperar e da Secretaria de Estado do Desenvolvimento Humano.<\/p>\n<p>Ricardo afirmou que a popula\u00e7\u00e3o deve aprender a superar a crise econ\u00f4mica, que assola todo o pa\u00eds, com o seu pr\u00f3prio trabalho e que o Estado deve estimular a gera\u00e7\u00e3o de emprego e renda, principalmente em regi\u00f5es que antes n\u00e3o havia investimento direto para a economia solid\u00e1ria.<\/p>\n<p>\u201cO importante \u00e9 tornar as pessoas produtivas, criar um ambiente que permita, al\u00e9m de produzir, melhorar sua condi\u00e7\u00e3o de vida a partir de seu pr\u00f3prio trabalho, de sua pr\u00f3pria renda. A proposta da economia solid\u00e1ria, que tem no Governo do Estado uma compreens\u00e3o, uma constru\u00e7\u00e3o bastante sens\u00edvel, atualizada, visa fazer com que tenhamos um entreposto comercial aqui no Cariri que nos permita fazer com que o artesanato, a agricultura familiar e uma s\u00e9rie de coisas que s\u00e3o produzidas de forma coletiva possam ter um espa\u00e7o de comercializa\u00e7\u00e3o\u201d, declarou.<\/p>\n<p>A EcoPara\u00edba possui 12 grupos de artes\u00e3os, agricultores e apicultores atendidos, gerando emprego e renda para 419 pessoas direta e indiretamente dos munic\u00edpios de Sum\u00e9, S\u00e3o Jo\u00e3o do Tigre, Zabel\u00ea, Monteiro, Congo, Camala\u00fa e S\u00e3o Jos\u00e9 dos Cordeiros. A Central, que \u00e9 gerida pela Secretaria Executiva da Seguran\u00e7a Alimentar e Economia Solid\u00e1ria, tem parceria com a Universidade Federal de Campina Grande, prefeituras de Sum\u00e9 e S\u00e3o Jos\u00e9 dos Cordeiros, projeto Cooperar, Procase, al\u00e9m do Conselho Municipal de Cultura e Associa\u00e7\u00e3o Cultural, ambas de Zabel\u00ea.<\/p>\n<p>S\u00e3o produzidos artesanato com escamas de peixe e com madeira, bijuterias, renda renascen\u00e7a, vassouras de garrafas pet, beneficiamento de alimentos, fil\u00e9s de peixe, licores, mudas de plantas e servi\u00e7o de costura e conserto de roupas.<\/p>\n<p>Os beneficiados da EcoPara\u00edba t\u00eam \u00e0 disposi\u00e7\u00e3o assessoramento t\u00e9cnico, forma\u00e7\u00e3o, organiza\u00e7\u00e3o e comercializa\u00e7\u00e3o de produtos regionais de artesanato e feiras da agricultura familiar com produtos agroecol\u00f3gicos da regi\u00e3o e incuba\u00e7\u00e3o de empreendimentos solid\u00e1rios.<\/p>\n<p>O secret\u00e1rio de Estado da Infraestrutura, Recursos H\u00eddricos, Meio Ambiente, Ci\u00eancia e Tecnologia, Jo\u00e3o Azevedo, enalteceu a iniciativa e apontou melhorias socioecon\u00f4micas para o Cariri, a partir da EcoPara\u00edba.<\/p>\n<p>\u201cEsse \u00e9 o governo que tem tido uma preocupa\u00e7\u00e3o muito grande exatamente na base da economia. Se h\u00e1 investimento nisso, \u00e9 garantido o crescimento constante e estrutura maior para o desenvolvimento para um processo de parceria t\u00e3o importante como esse. Aqui teve todos os entes envolvidos e quando se une for\u00e7as, as coisas acontecem de uma forma maior\u201d, afirmou.<\/p>\n<p>Dalila Gomes, de 31 anos, \u00e9 uma das beneficiadas da EcoPara\u00edba e comemora a iniciativa. \u201cIsso \u00e9 fundamental. Este \u00e9 meu primeiro ponto de venda fixa. Eu consigo trazer minhas pe\u00e7as para poder mostrar \u00e0s pessoas, porque antes s\u00f3 mostrava em feiras de artesanato, que n\u00e3o acontece todo m\u00eas. Ent\u00e3o esse ponto de venda fixo \u00e9 bom porque eu consigo fazer mais pe\u00e7as, renovar o estoque mais r\u00e1pido, porque se vende r\u00e1pido tamb\u00e9m. A gera\u00e7\u00e3o de renda \u00e9 incr\u00edvel\u201d, relatou.<\/p>\n<p><strong>Visita\u00a0<\/strong><strong>\u00e0<\/strong><strong>s obras da UEPB<\/strong><\/p>\n<p>Antes de inaugurar a Central de Comercializa\u00e7\u00e3o da Agricultura Familiar e da Economia Solid\u00e1ria, em Sum\u00e9, o governador Ricardo Coutinho inspecionou as obras de constru\u00e7\u00e3o do campus da Universidade Estadual da Para\u00edba (UEPB) no munic\u00edpio de Monteiro. O investimento \u00e9 de R$ 9,7 milh\u00f5es pelo Governo do Estado, por meio da Superintend\u00eancia de Obras do Plano de Desenvolvimento da Para\u00edba ( Suplan).<\/p>\n<h2><a href=\"https:\/\/www.facebook.com\/pg\/CaririEmAcao\/photos\/?tab=album&amp;album_id=1199335400202481\">Veja Fotos\u00a0<\/a><\/h2>\n<p><strong>CARIRI EM A\u00c7\u00c3O<\/strong><\/p>\n<p><em>Com Secom-PB\u00a0 \/Fotos: Cariri em A\u00e7\u00e3o\u00a0<\/em><\/p>\n<p><strong>Leia mais not\u00edcias em\u00a0<\/strong><a href=\"http:\/\/www.caririemacao.com\/\"><strong>caririemacao.com<\/strong><\/a><strong>, siga nossa p\u00e1gina no\u00a0<\/strong><a href=\"https:\/\/www.facebook.com\/CaririEmAcao\/?ref=aymt_homepage_panel\"><strong>Facebook<\/strong><\/a>,<strong>\u00a0<\/strong><a href=\"https:\/\/www.instagram.com\/cariri_em_acao\/?hl=pt-br\"><strong>Instagram<\/strong><\/a><strong>\u00a0e <\/strong><a href=\"https:\/\/www.youtube.com\/channel\/UCAptA0jQuYQy8vMhLt2m4qg\"><strong>Youtube<\/strong><\/a><strong>\u00a0e veja nossas mat\u00e9rias, v\u00eddeos e fotos. Voc\u00ea tamb\u00e9m pode enviar informa\u00e7\u00f5es \u00e0 Reda\u00e7\u00e3o do Portal Cariri em A\u00e7\u00e3o pelo WhatsApp (83) 9 9634.5791, (83) 9 9601-1162.<\/strong><\/p>\n","protected":false},"excerpt":{"rendered":"<p>O governador Ricardo Coutinho inaugurou, neste s\u00e1bado (10), a Central de Comercializa\u00e7\u00e3o da Agricultura Familiar e da Economia Solid\u00e1ria do Cariri Ocidental da Para\u00edba (EcoPara\u00edba),&hellip; <\/p>\n","protected":false},"author":2,"featured_media":43617,"comment_status":"closed","ping_status":"closed","sticky":false,"template":"","format":"standard","meta":{"sfsi_plus_gutenberg_text_before_share":"","sfsi_plus_gutenberg_show_text_before_share":"","sfsi_plus_gutenberg_icon_type":"","sfsi_plus_gutenberg_icon_alignemt":"","sfsi_plus_gutenburg_max_per_row":"","footnotes":""},"categories":[2],"tags":[],"class_list":["post-43616","post","type-post","status-publish","format-standard","has-post-thumbnail","hentry","category-geral"],"_links":{"self":[{"href":"https:\/\/www.caririemacao.com\/1\/wp-json\/wp\/v2\/posts\/43616","targetHints":{"allow":["GET"]}}],"collection":[{"href":"https:\/\/www.caririemacao.com\/1\/wp-json\/wp\/v2\/posts"}],"about":[{"href":"https:\/\/www.caririemacao.com\/1\/wp-json\/wp\/v2\/types\/post"}],"author":[{"embeddable":true,"href":"https:\/\/www.caririemacao.com\/1\/wp-json\/wp\/v2\/users\/2"}],"replies":[{"embeddable":true,"href":"https:\/\/www.caririemacao.com\/1\/wp-json\/wp\/v2\/comments?post=43616"}],"version-history":[{"count":0,"href":"https:\/\/www.caririemacao.com\/1\/wp-json\/wp\/v2\/posts\/43616\/revisions"}],"wp:featuredmedia":[{"embeddable":true,"href":"https:\/\/www.caririemacao.com\/1\/wp-json\/wp\/v2\/media\/43617"}],"wp:attachment":[{"href":"https:\/\/www.caririemacao.com\/1\/wp-json\/wp\/v2\/media?parent=43616"}],"wp:term":[{"taxonomy":"category","embeddable":true,"href":"https:\/\/www.caririemacao.com\/1\/wp-json\/wp\/v2\/categories?post=43616"},{"taxonomy":"post_tag","embeddable":true,"href":"https:\/\/www.caririemacao.com\/1\/wp-json\/wp\/v2\/tags?post=43616"}],"curies":[{"name":"wp","href":"https:\/\/api.w.org\/{rel}","templated":true}]}}