{"id":43652,"date":"2018-03-10T22:24:58","date_gmt":"2018-03-11T01:24:58","guid":{"rendered":"http:\/\/caririemacao.com\/1\/?p=43652"},"modified":"2018-03-10T22:48:24","modified_gmt":"2018-03-11T01:48:24","slug":"carro-de-diretor-do-detran-pb-colide-com-boi-e-capota-na-br-230","status":"publish","type":"post","link":"https:\/\/www.caririemacao.com\/1\/2018\/03\/10\/carro-de-diretor-do-detran-pb-colide-com-boi-e-capota-na-br-230\/","title":{"rendered":"Carro de diretor do Detran-PB colide com boi e capota na BR-230"},"content":{"rendered":"<p>O diretor de engenharia do Detran-PB, Jos\u00e9 Francisco de Sousa, sofreu um acidente de autom\u00f3vel, na noite desta sexta-feira (9), na BR-230, em Soledade, no Curimata\u00fa paraibano. O ve\u00edculo que ele viajava com tr\u00eas pessoas, um Jeep Renagade, colidiu com um boi.<\/p>\n<p>O servidor do Detran-PB revelou detalhes do epis\u00f3dio.\u00a0 Ele disse que estava voltando para Jo\u00e3o Pessoa junto com outras tr\u00eas pessoas ap\u00f3s uma reuni\u00e3o do \u00f3rg\u00e3o em Patos.<\/p>\n<p>De acordo com o funcion\u00e1rio p\u00fablico, entre Juazeirinho e Soledade, outro autom\u00f3vel que seguia na frente bateu de leve no animal que caiu na pista. O carro onde ele estava n\u00e3o conseguiu desviar, atingiu o boi e capotou v\u00e1rias vazes.<\/p>\n<p>Apesar de o carro ter perda total, os ocupantes tiveram ferimentos leves e n\u00e3o precisaram ser socorridos ao hospital. Jos\u00e9 Francisco atribuiu ter escapado com vida do acidente a seguran\u00e7a do ve\u00edculo onde ele estava.<\/p>\n<p>\u201cSe o carro que a gente viesse n\u00e3o fosse um Jipe seguro certamente voc\u00ea n\u00e3o estava falando comigo agora. Foi um milagre\u201d, comemorou.<\/p>\n<p>O engenheiro tamb\u00e9m alerta para fiscaliza\u00e7\u00e3o, educa\u00e7\u00e3o no tr\u00e2nsito e investimentos para que acidentes envolvendo animais n\u00e3o continuem sendo corriqueiros nas rodovias da Para\u00edba.<\/p>\n<p>\u201cQuanto mais \u00e0 gente informa aos usu\u00e1rios e aos propriet\u00e1rios de animais que isso vai tirar vidas a gente se previne mais ainda\u201d, afirmou.<\/p>\n<p>O primeiro carro envolvido no acidente n\u00e3o parou no local.<\/p>\n<p><a href=\"http:\/\/caririemacao.com\/1\/?attachment_id=43657\" rel=\"attachment wp-att-43657\"><img decoding=\"async\" class=\"aligncenter size-full wp-image-43657 lazyload\" data-src=\"http:\/\/caririemacao.com\/1\/wp-content\/uploads\/2018\/03\/carro-1.jpg\" alt=\"\" width=\"300\" height=\"156\" src=\"data:image\/svg+xml;base64,PHN2ZyB3aWR0aD0iMSIgaGVpZ2h0PSIxIiB4bWxucz0iaHR0cDovL3d3dy53My5vcmcvMjAwMC9zdmciPjwvc3ZnPg==\" style=\"--smush-placeholder-width: 300px; --smush-placeholder-aspect-ratio: 300\/156;\" \/><\/a><\/p>\n<p><strong>CARIRI EM A\u00c7\u00c3O<\/strong><\/p>\n<p><em>Com Mais PB\/Foto: Mais PB<\/em><\/p>\n<p><strong>Leia mais not\u00edcias em\u00a0<\/strong><a href=\"http:\/\/www.caririemacao.com\/\"><strong>caririemacao.com<\/strong><\/a><strong>, siga nossa p\u00e1gina no\u00a0<\/strong><a href=\"https:\/\/www.facebook.com\/CaririEmAcao\/?ref=aymt_homepage_panel\"><strong>Facebook<\/strong><\/a>,<strong>\u00a0<\/strong><a href=\"https:\/\/www.instagram.com\/cariri_em_acao\/?hl=pt-br\"><strong>Instagram<\/strong><\/a><strong>\u00a0e\u00a0<\/strong><a href=\"https:\/\/www.youtube.com\/channel\/UCAptA0jQuYQy8vMhLt2m4qg\"><strong>Youtube<\/strong><\/a><strong>\u00a0e veja nossas mat\u00e9rias, v\u00eddeos e fotos. Voc\u00ea tamb\u00e9m pode enviar informa\u00e7\u00f5es \u00e0 Reda\u00e7\u00e3o do Portal Cariri em A\u00e7\u00e3o pelo WhatsApp (83) 9 9634.5791, (83) 9 9601-1162.<\/strong><\/p>\n","protected":false},"excerpt":{"rendered":"<p>O diretor de engenharia do Detran-PB, Jos\u00e9 Francisco de Sousa, sofreu um acidente de autom\u00f3vel, na noite desta sexta-feira (9), na BR-230, em Soledade, no&hellip; <\/p>\n","protected":false},"author":2,"featured_media":25619,"comment_status":"closed","ping_status":"closed","sticky":false,"template":"","format":"standard","meta":{"sfsi_plus_gutenberg_text_before_share":"","sfsi_plus_gutenberg_show_text_before_share":"","sfsi_plus_gutenberg_icon_type":"","sfsi_plus_gutenberg_icon_alignemt":"","sfsi_plus_gutenburg_max_per_row":"","footnotes":""},"categories":[12],"tags":[],"class_list":["post-43652","post","type-post","status-publish","format-standard","has-post-thumbnail","hentry","category-policia"],"_links":{"self":[{"href":"https:\/\/www.caririemacao.com\/1\/wp-json\/wp\/v2\/posts\/43652","targetHints":{"allow":["GET"]}}],"collection":[{"href":"https:\/\/www.caririemacao.com\/1\/wp-json\/wp\/v2\/posts"}],"about":[{"href":"https:\/\/www.caririemacao.com\/1\/wp-json\/wp\/v2\/types\/post"}],"author":[{"embeddable":true,"href":"https:\/\/www.caririemacao.com\/1\/wp-json\/wp\/v2\/users\/2"}],"replies":[{"embeddable":true,"href":"https:\/\/www.caririemacao.com\/1\/wp-json\/wp\/v2\/comments?post=43652"}],"version-history":[{"count":0,"href":"https:\/\/www.caririemacao.com\/1\/wp-json\/wp\/v2\/posts\/43652\/revisions"}],"wp:featuredmedia":[{"embeddable":true,"href":"https:\/\/www.caririemacao.com\/1\/wp-json\/wp\/v2\/media\/25619"}],"wp:attachment":[{"href":"https:\/\/www.caririemacao.com\/1\/wp-json\/wp\/v2\/media?parent=43652"}],"wp:term":[{"taxonomy":"category","embeddable":true,"href":"https:\/\/www.caririemacao.com\/1\/wp-json\/wp\/v2\/categories?post=43652"},{"taxonomy":"post_tag","embeddable":true,"href":"https:\/\/www.caririemacao.com\/1\/wp-json\/wp\/v2\/tags?post=43652"}],"curies":[{"name":"wp","href":"https:\/\/api.w.org\/{rel}","templated":true}]}}