{"id":43656,"date":"2018-03-10T22:31:14","date_gmt":"2018-03-11T01:31:14","guid":{"rendered":"http:\/\/caririemacao.com\/1\/?p=43656"},"modified":"2018-03-10T22:31:14","modified_gmt":"2018-03-11T01:31:14","slug":"justica-marca-datas-de-leilao-publico-de-triplex-atribuido-a-lula-para-maio","status":"publish","type":"post","link":"https:\/\/www.caririemacao.com\/1\/2018\/03\/10\/justica-marca-datas-de-leilao-publico-de-triplex-atribuido-a-lula-para-maio\/","title":{"rendered":"Justi\u00e7a marca datas de leil\u00e3o p\u00fablico de triplex atribu\u00eddo a Lula para maio"},"content":{"rendered":"<div class=\"mc-column content-text active-extra-styles active-capital-letter\" data-block-type=\"unstyled\" data-block-weight=\"31\" data-block-id=\"2\">\n<p class=\"content-text__container theme-color-primary-first-letter\" data-track-category=\"Link no Texto\" data-track-links=\"\">A Justi\u00e7a Federal marcou as datas da venda em leil\u00e3o p\u00fablico do triplex em Guaruj\u00e1, no litoral paulista, atribu\u00eddo pelo Minist\u00e9rio P\u00fablico Federal (MPF) ao ex-presidente Luiz In\u00e1cio Lula da Silva.<\/p>\n<\/div>\n<div class=\"mc-column content-text active-extra-styles \" data-block-type=\"unstyled\" data-block-weight=\"39\" data-block-id=\"3\">\n<p class=\"content-text__container \" data-track-category=\"Link no Texto\" data-track-links=\"\">A primeira data para venda ser\u00e1 o dia 15 de maio, \u00e0s 14h, e a segunda est\u00e1 marcada para 22 de maio, no mesmo hor\u00e1rio. O apartamento foi avaliado pela Justi\u00e7a em R$ 2,2 milh\u00f5es, em fevereiro deste ano.<\/p>\n<\/div>\n<div class=\"mc-column content-text active-extra-styles \" data-block-type=\"unstyled\" data-block-weight=\"47\" data-block-id=\"4\">\n<p class=\"content-text__container \" data-track-category=\"Link no Texto\" data-track-links=\"\">Na\u00a0determina\u00e7\u00e3o do leil\u00e3o, o juiz Sergio Moro tinha ordenado que os valores da venda devem ser &#8220;destinados, ap\u00f3s o tr\u00e2nsito em julgado, \u00e0 vitima no caso de confirma\u00e7\u00e3o do confisco ou devolvidos \u00e0 OAS Empreendimentos ou ao ex-presidente no caso de n\u00e3o ser confirmado o confisco.&#8221;<\/p>\n<\/div>\n<div class=\"mc-column content-text active-extra-styles \" data-block-type=\"unstyled\" data-block-weight=\"40\" data-block-id=\"5\">\n<p class=\"content-text__container \" data-track-category=\"Link no Texto\" data-track-links=\"\">O advogado de defesa do ex-presidente, Cristiano Zanin Martins, afirmou, em nota, que o Tribunal Regional Federal da 4\u00aa Regi\u00e3o (TRF-4) reconheceu no julgamento do recurso de apela\u00e7\u00e3o &#8220;que o apartamento \u00e9 e sempre foi de propriedade da OAS Empreendimentos&#8221;.<\/p>\n<\/div>\n<div class=\"mc-column content-text active-extra-styles \" data-block-type=\"unstyled\" data-block-weight=\"36\" data-block-id=\"6\">\n<p class=\"content-text__container \" data-track-category=\"Link no Texto\" data-track-links=\"\">Segundo ele, Lula jamais teve a posse e muito menos a propriedade do im\u00f3vel. &#8220;A prova final \u00e9 que o mesmo juiz S\u00e9rgio Moro reconhece que os recursos do leil\u00e3o podem ir para a OAS\u201d, apontou.<\/p>\n<\/div>\n<div class=\"mc-column content-text active-extra-styles \" data-block-type=\"unstyled\" data-block-weight=\"52\" data-block-id=\"7\">\n<p class=\"content-text__container \" data-track-category=\"Link no Texto\" data-track-links=\"\">&#8220;Lula, portanto, jamais foi propriet\u00e1rio do apartamento, que foi usado em um enredo criado com o objetivo pr\u00e9-determinado de condenar o ex-presidente, em um claro cen\u00e1rio de lawfare [guerra jur\u00eddica], que consiste no mau uso e no abuso das leis e dos procedimentos jur\u00eddicos para fins de persegui\u00e7\u00e3o pol\u00edtica&#8221;, concluiu o advogado.<\/p>\n<\/div>\n<div class=\"mc-column content-text active-extra-styles\" data-block-type=\"raw\" data-block-weight=\"1\" data-block-id=\"8\">\n<div class=\"content-intertitle\">\n<h2>Condena\u00e7\u00f5es<\/h2>\n<\/div>\n<\/div>\n<div class=\"mc-column content-text active-extra-styles \" data-block-type=\"unstyled\" data-block-weight=\"52\" data-block-id=\"9\">\n<p class=\"content-text__container \" data-track-category=\"Link no Texto\" data-track-links=\"\">Lula foi condenado em duas inst\u00e2ncias no processo que envolve o triplex &#8211; em primeira, a\u00a0pena fixada foi de 9 anos e 6 meses de pris\u00e3o, pelos crimes de corrup\u00e7\u00e3o passiva e de lavagem de dinheiro; em segunda, a\u00a012 anos e 1 m\u00eas de pris\u00e3o, com in\u00edcio em regime fechado.<\/p>\n<\/div>\n<div class=\"mc-column content-text active-extra-styles \" data-block-type=\"unstyled\" data-block-weight=\"41\" data-block-id=\"10\">\n<p class=\"content-text__container \" data-track-category=\"Link no Texto\" data-track-links=\"\">O ex-presidente foi\u00a0acusado pelo MPF de receber propina da empreiteira OAS. A suposta vantagem, no valor de R$ 2,2 milh\u00f5es, teria sa\u00eddo de uma conta de propina destinada ao PT em troca do favorecimento da empresa em contratos na Petrobras.<\/p>\n<\/div>\n<div class=\"mc-column content-text active-extra-styles \" data-block-type=\"unstyled\" data-block-weight=\"25\" data-block-id=\"12\">\n<p class=\"content-text__container \" data-track-category=\"Link no Texto\" data-track-links=\"\">Segundo o MP, a vantagem foi paga na forma de reserva e reforma do apartamento no litoral paulista, cuja propriedade teria sido ocultada das autoridades.<\/p>\n<\/div>\n<div class=\"mc-column content-text active-extra-styles \" data-block-type=\"unstyled\" data-block-weight=\"27\" data-block-id=\"13\">\n<p class=\"content-text__container \" data-track-category=\"Link no Texto\" data-track-links=\"\">Um dos\u00a0depoimentos que baseou a acusa\u00e7\u00e3o\u00a0do Minist\u00e9rio P\u00fablico e a senten\u00e7a de Moro \u00e9 o do\u00a0ex-presidente da OAS L\u00e9o Pinheiro, tamb\u00e9m condenado no processo.<\/p>\n<\/div>\n<div class=\"mc-column content-text active-extra-styles \" data-block-type=\"unstyled\" data-block-weight=\"34\" data-block-id=\"14\">\n<p class=\"content-text__container \" data-track-category=\"Link no Texto\" data-track-links=\"\">Al\u00e9m de Lula, tamb\u00e9m foram julgados L\u00e9o Pinheiro (presidente afastado da OAS); Paulo Okamotto (presidente do Instituto Lula); Agenor Franklin Magalh\u00e3es Medeiros, Paulo Roberto Gordilho, Fabio Hori Yonamine, Roberto Moreira Ferreira (diretores da OAS).<\/p>\n<\/div>\n<div class=\"mc-column content-text active-extra-styles\" data-block-type=\"raw\" data-block-weight=\"1\" data-block-id=\"15\">\n<div class=\"content-intertitle\">\n<h2>Penhora<\/h2>\n<\/div>\n<\/div>\n<div class=\"mc-column content-text active-extra-styles \" data-block-type=\"unstyled\" data-block-weight=\"29\" data-block-id=\"16\">\n<p class=\"content-text__container \" data-track-category=\"Link no Texto\" data-track-links=\"\">Em janeiro, Moro tamb\u00e9m solicitou que 2\u00aa Vara de Execu\u00e7\u00e3o de T\u00edtulos Extrajudiciais da Justi\u00e7a Distrital de Bras\u00edlia tome provid\u00eancias para o levantamento da penhora em rela\u00e7\u00e3o ao im\u00f3vel.<\/p>\n<\/div>\n<div class=\"mc-column content-text active-extra-styles \" data-block-type=\"unstyled\" data-block-weight=\"34\" data-block-id=\"17\">\n<p class=\"content-text__container \" data-track-category=\"Link no Texto\" data-track-links=\"\">O juiz disse que o im\u00f3vel foi &#8220;inadvertidamente penhorado, pois o que \u00e9 produto de crime est\u00e1 sujeito a sequestro e confisco e n\u00e3o \u00e0 penhora por credor c\u00edvel ou a concurso de credores&#8221;.<\/p>\n<\/div>\n<div class=\"mc-column content-text active-extra-styles \" data-block-type=\"unstyled\" data-block-weight=\"39\" data-block-id=\"18\">\n<p class=\"content-text__container \" data-track-category=\"Link no Texto\" data-track-links=\"\">No documento, Moro tamb\u00e9m afirmou: &#8220;Atualmente n\u00e3o pertence \u00e0 OAS Empreendimentos nem ao ex-Presidente Luiz In\u00e1cio Lula da Silva. Est\u00e1 submetido \u00e0 constri\u00e7\u00e3o da Justi\u00e7a e ser\u00e1 alienado para que o produto reverta em benef\u00edcio da v\u00edtima, a Petrobras&#8221;.<\/p>\n<p><strong>CARIRI EM A\u00c7\u00c3O<\/strong><\/p>\n<p><em>Com G1\/Foto: G1<\/em><\/p>\n<p><strong>Leia mais not\u00edcias em\u00a0<\/strong><a href=\"http:\/\/www.caririemacao.com\/\"><strong>caririemacao.com<\/strong><\/a><strong>, siga nossa p\u00e1gina no\u00a0<\/strong><a href=\"https:\/\/www.facebook.com\/CaririEmAcao\/?ref=aymt_homepage_panel\"><strong>Facebook<\/strong><\/a>,<strong>\u00a0<\/strong><a href=\"https:\/\/www.instagram.com\/cariri_em_acao\/?hl=pt-br\"><strong>Instagram<\/strong><\/a><strong>\u00a0e\u00a0<\/strong><a href=\"https:\/\/www.youtube.com\/channel\/UCAptA0jQuYQy8vMhLt2m4qg\"><strong>Youtube<\/strong><\/a><strong>\u00a0e veja nossas mat\u00e9rias, v\u00eddeos e fotos. Voc\u00ea tamb\u00e9m pode enviar informa\u00e7\u00f5es \u00e0 Reda\u00e7\u00e3o do Portal Cariri em A\u00e7\u00e3o pelo WhatsApp (83) 9 9634.5791, (83) 9 9601-1162.<\/strong><\/p>\n<\/div>\n","protected":false},"excerpt":{"rendered":"<p>A Justi\u00e7a Federal marcou as datas da venda em leil\u00e3o p\u00fablico do triplex em Guaruj\u00e1, no litoral paulista, atribu\u00eddo pelo Minist\u00e9rio P\u00fablico Federal (MPF) ao&hellip; <\/p>\n","protected":false},"author":2,"featured_media":43661,"comment_status":"closed","ping_status":"closed","sticky":false,"template":"","format":"standard","meta":{"sfsi_plus_gutenberg_text_before_share":"","sfsi_plus_gutenberg_show_text_before_share":"","sfsi_plus_gutenberg_icon_type":"","sfsi_plus_gutenberg_icon_alignemt":"","sfsi_plus_gutenburg_max_per_row":"","footnotes":""},"categories":[11],"tags":[],"class_list":["post-43656","post","type-post","status-publish","format-standard","has-post-thumbnail","hentry","category-politica"],"_links":{"self":[{"href":"https:\/\/www.caririemacao.com\/1\/wp-json\/wp\/v2\/posts\/43656","targetHints":{"allow":["GET"]}}],"collection":[{"href":"https:\/\/www.caririemacao.com\/1\/wp-json\/wp\/v2\/posts"}],"about":[{"href":"https:\/\/www.caririemacao.com\/1\/wp-json\/wp\/v2\/types\/post"}],"author":[{"embeddable":true,"href":"https:\/\/www.caririemacao.com\/1\/wp-json\/wp\/v2\/users\/2"}],"replies":[{"embeddable":true,"href":"https:\/\/www.caririemacao.com\/1\/wp-json\/wp\/v2\/comments?post=43656"}],"version-history":[{"count":0,"href":"https:\/\/www.caririemacao.com\/1\/wp-json\/wp\/v2\/posts\/43656\/revisions"}],"wp:featuredmedia":[{"embeddable":true,"href":"https:\/\/www.caririemacao.com\/1\/wp-json\/wp\/v2\/media\/43661"}],"wp:attachment":[{"href":"https:\/\/www.caririemacao.com\/1\/wp-json\/wp\/v2\/media?parent=43656"}],"wp:term":[{"taxonomy":"category","embeddable":true,"href":"https:\/\/www.caririemacao.com\/1\/wp-json\/wp\/v2\/categories?post=43656"},{"taxonomy":"post_tag","embeddable":true,"href":"https:\/\/www.caririemacao.com\/1\/wp-json\/wp\/v2\/tags?post=43656"}],"curies":[{"name":"wp","href":"https:\/\/api.w.org\/{rel}","templated":true}]}}