{"id":43679,"date":"2018-03-11T08:53:54","date_gmt":"2018-03-11T11:53:54","guid":{"rendered":"http:\/\/caririemacao.com\/1\/?p=43679"},"modified":"2018-03-11T08:53:54","modified_gmt":"2018-03-11T11:53:54","slug":"temer-e-carmen-lucia-discutem-seguranca-publica-e-intervencao-no-rio","status":"publish","type":"post","link":"https:\/\/www.caririemacao.com\/1\/2018\/03\/11\/temer-e-carmen-lucia-discutem-seguranca-publica-e-intervencao-no-rio\/","title":{"rendered":"Temer e C\u00e1rmen L\u00facia discutem seguran\u00e7a p\u00fablica e interven\u00e7\u00e3o no Rio"},"content":{"rendered":"<p>O presidente Michel Temer fez uma visita neste s\u00e1bado (10) \u00e0 presidente do Supremo Tribunal Federal (STF), ministra C\u00e1rmen L\u00facia. Durante o encontro, eles conversaram sobre seguran\u00e7a p\u00fablica e a interven\u00e7\u00e3o federal decretada no estado do Rio de Janeiro h\u00e1 algumas semanas.<\/p>\n<p>O encontro ocorreu no in\u00edcio da tarde de hoje na resid\u00eancia da presidente do STF e n\u00e3o constava na agenda oficial do presidente. Ao sair da casa de C\u00e1rmen L\u00facia, Temer disse que ela se comprometeu em colaborar nos assuntos de seguran\u00e7a, tanto no Rio como em outros estados. A situa\u00e7\u00e3o dos pres\u00eddios brasileiros tamb\u00e9m foi discutida entre os dois, segundo a assessoria de imprensa do Pal\u00e1cio do Planalto.<\/p>\n<p>Ap\u00f3s a reuni\u00e3o, o presidente recebeu no Pal\u00e1cio do Jaburu os ministros da Secretaria-Geral da Presid\u00eancia, Moreira Franco, e da Fazenda, Henrique Meirelles. A pauta do encontro, no entanto, ainda n\u00e3o foi divulgada.<\/p>\n<p><strong>CARIRI EM A\u00c7\u00c3O<\/strong><\/p>\n<p><em>Com Ag\u00eancia Brasil\/Foto:\u00a0Ag\u00eancia Brasil<\/em><\/p>\n<p><strong>Leia mais not\u00edcias em\u00a0<\/strong><a href=\"http:\/\/www.caririemacao.com\/\"><strong>caririemacao.com<\/strong><\/a><strong>, siga nossa p\u00e1gina no\u00a0<\/strong><a href=\"https:\/\/www.facebook.com\/CaririEmAcao\/?ref=aymt_homepage_panel\"><strong>Facebook<\/strong><\/a>,<strong>\u00a0<\/strong><a href=\"https:\/\/www.instagram.com\/cariri_em_acao\/?hl=pt-br\"><strong>Instagram<\/strong><\/a><strong>\u00a0e\u00a0<\/strong><a href=\"https:\/\/www.youtube.com\/channel\/UCAptA0jQuYQy8vMhLt2m4qg\"><strong>Youtube<\/strong><\/a><strong>\u00a0e veja nossas mat\u00e9rias, v\u00eddeos e fotos. Voc\u00ea tamb\u00e9m pode enviar informa\u00e7\u00f5es \u00e0 Reda\u00e7\u00e3o do Portal Cariri em A\u00e7\u00e3o pelo WhatsApp (83) 9 9634.5791, (83) 9 9601-1162.Ag\u00eancia Brasil<\/strong><\/p>\n","protected":false},"excerpt":{"rendered":"<p>O presidente Michel Temer fez uma visita neste s\u00e1bado (10) \u00e0 presidente do Supremo Tribunal Federal (STF), ministra C\u00e1rmen L\u00facia. Durante o encontro, eles conversaram&hellip; <\/p>\n","protected":false},"author":2,"featured_media":43681,"comment_status":"closed","ping_status":"closed","sticky":false,"template":"","format":"standard","meta":{"sfsi_plus_gutenberg_text_before_share":"","sfsi_plus_gutenberg_show_text_before_share":"","sfsi_plus_gutenberg_icon_type":"","sfsi_plus_gutenberg_icon_alignemt":"","sfsi_plus_gutenburg_max_per_row":"","footnotes":""},"categories":[11],"tags":[],"class_list":["post-43679","post","type-post","status-publish","format-standard","has-post-thumbnail","hentry","category-politica"],"_links":{"self":[{"href":"https:\/\/www.caririemacao.com\/1\/wp-json\/wp\/v2\/posts\/43679","targetHints":{"allow":["GET"]}}],"collection":[{"href":"https:\/\/www.caririemacao.com\/1\/wp-json\/wp\/v2\/posts"}],"about":[{"href":"https:\/\/www.caririemacao.com\/1\/wp-json\/wp\/v2\/types\/post"}],"author":[{"embeddable":true,"href":"https:\/\/www.caririemacao.com\/1\/wp-json\/wp\/v2\/users\/2"}],"replies":[{"embeddable":true,"href":"https:\/\/www.caririemacao.com\/1\/wp-json\/wp\/v2\/comments?post=43679"}],"version-history":[{"count":0,"href":"https:\/\/www.caririemacao.com\/1\/wp-json\/wp\/v2\/posts\/43679\/revisions"}],"wp:featuredmedia":[{"embeddable":true,"href":"https:\/\/www.caririemacao.com\/1\/wp-json\/wp\/v2\/media\/43681"}],"wp:attachment":[{"href":"https:\/\/www.caririemacao.com\/1\/wp-json\/wp\/v2\/media?parent=43679"}],"wp:term":[{"taxonomy":"category","embeddable":true,"href":"https:\/\/www.caririemacao.com\/1\/wp-json\/wp\/v2\/categories?post=43679"},{"taxonomy":"post_tag","embeddable":true,"href":"https:\/\/www.caririemacao.com\/1\/wp-json\/wp\/v2\/tags?post=43679"}],"curies":[{"name":"wp","href":"https:\/\/api.w.org\/{rel}","templated":true}]}}