{"id":43689,"date":"2018-03-11T09:06:23","date_gmt":"2018-03-11T12:06:23","guid":{"rendered":"http:\/\/caririemacao.com\/1\/?p=43689"},"modified":"2018-03-11T09:06:23","modified_gmt":"2018-03-11T12:06:23","slug":"vitamina-d-reduz-risco-de-cancer-diz-estudo","status":"publish","type":"post","link":"https:\/\/www.caririemacao.com\/1\/2018\/03\/11\/vitamina-d-reduz-risco-de-cancer-diz-estudo\/","title":{"rendered":"Vitamina D reduz risco de c\u00e2ncer, diz estudo"},"content":{"rendered":"<p>A\u00a0vitamina D, subst\u00e2ncia que a gente garante a partir da exposi\u00e7\u00e3o ao sol, traz benef\u00edcios para a manuten\u00e7\u00e3o do esqueleto, j\u00e1 que ajuda fixar o c\u00e1lcio e o ferro em ossos e dentes. Mas a ci\u00eancia vem demonstrando que o nutriente tem outras cartas na manga. Recentemente, um estudo publicado no renomado\u00a0<em>British Medical Journal (BMJ)<\/em>\u00a0refor\u00e7ou, por exemplo, o potencial dessa vitamina na\u00a0preven\u00e7\u00e3o do c\u00e2ncer.<\/p>\n<p>O diferencial da pesquisa \u00e9 que foram avaliados 33 736 homens e mulheres do Jap\u00e3o. At\u00e9 agora, a maioria dos trabalhos levava em conta popula\u00e7\u00f5es europeias e americanas. E, como a presen\u00e7a de vitamina D no organismo pode variar de acordo com a etnia, \u00e9 importante verificar se os mesmos efeitos s\u00e3o observados em todo mundo.<\/p>\n<p>No in\u00edcio do trabalho, conduzido por pesquisadores do Centro de Ci\u00eancias da Sa\u00fade P\u00fablica do Centro Nacional de C\u00e2ncer no Jap\u00e3o, os participantes forneceram informa\u00e7\u00f5es detalhadas sobre hist\u00f3rico m\u00e9dico, dieta e h\u00e1bitos de vida, al\u00e9m de amostras de sangue para que os n\u00edveis de vitamina D pudessem ser medidos.<\/p>\n<p>Vale lembrar que as taxas dessa mol\u00e9cula na circula\u00e7\u00e3o variam durante o ano, j\u00e1 que a incid\u00eancia de raios solares influencia bastante nesse aspecto. Pois os cientistas levaram esse detalhe em conta antes de dividir as pessoas em quatro grupos, do menor para o maior n\u00edvel de vitamina D no corpo.<\/p>\n<p>Toda essa gente foi acompanhada por mais ou menos 16 anos, per\u00edodo no qual foram detectados 3 301 novos casos de c\u00e2ncer.<\/p>\n<p>Ap\u00f3s ajustar diversos fatores de risco para a doen\u00e7a (como idade, peso, tabagismo e por a\u00ed vai), os experts conclu\u00edram que os maiores n\u00edveis de vitamina D estavam associados a uma redu\u00e7\u00e3o de aproximadamente 20% na probabilidade de desenvolver qualquer tipo de c\u00e2ncer.<\/p>\n<p>Para\u00a0tumor de rim, o risco ca\u00eda de 30 a 50%, sendo que o impacto protetor ficou mais evidente em homens do que em mulheres. J\u00e1 em rela\u00e7\u00e3o a tumores de pulm\u00e3o e pr\u00f3stata n\u00e3o foi encontrado nenhum elo. Uma boa not\u00edcia \u00e9 que o grupo com \u00f3timas doses de vitamina D no sangue n\u00e3o apresentou aumento de risco para nenhum tipo de c\u00e2ncer.<\/p>\n<p>Embora os achados deem mais for\u00e7a ainda para considerarmos a vitamina D uma parceira na preven\u00e7\u00e3o dessa doen\u00e7a, os estudiosos ressaltam que pode existir um efeito-teto. Ou seja, a partir de determinada quantidade, o indiv\u00edduo n\u00e3o experimentaria benef\u00edcios extras. Em resumo, n\u00e3o adiantaria torrar no sol nem engolir um monte de\u00a0c\u00e1psulas.<\/p>\n<p>At\u00e9 porque o excesso da mol\u00e9cula\u00a0pode, sim, causar algumas complica\u00e7\u00f5es. Entre elas, o ac\u00famulo de c\u00e1lcio nas art\u00e9rias, que estaria por tr\u00e1s de infartos e derrames.<\/p>\n<p>Al\u00e9m disso, os especialistas frisaram, em comunicado divulgado pelo BMJ, que s\u00e3o necess\u00e1rios mais estudos justamente para entender qual seria essa concentra\u00e7\u00e3o capaz de blindar nosso corpo contra o surgimento de tumores. Enquanto isso n\u00e3o ocorre, 15 minutinhos ao sol j\u00e1 parecem suficientes para angariar muitas vantagens.<\/p>\n<p><strong>CARIRI EM A\u00c7\u00c3O<\/strong><\/p>\n<p><em>Com Sa\u00fade \u00e9 vital\/Foto: Reprodu\u00e7\u00e3o google<\/em><\/p>\n<p><strong>Leia mais not\u00edcias em\u00a0<\/strong><a href=\"http:\/\/www.caririemacao.com\/\"><strong>caririemacao.com<\/strong><\/a><strong>, siga nossa p\u00e1gina no\u00a0<\/strong><a href=\"https:\/\/www.facebook.com\/CaririEmAcao\/?ref=aymt_homepage_panel\"><strong>Facebook<\/strong><\/a>,<strong>\u00a0<\/strong><a href=\"https:\/\/www.instagram.com\/cariri_em_acao\/?hl=pt-br\"><strong>Instagram<\/strong><\/a><strong>\u00a0e\u00a0<\/strong><a href=\"https:\/\/www.youtube.com\/channel\/UCAptA0jQuYQy8vMhLt2m4qg\"><strong>Youtube<\/strong><\/a><strong>\u00a0e veja nossas mat\u00e9rias, v\u00eddeos e fotos. Voc\u00ea tamb\u00e9m pode enviar informa\u00e7\u00f5es \u00e0 Reda\u00e7\u00e3o do Portal Cariri em A\u00e7\u00e3o pelo WhatsApp (83) 9 9634.5791, (83) 9 9601-1162.<\/strong><\/p>\n","protected":false},"excerpt":{"rendered":"<p>A\u00a0vitamina D, subst\u00e2ncia que a gente garante a partir da exposi\u00e7\u00e3o ao sol, traz benef\u00edcios para a manuten\u00e7\u00e3o do esqueleto, j\u00e1 que ajuda fixar o&hellip; <\/p>\n","protected":false},"author":2,"featured_media":43690,"comment_status":"closed","ping_status":"closed","sticky":false,"template":"","format":"standard","meta":{"sfsi_plus_gutenberg_text_before_share":"","sfsi_plus_gutenberg_show_text_before_share":"","sfsi_plus_gutenberg_icon_type":"","sfsi_plus_gutenberg_icon_alignemt":"","sfsi_plus_gutenburg_max_per_row":"","footnotes":""},"categories":[16],"tags":[],"class_list":["post-43689","post","type-post","status-publish","format-standard","has-post-thumbnail","hentry","category-saude"],"_links":{"self":[{"href":"https:\/\/www.caririemacao.com\/1\/wp-json\/wp\/v2\/posts\/43689","targetHints":{"allow":["GET"]}}],"collection":[{"href":"https:\/\/www.caririemacao.com\/1\/wp-json\/wp\/v2\/posts"}],"about":[{"href":"https:\/\/www.caririemacao.com\/1\/wp-json\/wp\/v2\/types\/post"}],"author":[{"embeddable":true,"href":"https:\/\/www.caririemacao.com\/1\/wp-json\/wp\/v2\/users\/2"}],"replies":[{"embeddable":true,"href":"https:\/\/www.caririemacao.com\/1\/wp-json\/wp\/v2\/comments?post=43689"}],"version-history":[{"count":0,"href":"https:\/\/www.caririemacao.com\/1\/wp-json\/wp\/v2\/posts\/43689\/revisions"}],"wp:featuredmedia":[{"embeddable":true,"href":"https:\/\/www.caririemacao.com\/1\/wp-json\/wp\/v2\/media\/43690"}],"wp:attachment":[{"href":"https:\/\/www.caririemacao.com\/1\/wp-json\/wp\/v2\/media?parent=43689"}],"wp:term":[{"taxonomy":"category","embeddable":true,"href":"https:\/\/www.caririemacao.com\/1\/wp-json\/wp\/v2\/categories?post=43689"},{"taxonomy":"post_tag","embeddable":true,"href":"https:\/\/www.caririemacao.com\/1\/wp-json\/wp\/v2\/tags?post=43689"}],"curies":[{"name":"wp","href":"https:\/\/api.w.org\/{rel}","templated":true}]}}