{"id":43693,"date":"2018-03-11T09:10:20","date_gmt":"2018-03-11T12:10:20","guid":{"rendered":"http:\/\/caririemacao.com\/1\/?p=43693"},"modified":"2018-03-11T09:10:20","modified_gmt":"2018-03-11T12:10:20","slug":"exame-de-sangue-poderia-prever-risco-da-doenca","status":"publish","type":"post","link":"https:\/\/www.caririemacao.com\/1\/2018\/03\/11\/exame-de-sangue-poderia-prever-risco-da-doenca\/","title":{"rendered":"exame de sangue poderia prever risco da doen\u00e7a"},"content":{"rendered":"<p>Em um novo estudo publicado no peri\u00f3dico cient\u00edfico\u00a0<em>Alzheimer\u2019s &amp; Dementia<\/em>, pesquisadores identificaram no\u00a0sangue\u00a0mol\u00e9culas que podem servir como\u00a0biomarcadores\u00a0precoces do risco de\u00a0Alzheimer. Este \u00e9 o primeiro estudo a sugerir que a presen\u00e7a de elevados n\u00edveis de amino\u00e1cidos de cadeia ramificada podem indicar baixo risco de dem\u00eancia.<\/p>\n<p>\u201cAgora est\u00e1 claro que precisamos olhar para al\u00e9m dos caminhos tradicionalmente estudados da amiloide e da tau e entender todo o espectro de patologia envolvida em pessoas que apresentam sintomas de doen\u00e7a de Alzheimer e outras dem\u00eancias\u201d, observa Sudha Seshadri, professor de neurologia e l\u00edder do estudo.<\/p>\n<p>De acordo com Seshadri, h\u00e1 uma necessidade crescente de abordar a preven\u00e7\u00e3o e o tratamento das dem\u00eancias com uma \u201cabordagem de\u00a0 m\u00faltiplos elementos\u201d, j\u00e1 que essa n\u00e3o \u00e9 uma doen\u00e7a com uma \u00fanica causa. Finalmente os cientistas est\u00e3o come\u00e7ando a olhar para outros \u00f3rg\u00e3os e tecidos, n\u00e3o s\u00f3 para o c\u00e9rebro, em busca de marcadores da doen\u00e7a.<\/p>\n<h3>A conex\u00e3o entre sangue e dem\u00eancia<\/h3>\n<p>No estudo, cientistas da\u00a0Universidade do Texas em San Antonio, nos Estados Unidos, analisaram dados de oito estudos que acompanharam grandes grupos de pessoas de origem europeia em cinco pa\u00edses, por um longo per\u00edodo.\u00a0Eles tamb\u00e9m tiveram acesso a exames de sangue iniciais e registros da incid\u00eancia da doen\u00e7a de Alzheimer ou outras formas de dem\u00eancia nesses grupos.<\/p>\n<p>Desta forma, eles foram capazes de analisar amostas de sangue basais de 22.623 participantes que n\u00e3o apresentavam dem\u00eancia no in\u00edcio do estudo e tamb\u00e9m n\u00e3o tinham antecedentes de AVC ou \u201coutras doen\u00e7as neurol\u00f3gicas que afetem a fun\u00e7\u00e3o cognitiva\u201d. No total, 995 casos de dem\u00eancia e 745 casos de Alzheimer foram detectados durante o acompanhamento.<\/p>\n<p>Usando resson\u00e2ncia magn\u00e9tica nuclear e espectrometria de massa, os pesquisadores identificaram e quantificaram \u201cmetabolitos sangu\u00edneos,\u00a0lip\u00eddios lipoproteicos e\u00a0lip\u00eddios\u201d nas amostras basais de sangue.\u00a0Os resultados mostraram que algumas das mol\u00e9culas presentes nessas amostras estavam associadas a um menor risco de dem\u00eancia e doen\u00e7a de Alzheimer, enquanto outras estavam associadas a um maior risco.<\/p>\n<h3>V\u00e1rias mol\u00e9culas<\/h3>\n<p>O menor risco de dem\u00eancia foi associado a: amino\u00e1cidos de cadeia ramificada isoleucina, leucina e valina; creatinina; e duas subclasses de lipoprote\u00ednas de baixa densidade (VLDL).\u00a0O risco de Alzheimer inferior foi similarmente relacionado a amino\u00e1cidos de cadeia ramificada.<\/p>\n<p>Os amino\u00e1cidos de cadeia ramificada s\u00e3o nutrientes essenciais para o corpo\u00a0obtidos a partir de alimentos ricos em prote\u00ednas, como carne e legumes.<\/p>\n<p>J\u00e1 o aumento do risco de dem\u00eancia foi associado a uma lipoprote\u00edna de alta densidade (HDL) e a uma subclasse VLDL. E o de Alzheimer,\u00a0a uma subclasse HDL.<\/p>\n<p>Eles esperam que esses achados ampliem a busca de novos medicamentos, t\u00e3o necess\u00e1ria para a doen\u00e7a de Alzheimer e outras formas de dem\u00eancia. \u201c\u00c9 emocionante encontrar novos biomarcadores que possam nos ajudar a identificar pessoas que est\u00e3o no maior risco de dem\u00eancia\u201d, disse Seshadri.<\/p>\n<h3>Alzheimer e outras dem\u00eancias<\/h3>\n<p>A dem\u00eancia \u00e9 uma doen\u00e7a que afeta o c\u00e9rebro e gradualmente rouba a capacidade de um indiv\u00edduo lembrar, pensar, argumentar, se comunicar e cuidar de si mesmo. O Alzheimer \u00e9 a forma mais comum do problema. Cerca de 47 milh\u00f5es de pessoas vivem com dem\u00eancia no mundo, 65% delas com doen\u00e7a de Alzheimer.<\/p>\n<div id=\"facebookWidget\" data-m=\"{\" data-id=\"1024\" data-aop=\"facebookWidget\">\n<p><strong>CARIRI EM A\u00c7\u00c3O<\/strong><\/p>\n<p><em>Com Veja\/Foto: Reprodu\u00e7\u00e3o google<\/em><\/p>\n<p><strong>Leia mais not\u00edcias em\u00a0<\/strong><a href=\"http:\/\/www.caririemacao.com\/\"><strong>caririemacao.com<\/strong><\/a><strong>, siga nossa p\u00e1gina no\u00a0<\/strong><a href=\"https:\/\/www.facebook.com\/CaririEmAcao\/?ref=aymt_homepage_panel\"><strong>Facebook<\/strong><\/a>,<strong>\u00a0<\/strong><a href=\"https:\/\/www.instagram.com\/cariri_em_acao\/?hl=pt-br\"><strong>Instagram<\/strong><\/a><strong>\u00a0e\u00a0<\/strong><a href=\"https:\/\/www.youtube.com\/channel\/UCAptA0jQuYQy8vMhLt2m4qg\"><strong>Youtube<\/strong><\/a><strong>\u00a0e veja nossas mat\u00e9rias, v\u00eddeos e fotos. Voc\u00ea tamb\u00e9m pode enviar informa\u00e7\u00f5es \u00e0 Reda\u00e7\u00e3o do Portal Cariri em A\u00e7\u00e3o pelo WhatsApp (83) 9 9634.5791, (83) 9 9601-1162.<\/strong><\/p>\n<\/div>\n","protected":false},"excerpt":{"rendered":"<p>Em um novo estudo publicado no peri\u00f3dico cient\u00edfico\u00a0Alzheimer\u2019s &amp; Dementia, pesquisadores identificaram no\u00a0sangue\u00a0mol\u00e9culas que podem servir como\u00a0biomarcadores\u00a0precoces do risco de\u00a0Alzheimer. Este \u00e9 o primeiro estudo&hellip; <\/p>\n","protected":false},"author":2,"featured_media":43695,"comment_status":"closed","ping_status":"closed","sticky":false,"template":"","format":"standard","meta":{"sfsi_plus_gutenberg_text_before_share":"","sfsi_plus_gutenberg_show_text_before_share":"","sfsi_plus_gutenberg_icon_type":"","sfsi_plus_gutenberg_icon_alignemt":"","sfsi_plus_gutenburg_max_per_row":"","footnotes":""},"categories":[1],"tags":[],"class_list":["post-43693","post","type-post","status-publish","format-standard","has-post-thumbnail","hentry","category-o-site"],"_links":{"self":[{"href":"https:\/\/www.caririemacao.com\/1\/wp-json\/wp\/v2\/posts\/43693","targetHints":{"allow":["GET"]}}],"collection":[{"href":"https:\/\/www.caririemacao.com\/1\/wp-json\/wp\/v2\/posts"}],"about":[{"href":"https:\/\/www.caririemacao.com\/1\/wp-json\/wp\/v2\/types\/post"}],"author":[{"embeddable":true,"href":"https:\/\/www.caririemacao.com\/1\/wp-json\/wp\/v2\/users\/2"}],"replies":[{"embeddable":true,"href":"https:\/\/www.caririemacao.com\/1\/wp-json\/wp\/v2\/comments?post=43693"}],"version-history":[{"count":0,"href":"https:\/\/www.caririemacao.com\/1\/wp-json\/wp\/v2\/posts\/43693\/revisions"}],"wp:featuredmedia":[{"embeddable":true,"href":"https:\/\/www.caririemacao.com\/1\/wp-json\/wp\/v2\/media\/43695"}],"wp:attachment":[{"href":"https:\/\/www.caririemacao.com\/1\/wp-json\/wp\/v2\/media?parent=43693"}],"wp:term":[{"taxonomy":"category","embeddable":true,"href":"https:\/\/www.caririemacao.com\/1\/wp-json\/wp\/v2\/categories?post=43693"},{"taxonomy":"post_tag","embeddable":true,"href":"https:\/\/www.caririemacao.com\/1\/wp-json\/wp\/v2\/tags?post=43693"}],"curies":[{"name":"wp","href":"https:\/\/api.w.org\/{rel}","templated":true}]}}