{"id":43725,"date":"2018-03-11T11:29:57","date_gmt":"2018-03-11T14:29:57","guid":{"rendered":"http:\/\/caririemacao.com\/1\/?p=43725"},"modified":"2018-03-13T20:27:06","modified_gmt":"2018-03-13T23:27:06","slug":"camara-realiza-sessao-e-homenageia-as-mulheres-de-gurjao","status":"publish","type":"post","link":"https:\/\/www.caririemacao.com\/1\/2018\/03\/11\/camara-realiza-sessao-e-homenageia-as-mulheres-de-gurjao\/","title":{"rendered":"C\u00e2mara realiza sess\u00e3o e homenageia as mulheres de Gurj\u00e3o"},"content":{"rendered":"<p>A C\u00e2mara de Vereadores de Gurj\u00e3o realizou na noite desta sexta-feira, 9 de mar\u00e7o, uma sess\u00e3o especial, que al\u00e9m de aprovar v\u00e1rios requerimentos e projetos de lei, tamb\u00e9m homenageou as mulheres pelo Dia Internacional da Mulher.<\/p>\n<p>No in\u00edcio da sess\u00e3o, Adailsinho e Robson, presidente e secret\u00e1rio respectivamente, cederam suas cadeiras para as vereadoras Elizete e Selminha que comandaram a sess\u00e3o desta sexta, como forma de homenagem ao Dia da Mulher.<\/p>\n<p><a href=\"http:\/\/caririemacao.com\/1\/?attachment_id=43740\" rel=\"attachment wp-att-43740\"><img fetchpriority=\"high\" decoding=\"async\" class=\"aligncenter size-full wp-image-43740\" src=\"http:\/\/caririemacao.com\/1\/wp-content\/uploads\/2018\/03\/DSC_0105-1.jpg\" alt=\"\" width=\"800\" height=\"533\" srcset=\"https:\/\/www.caririemacao.com\/1\/wp-content\/uploads\/2018\/03\/DSC_0105-1.jpg 800w, https:\/\/www.caririemacao.com\/1\/wp-content\/uploads\/2018\/03\/DSC_0105-1-300x200.jpg 300w, https:\/\/www.caririemacao.com\/1\/wp-content\/uploads\/2018\/03\/DSC_0105-1-768x512.jpg 768w\" sizes=\"(max-width: 800px) 100vw, 800px\" \/><\/a><\/p>\n<p>A sess\u00e3o tamb\u00e9m contou com a presen\u00e7a de v\u00e1rias mulheres no plen\u00e1rio, entre elas, a ex-secret\u00e1ria de educa\u00e7\u00e3o Noelma Farias, da diretora da escola Juarez Maracaj\u00e1, Ana Luiza, e diretoras de \u00f3rg\u00e3os do governo municipal.<\/p>\n<p>No decorrer da sess\u00e3o, os vereadores se reversaram nas homenagens feitas as mulheres de Gurj\u00e3o. Eles tamb\u00e9m debateram e aprovaram v\u00e1rias demandas da sociedade.<\/p>\n<p>Veja abaixo o que foi aprovado e discutido na C\u00e2mara de Gurj\u00e3o nesta sexta-feira, dia 09:<\/p>\n<p><a href=\"http:\/\/caririemacao.com\/1\/?attachment_id=43732\" rel=\"attachment wp-att-43732\"><img decoding=\"async\" class=\"aligncenter size-full wp-image-43732 lazyload\" data-src=\"http:\/\/caririemacao.com\/1\/wp-content\/uploads\/2018\/03\/DSC_0001.jpg\" alt=\"\" width=\"800\" height=\"533\" data-srcset=\"https:\/\/www.caririemacao.com\/1\/wp-content\/uploads\/2018\/03\/DSC_0001.jpg 800w, https:\/\/www.caririemacao.com\/1\/wp-content\/uploads\/2018\/03\/DSC_0001-300x200.jpg 300w, https:\/\/www.caririemacao.com\/1\/wp-content\/uploads\/2018\/03\/DSC_0001-768x512.jpg 768w\" data-sizes=\"(max-width: 800px) 100vw, 800px\" src=\"data:image\/svg+xml;base64,PHN2ZyB3aWR0aD0iMSIgaGVpZ2h0PSIxIiB4bWxucz0iaHR0cDovL3d3dy53My5vcmcvMjAwMC9zdmciPjwvc3ZnPg==\" style=\"--smush-placeholder-width: 800px; --smush-placeholder-aspect-ratio: 800\/533;\" \/><\/a><\/p>\n<p><strong>Junior de Morais Teixeira<\/strong><\/p>\n<p>Solicitou ao prefeito Ronaldo Ramos de Queiroz, para que juntamente com a Secretaria de Infra Estrutura, empreenda esfor\u00e7os e estudos no sentido de implantar um redutor de velocidade na Rua Deusdet Correia de Queiroz. J\u00fanior ainda solicitou que estudasse a possibilidade de realizar a limpeza do Cruzeiro localizado no bairro Sebasti\u00e3o Borges Coutinho (Pedregal) e, instala\u00e7\u00e3o de lumin\u00e1rias no entorno.<\/p>\n<p><a href=\"http:\/\/caririemacao.com\/1\/?attachment_id=43735\" rel=\"attachment wp-att-43735\"><img decoding=\"async\" class=\"aligncenter size-full wp-image-43735 lazyload\" data-src=\"http:\/\/caririemacao.com\/1\/wp-content\/uploads\/2018\/03\/DSC_0038.jpg\" alt=\"\" width=\"800\" height=\"533\" data-srcset=\"https:\/\/www.caririemacao.com\/1\/wp-content\/uploads\/2018\/03\/DSC_0038.jpg 800w, https:\/\/www.caririemacao.com\/1\/wp-content\/uploads\/2018\/03\/DSC_0038-300x200.jpg 300w, https:\/\/www.caririemacao.com\/1\/wp-content\/uploads\/2018\/03\/DSC_0038-768x512.jpg 768w\" data-sizes=\"(max-width: 800px) 100vw, 800px\" src=\"data:image\/svg+xml;base64,PHN2ZyB3aWR0aD0iMSIgaGVpZ2h0PSIxIiB4bWxucz0iaHR0cDovL3d3dy53My5vcmcvMjAwMC9zdmciPjwvc3ZnPg==\" style=\"--smush-placeholder-width: 800px; --smush-placeholder-aspect-ratio: 800\/533;\" \/><\/a><\/p>\n<p><strong>Claudio Marcelo Pereira de Farias<\/strong><\/p>\n<p>Requereu ao Diretor do Departamento de Estradas e Rodagem da Para\u00edba &#8211; DER, Carlos Pereira de Carvalho e Silva, que analise a possibilidade de reparo e manuten\u00e7\u00e3o das bases das pontes localizadas na PB \u2013 176: a ponte do rio Riacho da Cobra, pr\u00f3ximo \u00e0 entrada da cidade de Gurj\u00e3o-PB, e a ponte do Rio Z\u00e9 da Silva, localizada na comunidade que recebe o mesmo nome.<\/p>\n<p><a href=\"http:\/\/caririemacao.com\/1\/?attachment_id=43742\" rel=\"attachment wp-att-43742\"><img decoding=\"async\" class=\"aligncenter size-full wp-image-43742 lazyload\" data-src=\"http:\/\/caririemacao.com\/1\/wp-content\/uploads\/2018\/03\/DSC_0032.jpg\" alt=\"\" width=\"800\" height=\"533\" data-srcset=\"https:\/\/www.caririemacao.com\/1\/wp-content\/uploads\/2018\/03\/DSC_0032.jpg 800w, https:\/\/www.caririemacao.com\/1\/wp-content\/uploads\/2018\/03\/DSC_0032-300x200.jpg 300w, https:\/\/www.caririemacao.com\/1\/wp-content\/uploads\/2018\/03\/DSC_0032-768x512.jpg 768w\" data-sizes=\"(max-width: 800px) 100vw, 800px\" src=\"data:image\/svg+xml;base64,PHN2ZyB3aWR0aD0iMSIgaGVpZ2h0PSIxIiB4bWxucz0iaHR0cDovL3d3dy53My5vcmcvMjAwMC9zdmciPjwvc3ZnPg==\" style=\"--smush-placeholder-width: 800px; --smush-placeholder-aspect-ratio: 800\/533;\" \/><\/a><\/p>\n<p><strong>Maria Elizete de Farias Almeida <\/strong><\/p>\n<p>Apresentou votos de profundo pesar pela morte do ex-vereador Martins Ananias, nascido em 08 de novembro de 1940 e que faleceu em 13 de janeiro de 2018. Solicitou ainda que seja dada ci\u00eancia a fam\u00edlia enlutada.<\/p>\n<p>Na justificativa, a vereadora Maria Elizete falou um pouco da trajet\u00f3ria do ex-vereador (In Memoriam). \u201cO vereador Martins Ananias era filho de Ananias Martins e Maria das Dores Rocha (In Memoriam). Nasceu e passou toda a sua vida na Comunidade de \u00c1gua Fria, munic\u00edpio de Gurj\u00e3o-PB, onde foi personagem ativo da hist\u00f3ria pol\u00edtica dessa localidade contribuindo como legislador na Casa Agripino de Farias Gurj\u00e3o por cinco mandatos. Iniciou sua carreira pol\u00edtica no ano de 1983, aos 43 anos, tendo encerrado no ano 2000, contando ainda 60 anos, por motivos de sa\u00fade\u201d, finalizou.<\/p>\n<p><a href=\"http:\/\/caririemacao.com\/1\/?attachment_id=43743\" rel=\"attachment wp-att-43743\"><img decoding=\"async\" class=\"aligncenter size-full wp-image-43743 lazyload\" data-src=\"http:\/\/caririemacao.com\/1\/wp-content\/uploads\/2018\/03\/DSC_0042.jpg\" alt=\"\" width=\"800\" height=\"533\" data-srcset=\"https:\/\/www.caririemacao.com\/1\/wp-content\/uploads\/2018\/03\/DSC_0042.jpg 800w, https:\/\/www.caririemacao.com\/1\/wp-content\/uploads\/2018\/03\/DSC_0042-300x200.jpg 300w, https:\/\/www.caririemacao.com\/1\/wp-content\/uploads\/2018\/03\/DSC_0042-768x512.jpg 768w\" data-sizes=\"(max-width: 800px) 100vw, 800px\" src=\"data:image\/svg+xml;base64,PHN2ZyB3aWR0aD0iMSIgaGVpZ2h0PSIxIiB4bWxucz0iaHR0cDovL3d3dy53My5vcmcvMjAwMC9zdmciPjwvc3ZnPg==\" style=\"--smush-placeholder-width: 800px; --smush-placeholder-aspect-ratio: 800\/533;\" \/><\/a><\/p>\n<p><strong>Robson Jos\u00e9 de Souto Cordeiro<\/strong><\/p>\n<p>O vereador Robson apresentou um importante projeto que institu\u00ed a Pol\u00edtica Municipal de Prote\u00e7\u00e3o dos Direitos da Pessoa com Transtorno do Espectro Autista, no que se compreende: Transtorno Autista, S\u00edndrome de Aspenger, Transtorno Desintegrativo da Inf\u00e2ncia, Transtorno Invasivo do Desenvolvimento sem outra especifica\u00e7\u00e3o e S\u00edndrome de Rett, al\u00e9m de definir como ser\u00e1 esta pol\u00edtica no munic\u00edpio.<\/p>\n<p>Segundo o PL do vereador Robson, o prefeito dever\u00e1 adotar o dia 2 (dois) de abril em espa\u00e7os p\u00fablicos do munic\u00edpio, a cor predominante (Azul), cor esta que simboliza o Dia Mundial da Conscientiza\u00e7\u00e3o do Autismo, data decretada pela ONU (Organiza\u00e7\u00e3o das Na\u00e7\u00f5es Unidas).<\/p>\n<p>Ap\u00f3s serem votados as proposituras dos vereadores, o Parlamento gurjaense aprovou tr\u00eas projetos de lei de iniciativa do Poder Executivo Municipal, iniciando pelo PL que solicita a contrata\u00e7\u00e3o por tempo determinado objetivando atender \u00e0 necessidade tempor\u00e1ria de excepcional interesse p\u00fablico, autorizando assim, o prefeito Ronaldo Queiroz, a realizar processo seletivo simplificado no munic\u00edpio.<\/p>\n<p>No segundo PL, os vereadores aprovaram que ser\u00e1 denominada Escola Municipal Fundamental de Major Raulino Maracaj\u00e1. J\u00e1 o terceiro, tratava sobre a localiza\u00e7\u00e3o, instala\u00e7\u00e3o e opera\u00e7\u00e3o de esta\u00e7\u00f5es r\u00e1dio base (ERBS) de telefonia e r\u00e1dio comunica\u00e7\u00e3o no munic\u00edpio. Esse projeto vem regular a situa\u00e7\u00e3o desse segmento em Gurj\u00e3o.<\/p>\n<p><a href=\"http:\/\/caririemacao.com\/1\/?attachment_id=43733\" rel=\"attachment wp-att-43733\"><img decoding=\"async\" class=\"aligncenter size-full wp-image-43733 lazyload\" data-src=\"http:\/\/caririemacao.com\/1\/wp-content\/uploads\/2018\/03\/DSC_0003.jpg\" alt=\"\" width=\"800\" height=\"533\" data-srcset=\"https:\/\/www.caririemacao.com\/1\/wp-content\/uploads\/2018\/03\/DSC_0003.jpg 800w, https:\/\/www.caririemacao.com\/1\/wp-content\/uploads\/2018\/03\/DSC_0003-300x200.jpg 300w, https:\/\/www.caririemacao.com\/1\/wp-content\/uploads\/2018\/03\/DSC_0003-768x512.jpg 768w\" data-sizes=\"(max-width: 800px) 100vw, 800px\" src=\"data:image\/svg+xml;base64,PHN2ZyB3aWR0aD0iMSIgaGVpZ2h0PSIxIiB4bWxucz0iaHR0cDovL3d3dy53My5vcmcvMjAwMC9zdmciPjwvc3ZnPg==\" style=\"--smush-placeholder-width: 800px; --smush-placeholder-aspect-ratio: 800\/533;\" \/><\/a><\/p>\n<p>Na tribuna, o vereador Robson comentou sobre os tr\u00eas projetos de lei apresentados pelo prefeito Ronaldo Queiroz, fazendo um resumo de cada um, dando sua opini\u00e3o acerca dos PLs.<\/p>\n<p><a href=\"http:\/\/caririemacao.com\/1\/?attachment_id=43744\" rel=\"attachment wp-att-43744\"><img decoding=\"async\" class=\"aligncenter size-full wp-image-43744 lazyload\" data-src=\"http:\/\/caririemacao.com\/1\/wp-content\/uploads\/2018\/03\/DSC_0070.jpg\" alt=\"\" width=\"800\" height=\"533\" data-srcset=\"https:\/\/www.caririemacao.com\/1\/wp-content\/uploads\/2018\/03\/DSC_0070.jpg 800w, https:\/\/www.caririemacao.com\/1\/wp-content\/uploads\/2018\/03\/DSC_0070-300x200.jpg 300w, https:\/\/www.caririemacao.com\/1\/wp-content\/uploads\/2018\/03\/DSC_0070-768x512.jpg 768w\" data-sizes=\"(max-width: 800px) 100vw, 800px\" src=\"data:image\/svg+xml;base64,PHN2ZyB3aWR0aD0iMSIgaGVpZ2h0PSIxIiB4bWxucz0iaHR0cDovL3d3dy53My5vcmcvMjAwMC9zdmciPjwvc3ZnPg==\" style=\"--smush-placeholder-width: 800px; --smush-placeholder-aspect-ratio: 800\/533;\" \/><\/a><\/p>\n<p>O vereador J\u00fanior falou da necessidade de cobran\u00e7a dos servi\u00e7os fornecidos pelas empresas oi, Cagepa e Energisa. J\u00fanior Morais tamb\u00e9m parabenizou as mulheres e enfatizou as comemora\u00e7\u00f5es do Dia da Mulher e a reforma da Vidalz\u00e3o.<\/p>\n<p><a href=\"http:\/\/caririemacao.com\/1\/?attachment_id=43745\" rel=\"attachment wp-att-43745\"><img decoding=\"async\" class=\"aligncenter size-full wp-image-43745 lazyload\" data-src=\"http:\/\/caririemacao.com\/1\/wp-content\/uploads\/2018\/03\/DSC_0065.jpg\" alt=\"\" width=\"800\" height=\"533\" data-srcset=\"https:\/\/www.caririemacao.com\/1\/wp-content\/uploads\/2018\/03\/DSC_0065.jpg 800w, https:\/\/www.caririemacao.com\/1\/wp-content\/uploads\/2018\/03\/DSC_0065-300x200.jpg 300w, https:\/\/www.caririemacao.com\/1\/wp-content\/uploads\/2018\/03\/DSC_0065-768x512.jpg 768w\" data-sizes=\"(max-width: 800px) 100vw, 800px\" src=\"data:image\/svg+xml;base64,PHN2ZyB3aWR0aD0iMSIgaGVpZ2h0PSIxIiB4bWxucz0iaHR0cDovL3d3dy53My5vcmcvMjAwMC9zdmciPjwvc3ZnPg==\" style=\"--smush-placeholder-width: 800px; --smush-placeholder-aspect-ratio: 800\/533;\" \/><\/a><\/p>\n<p>J\u00e1 o vereador Marcelo Farias fez reclama\u00e7\u00f5es sobre os servi\u00e7os prestados pela Cagepa, principalmente da falta d\u00b4\u00e1gua que tem sido constante no munic\u00edpio. Ele pediu providencias urgentes porque a popula\u00e7\u00e3o tem se prejudicado e muito, principalmente nos \u00faltimos dias. \u201cTem \u00e1gua na adutora, mas n\u00e3o chega em Gurj\u00e3o\u201d, lamentou.<\/p>\n<p><a href=\"http:\/\/caririemacao.com\/1\/?attachment_id=43746\" rel=\"attachment wp-att-43746\"><img decoding=\"async\" class=\"aligncenter size-full wp-image-43746 lazyload\" data-src=\"http:\/\/caririemacao.com\/1\/wp-content\/uploads\/2018\/03\/DSC_0074.jpg\" alt=\"\" width=\"800\" height=\"533\" data-srcset=\"https:\/\/www.caririemacao.com\/1\/wp-content\/uploads\/2018\/03\/DSC_0074.jpg 800w, https:\/\/www.caririemacao.com\/1\/wp-content\/uploads\/2018\/03\/DSC_0074-300x200.jpg 300w, https:\/\/www.caririemacao.com\/1\/wp-content\/uploads\/2018\/03\/DSC_0074-768x512.jpg 768w\" data-sizes=\"(max-width: 800px) 100vw, 800px\" src=\"data:image\/svg+xml;base64,PHN2ZyB3aWR0aD0iMSIgaGVpZ2h0PSIxIiB4bWxucz0iaHR0cDovL3d3dy53My5vcmcvMjAwMC9zdmciPjwvc3ZnPg==\" style=\"--smush-placeholder-width: 800px; --smush-placeholder-aspect-ratio: 800\/533;\" \/><\/a><\/p>\n<p>O vereador Sandro pediu solu\u00e7\u00e3o em rela\u00e7\u00e3o ao problema da falta d\u00b4\u00e1gua e falou sobre a reforma do gin\u00e1sio \u201cO Vidalz\u00e3o\u201d. Em rela\u00e7\u00e3o a reforma, Sandro disse que o prefeito j\u00e1 tem cinco anos de mandato e fez apenas a pintura do Gin\u00e1sio.<\/p>\n<p>O l\u00edder do governo na C\u00e2mara, J\u00fanior Morais, falou que o prefeito n\u00e3o fez a apenas a pintura, mas entregou a rede de prote\u00e7\u00e3o, reparos, melhoramento no telhado, e outros servi\u00e7os, al\u00e9m de entregar material esportivo e realizar atividades na \u00e1rea esportiva desde que assumiu o seu primeiro mandato.<\/p>\n<p><a href=\"http:\/\/caririemacao.com\/1\/?attachment_id=43747\" rel=\"attachment wp-att-43747\"><img decoding=\"async\" class=\"aligncenter size-full wp-image-43747 lazyload\" data-src=\"http:\/\/caririemacao.com\/1\/wp-content\/uploads\/2018\/03\/DSC_0081.jpg\" alt=\"\" width=\"800\" height=\"533\" data-srcset=\"https:\/\/www.caririemacao.com\/1\/wp-content\/uploads\/2018\/03\/DSC_0081.jpg 800w, https:\/\/www.caririemacao.com\/1\/wp-content\/uploads\/2018\/03\/DSC_0081-300x200.jpg 300w, https:\/\/www.caririemacao.com\/1\/wp-content\/uploads\/2018\/03\/DSC_0081-768x512.jpg 768w\" data-sizes=\"(max-width: 800px) 100vw, 800px\" src=\"data:image\/svg+xml;base64,PHN2ZyB3aWR0aD0iMSIgaGVpZ2h0PSIxIiB4bWxucz0iaHR0cDovL3d3dy53My5vcmcvMjAwMC9zdmciPjwvc3ZnPg==\" style=\"--smush-placeholder-width: 800px; --smush-placeholder-aspect-ratio: 800\/533;\" \/><\/a><\/p>\n<p>O presidente Adailsinho Queiroz iniciou sua participa\u00e7\u00e3o na tribuna parabenizando as mulheres, em especial as mulheres de Gurj\u00e3o. Ele destacou a realiza\u00e7\u00e3o da audi\u00eancia p\u00fablica do or\u00e7amento democr\u00e1tico estadual, realizado na cidade de Sum\u00e9, neste s\u00e1bado.<\/p>\n<p>Adailsinho falou que o projeto \u201cGabinete Itinerante\u201d, bem como, as sess\u00f5es, j\u00e1 est\u00e3o sendo planejadas para serem iniciadas na zona rural.<\/p>\n<p><a href=\"http:\/\/caririemacao.com\/1\/?attachment_id=43761\" rel=\"attachment wp-att-43761\"><img decoding=\"async\" class=\"aligncenter size-full wp-image-43761 lazyload\" data-src=\"http:\/\/caririemacao.com\/1\/wp-content\/uploads\/2018\/03\/29101991_1199106376892050_943137426216321024_n.jpg\" alt=\"\" width=\"800\" height=\"533\" data-srcset=\"https:\/\/www.caririemacao.com\/1\/wp-content\/uploads\/2018\/03\/29101991_1199106376892050_943137426216321024_n.jpg 800w, https:\/\/www.caririemacao.com\/1\/wp-content\/uploads\/2018\/03\/29101991_1199106376892050_943137426216321024_n-300x200.jpg 300w, https:\/\/www.caririemacao.com\/1\/wp-content\/uploads\/2018\/03\/29101991_1199106376892050_943137426216321024_n-768x512.jpg 768w\" data-sizes=\"(max-width: 800px) 100vw, 800px\" src=\"data:image\/svg+xml;base64,PHN2ZyB3aWR0aD0iMSIgaGVpZ2h0PSIxIiB4bWxucz0iaHR0cDovL3d3dy53My5vcmcvMjAwMC9zdmciPjwvc3ZnPg==\" style=\"--smush-placeholder-width: 800px; --smush-placeholder-aspect-ratio: 800\/533;\" \/><\/a><\/p>\n<p>No final da sess\u00e3o, a vereadora Maria Elizete que coordenou os trabalhos da sess\u00e3o desta sexta-feira, dia 09, agradeceu a gentileza do presidente Adailsinho por ter dado esta oportunidade. \u201cJ\u00e1 s\u00e3o 20 anos e nunca tive a oportunidade de assentar na mesa de presidente. Estou muito feliz e emocionada\u201d, ressaltou.<\/p>\n<p><a href=\"http:\/\/caririemacao.com\/1\/?attachment_id=43749\" rel=\"attachment wp-att-43749\"><img decoding=\"async\" class=\"aligncenter size-full wp-image-43749 lazyload\" data-src=\"http:\/\/caririemacao.com\/1\/wp-content\/uploads\/2018\/03\/DSC_0058-1.jpg\" alt=\"\" width=\"800\" height=\"533\" data-srcset=\"https:\/\/www.caririemacao.com\/1\/wp-content\/uploads\/2018\/03\/DSC_0058-1.jpg 800w, https:\/\/www.caririemacao.com\/1\/wp-content\/uploads\/2018\/03\/DSC_0058-1-300x200.jpg 300w, https:\/\/www.caririemacao.com\/1\/wp-content\/uploads\/2018\/03\/DSC_0058-1-768x512.jpg 768w\" data-sizes=\"(max-width: 800px) 100vw, 800px\" src=\"data:image\/svg+xml;base64,PHN2ZyB3aWR0aD0iMSIgaGVpZ2h0PSIxIiB4bWxucz0iaHR0cDovL3d3dy53My5vcmcvMjAwMC9zdmciPjwvc3ZnPg==\" style=\"--smush-placeholder-width: 800px; --smush-placeholder-aspect-ratio: 800\/533;\" \/><\/a><\/p>\n<p>A vereadora Selminha tamb\u00e9m agradeceu ao presidente e pelo gesto do vereador Robson Cordeiro por ter cedido sua cadeira de secret\u00e1rio para que ela pudesse secretariar a sess\u00e3o especial que veio valorizar a mulher.<\/p>\n<p>O presidente do Legislativo gurjaense, destacou o belo trabalho coordenado pela vereadora Elizete e secretariado pela vereadora Selminha.<\/p>\n<p>VEJA VIDEOS:<\/p>\n<p><div class=\"ose- ose-uid-6f71bdc99c7f4868cab80de860cb7f13 ose-embedpress-responsive\" style=\"width:600px; height:550px; max-height:550px; max-width:100%; display:inline-block;\" data-embed-type=\"Facebook\"><iframe allowFullScreen=\"true\" class=\"embera-facebook-iframe-6f71b lazyload\" data-src=\"https:\/\/www.facebook.com\/plugins\/post.php?href=https%3A%2F%2Fwww.facebook.com%2FCaririEmAcao%2Fvideos%2F1198660713603283%2F&width=600&height=550&show_text=true\" width=\"600\" height=\"550\" style=\"border:none;overflow:hidden\" scrolling=\"no\" frameborder=\"0\" allowTransparency=\"true\" src=\"data:image\/svg+xml;base64,PHN2ZyB3aWR0aD0iMSIgaGVpZ2h0PSIxIiB4bWxucz0iaHR0cDovL3d3dy53My5vcmcvMjAwMC9zdmciPjwvc3ZnPg==\" data-load-mode=\"1\"><\/iframe><\/div><\/p>\n<p><div class=\"ose- ose-uid-7dfc31067e59686dbe256861620d9ac4 ose-embedpress-responsive\" style=\"width:600px; height:550px; max-height:550px; max-width:100%; display:inline-block;\" data-embed-type=\"Facebook\"><iframe allowFullScreen=\"true\" class=\"embera-facebook-iframe-7dfc3 lazyload\" data-src=\"https:\/\/www.facebook.com\/plugins\/post.php?href=https%3A%2F%2Fwww.facebook.com%2FCaririEmAcao%2Fvideos%2F1198652193604135%2F&width=600&height=550&show_text=true\" width=\"600\" height=\"550\" style=\"border:none;overflow:hidden\" scrolling=\"no\" frameborder=\"0\" allowTransparency=\"true\" src=\"data:image\/svg+xml;base64,PHN2ZyB3aWR0aD0iMSIgaGVpZ2h0PSIxIiB4bWxucz0iaHR0cDovL3d3dy53My5vcmcvMjAwMC9zdmciPjwvc3ZnPg==\" data-load-mode=\"1\"><\/iframe><\/div><\/p>\n<div class=\"pf-content\">\n<p><div class=\"ose- ose-uid-e605cc3a029b6c6c07423ed5fc0a0cee ose-embedpress-responsive\" style=\"width:600px; height:550px; max-height:550px; max-width:100%; display:inline-block;\" data-embed-type=\"Facebook\"><iframe allowFullScreen=\"true\" class=\"embera-facebook-iframe-e605c lazyload\" data-src=\"https:\/\/www.facebook.com\/plugins\/post.php?href=https%3A%2F%2Fwww.facebook.com%2FCaririEmAcao%2Fvideos%2F1198656276937060%2F&width=600&height=550&show_text=true\" width=\"600\" height=\"550\" style=\"border:none;overflow:hidden\" scrolling=\"no\" frameborder=\"0\" allowTransparency=\"true\" src=\"data:image\/svg+xml;base64,PHN2ZyB3aWR0aD0iMSIgaGVpZ2h0PSIxIiB4bWxucz0iaHR0cDovL3d3dy53My5vcmcvMjAwMC9zdmciPjwvc3ZnPg==\" data-load-mode=\"1\"><\/iframe><\/div><\/p>\n<p><strong>CARIRI EM A\u00c7\u00c3O<\/strong><\/p>\n<p><strong>Leia mais not\u00edcias em\u00a0<\/strong><a href=\"http:\/\/www.caririemacao.com\/\"><strong>caririemacao.com<\/strong><\/a><strong>, siga nossa p\u00e1gina no\u00a0<\/strong><a href=\"https:\/\/www.facebook.com\/CaririEmAcao\/?ref=aymt_homepage_panel\"><strong>Facebook<\/strong><\/a>,<strong>\u00a0<\/strong><a href=\"https:\/\/www.instagram.com\/cariri_em_acao\/?hl=pt-br\"><strong>Instagram<\/strong><\/a><strong>\u00a0e\u00a0<\/strong><a href=\"https:\/\/www.youtube.com\/channel\/UCAptA0jQuYQy8vMhLt2m4qg\"><strong>Youtube<\/strong><\/a><strong>\u00a0e veja nossas mat\u00e9rias, v\u00eddeos e fotos. Voc\u00ea tamb\u00e9m pode enviar informa\u00e7\u00f5es \u00e0 Reda\u00e7\u00e3o do Portal Cariri em A\u00e7\u00e3o pelo WhatsApp (83) 9 9634.5791, (83) 9 9601-1162.<\/strong><\/p>\n<\/div>\n","protected":false},"excerpt":{"rendered":"<p>A C\u00e2mara de Vereadores de Gurj\u00e3o realizou na noite desta sexta-feira, 9 de mar\u00e7o, uma sess\u00e3o especial, que al\u00e9m de aprovar v\u00e1rios requerimentos e projetos&hellip; <\/p>\n","protected":false},"author":2,"featured_media":43762,"comment_status":"closed","ping_status":"closed","sticky":false,"template":"","format":"standard","meta":{"sfsi_plus_gutenberg_text_before_share":"","sfsi_plus_gutenberg_show_text_before_share":"","sfsi_plus_gutenberg_icon_type":"","sfsi_plus_gutenberg_icon_alignemt":"","sfsi_plus_gutenburg_max_per_row":"","footnotes":""},"categories":[11],"tags":[],"class_list":["post-43725","post","type-post","status-publish","format-standard","has-post-thumbnail","hentry","category-politica"],"_links":{"self":[{"href":"https:\/\/www.caririemacao.com\/1\/wp-json\/wp\/v2\/posts\/43725","targetHints":{"allow":["GET"]}}],"collection":[{"href":"https:\/\/www.caririemacao.com\/1\/wp-json\/wp\/v2\/posts"}],"about":[{"href":"https:\/\/www.caririemacao.com\/1\/wp-json\/wp\/v2\/types\/post"}],"author":[{"embeddable":true,"href":"https:\/\/www.caririemacao.com\/1\/wp-json\/wp\/v2\/users\/2"}],"replies":[{"embeddable":true,"href":"https:\/\/www.caririemacao.com\/1\/wp-json\/wp\/v2\/comments?post=43725"}],"version-history":[{"count":0,"href":"https:\/\/www.caririemacao.com\/1\/wp-json\/wp\/v2\/posts\/43725\/revisions"}],"wp:featuredmedia":[{"embeddable":true,"href":"https:\/\/www.caririemacao.com\/1\/wp-json\/wp\/v2\/media\/43762"}],"wp:attachment":[{"href":"https:\/\/www.caririemacao.com\/1\/wp-json\/wp\/v2\/media?parent=43725"}],"wp:term":[{"taxonomy":"category","embeddable":true,"href":"https:\/\/www.caririemacao.com\/1\/wp-json\/wp\/v2\/categories?post=43725"},{"taxonomy":"post_tag","embeddable":true,"href":"https:\/\/www.caririemacao.com\/1\/wp-json\/wp\/v2\/tags?post=43725"}],"curies":[{"name":"wp","href":"https:\/\/api.w.org\/{rel}","templated":true}]}}