{"id":43764,"date":"2018-03-11T21:49:56","date_gmt":"2018-03-12T00:49:56","guid":{"rendered":"http:\/\/caririemacao.com\/1\/?p=43764"},"modified":"2018-03-11T21:49:56","modified_gmt":"2018-03-12T00:49:56","slug":"exclusivo-cpcon-divulga-gabaritos-e-provas-provisoria-do-concurso-de-serra-branca","status":"publish","type":"post","link":"https:\/\/www.caririemacao.com\/1\/2018\/03\/11\/exclusivo-cpcon-divulga-gabaritos-e-provas-provisoria-do-concurso-de-serra-branca\/","title":{"rendered":"EXCLUSIVO: CPCon divulga gabaritos e provas provis\u00f3ria do concurso de Serra Branca\u00a0"},"content":{"rendered":"<p>Foi divulgado na noite deste domingo (11) o gabarito e as provas provis\u00f3rias do concurso da Prefeitura de Serra Branca, para o preenchimento de 94 vagas, com sal\u00e1rios entre R$ 937,00 e R$ 1.735,00.<\/p>\n<p><a href=\"https:\/\/cpcon.uepb.edu.br\/concursos\/PMSerraBrancaPB2018\/prova_gabarito\/prova_gabarito_provisorio.html#\"><strong>&gt;&gt;&gt;Clique e confira o gabarito provis\u00f3rio do concurso de Serra Branca.<\/strong><\/a><\/p>\n<p>O candidato poder\u00e1\u00a0interpor recurso contra o gabarito provis\u00f3rio e as provas objetivas\u00a0no link abaixo:<\/p>\n<p><a href=\"https:\/\/cpcon.uepb.edu.br\/sigeps_final\/candidato\/recurso\">RECURSOS\u00a0<\/a><\/p>\n<p><strong>CARIRI EM A\u00c7\u00c3O<\/strong><\/p>\n<p><strong>Leia mais not\u00edcias em\u00a0<\/strong><a style=\"font-style: inherit; font-weight: inherit;\" href=\"http:\/\/www.caririemacao.com\/\"><strong style=\"font-style: inherit;\">caririemacao.com<\/strong><\/a><strong style=\"font-style: inherit;\">, siga nossa p\u00e1gina no\u00a0<\/strong><a style=\"font-style: inherit; font-weight: inherit;\" href=\"https:\/\/www.facebook.com\/CaririEmAcao\/?ref=aymt_homepage_panel\"><strong style=\"font-style: inherit;\">Facebook<\/strong><\/a>,<strong style=\"font-style: inherit;\">\u00a0<\/strong><a style=\"font-style: inherit; font-weight: inherit;\" href=\"https:\/\/www.instagram.com\/cariri_em_acao\/?hl=pt-br\"><strong style=\"font-style: inherit;\">Instagram<\/strong><\/a><strong style=\"font-style: inherit;\">\u00a0e\u00a0<\/strong><a style=\"font-style: inherit; font-weight: inherit;\" href=\"https:\/\/www.youtube.com\/channel\/UCAptA0jQuYQy8vMhLt2m4qg\"><strong style=\"font-style: inherit;\">Youtube<\/strong><\/a><strong style=\"font-style: inherit;\">\u00a0e veja nossas mat\u00e9rias, v\u00eddeos e fotos. Voc\u00ea tamb\u00e9m pode enviar informa\u00e7\u00f5es \u00e0 Reda\u00e7\u00e3o do Portal Cariri em A\u00e7\u00e3o pelo WhatsApp (83) 9 9634.5791, (83) 9 9601-1162.<\/strong><\/p>\n","protected":false},"excerpt":{"rendered":"<p>Foi divulgado na noite deste domingo (11) o gabarito e as provas provis\u00f3rias do concurso da Prefeitura de Serra Branca, para o preenchimento de 94&hellip; <\/p>\n","protected":false},"author":2,"featured_media":36474,"comment_status":"closed","ping_status":"closed","sticky":false,"template":"","format":"standard","meta":{"sfsi_plus_gutenberg_text_before_share":"","sfsi_plus_gutenberg_show_text_before_share":"","sfsi_plus_gutenberg_icon_type":"","sfsi_plus_gutenberg_icon_alignemt":"","sfsi_plus_gutenburg_max_per_row":"","footnotes":""},"categories":[2],"tags":[],"class_list":["post-43764","post","type-post","status-publish","format-standard","has-post-thumbnail","hentry","category-geral"],"_links":{"self":[{"href":"https:\/\/www.caririemacao.com\/1\/wp-json\/wp\/v2\/posts\/43764","targetHints":{"allow":["GET"]}}],"collection":[{"href":"https:\/\/www.caririemacao.com\/1\/wp-json\/wp\/v2\/posts"}],"about":[{"href":"https:\/\/www.caririemacao.com\/1\/wp-json\/wp\/v2\/types\/post"}],"author":[{"embeddable":true,"href":"https:\/\/www.caririemacao.com\/1\/wp-json\/wp\/v2\/users\/2"}],"replies":[{"embeddable":true,"href":"https:\/\/www.caririemacao.com\/1\/wp-json\/wp\/v2\/comments?post=43764"}],"version-history":[{"count":0,"href":"https:\/\/www.caririemacao.com\/1\/wp-json\/wp\/v2\/posts\/43764\/revisions"}],"wp:featuredmedia":[{"embeddable":true,"href":"https:\/\/www.caririemacao.com\/1\/wp-json\/wp\/v2\/media\/36474"}],"wp:attachment":[{"href":"https:\/\/www.caririemacao.com\/1\/wp-json\/wp\/v2\/media?parent=43764"}],"wp:term":[{"taxonomy":"category","embeddable":true,"href":"https:\/\/www.caririemacao.com\/1\/wp-json\/wp\/v2\/categories?post=43764"},{"taxonomy":"post_tag","embeddable":true,"href":"https:\/\/www.caririemacao.com\/1\/wp-json\/wp\/v2\/tags?post=43764"}],"curies":[{"name":"wp","href":"https:\/\/api.w.org\/{rel}","templated":true}]}}