{"id":43766,"date":"2018-03-12T11:23:01","date_gmt":"2018-03-12T14:23:01","guid":{"rendered":"http:\/\/caririemacao.com\/1\/?p=43766"},"modified":"2018-03-12T11:30:54","modified_gmt":"2018-03-12T14:30:54","slug":"3a-trilha-das-ilimitadas-e-realizada-em-camalau-veja-as-fotos","status":"publish","type":"post","link":"https:\/\/www.caririemacao.com\/1\/2018\/03\/12\/3a-trilha-das-ilimitadas-e-realizada-em-camalau-veja-as-fotos\/","title":{"rendered":"3\u00aa trilha das &#8220;Ilimitadas&#8221; \u00e9 realizada em Camala\u00fa; Veja as FOTOS"},"content":{"rendered":"<p>A Trilha as Ilimitadas, realizado neste final de semana na cidade de Camala\u00fa, no Cariri Paraibano, se firmou como o maior encontro de\u00a0trilheiros\u00a0da regi\u00e3o e um dos maiores da Para\u00edba.<\/p>\n<p><a href=\"http:\/\/caririemacao.com\/1\/?attachment_id=43812\" rel=\"attachment wp-att-43812\"><img fetchpriority=\"high\" decoding=\"async\" class=\"aligncenter size-full wp-image-43812\" src=\"http:\/\/caririemacao.com\/1\/wp-content\/uploads\/2018\/03\/3\u00aa-trilhas-as-ilimitadas-2018_2-97.jpg\" alt=\"\" width=\"800\" height=\"533\" srcset=\"https:\/\/www.caririemacao.com\/1\/wp-content\/uploads\/2018\/03\/3\u00aa-trilhas-as-ilimitadas-2018_2-97.jpg 800w, https:\/\/www.caririemacao.com\/1\/wp-content\/uploads\/2018\/03\/3\u00aa-trilhas-as-ilimitadas-2018_2-97-300x200.jpg 300w, https:\/\/www.caririemacao.com\/1\/wp-content\/uploads\/2018\/03\/3\u00aa-trilhas-as-ilimitadas-2018_2-97-768x512.jpg 768w\" sizes=\"(max-width: 800px) 100vw, 800px\" \/><\/a><\/p>\n<p>O evento\u00a0foi um sucesso e garantiu, neste domingo, dia 11, a presen\u00e7a de aproximadamente 1.000 motos de\u00a0diversas cidades da Para\u00edba, Pernambuco, Rio Grande do Norte, Cear\u00e1 e Alagoas.<\/p>\n<p><a href=\"http:\/\/caririemacao.com\/1\/?attachment_id=43808\" rel=\"attachment wp-att-43808\"><img decoding=\"async\" class=\"aligncenter size-full wp-image-43808 lazyload\" data-src=\"http:\/\/caririemacao.com\/1\/wp-content\/uploads\/2018\/03\/3\u00aa-trilha-as-Ilimitadas-2018-333.jpg\" alt=\"\" width=\"800\" height=\"533\" data-srcset=\"https:\/\/www.caririemacao.com\/1\/wp-content\/uploads\/2018\/03\/3\u00aa-trilha-as-Ilimitadas-2018-333.jpg 800w, https:\/\/www.caririemacao.com\/1\/wp-content\/uploads\/2018\/03\/3\u00aa-trilha-as-Ilimitadas-2018-333-300x200.jpg 300w, https:\/\/www.caririemacao.com\/1\/wp-content\/uploads\/2018\/03\/3\u00aa-trilha-as-Ilimitadas-2018-333-768x512.jpg 768w\" data-sizes=\"(max-width: 800px) 100vw, 800px\" src=\"data:image\/svg+xml;base64,PHN2ZyB3aWR0aD0iMSIgaGVpZ2h0PSIxIiB4bWxucz0iaHR0cDovL3d3dy53My5vcmcvMjAwMC9zdmciPjwvc3ZnPg==\" style=\"--smush-placeholder-width: 800px; --smush-placeholder-aspect-ratio: 800\/533;\" \/><\/a><\/p>\n<p>Em sua 3\u00aa edi\u00e7\u00e3o, o evento contou com um percurso de quase 80 km e teve muita emo\u00e7\u00e3o, passando em lugares incr\u00edveis e acompanhados de muita adrenalina e emo\u00e7\u00f5es.<\/p>\n<p>A programa\u00e7\u00e3o promovida pela equipe feminina \u201cAs Ilimitadas\u201d teve in\u00edcio na noite deste s\u00e1bado, dia 10, onde os trilheiros foram recepcionados ao show de Lino e J\u00fanior.<\/p>\n<p><a href=\"http:\/\/caririemacao.com\/1\/?attachment_id=43811\" rel=\"attachment wp-att-43811\"><img decoding=\"async\" class=\"aligncenter size-full wp-image-43811 lazyload\" data-src=\"http:\/\/caririemacao.com\/1\/wp-content\/uploads\/2018\/03\/3\u00aa-trilha-as-Ilimitadas-2018-410.jpg\" alt=\"\" width=\"800\" height=\"533\" data-srcset=\"https:\/\/www.caririemacao.com\/1\/wp-content\/uploads\/2018\/03\/3\u00aa-trilha-as-Ilimitadas-2018-410.jpg 800w, https:\/\/www.caririemacao.com\/1\/wp-content\/uploads\/2018\/03\/3\u00aa-trilha-as-Ilimitadas-2018-410-300x200.jpg 300w, https:\/\/www.caririemacao.com\/1\/wp-content\/uploads\/2018\/03\/3\u00aa-trilha-as-Ilimitadas-2018-410-768x512.jpg 768w\" data-sizes=\"(max-width: 800px) 100vw, 800px\" src=\"data:image\/svg+xml;base64,PHN2ZyB3aWR0aD0iMSIgaGVpZ2h0PSIxIiB4bWxucz0iaHR0cDovL3d3dy53My5vcmcvMjAwMC9zdmciPjwvc3ZnPg==\" style=\"--smush-placeholder-width: 800px; --smush-placeholder-aspect-ratio: 800\/533;\" \/><\/a><\/p>\n<p>J\u00e1 na manh\u00e3 deste domingo, dia 11, ap\u00f3s a concentra\u00e7\u00e3o no Balne\u00e1rio P\u00fablico de Camala\u00fa, os trilheiros entraram na trilha e depois de quase cinco horas, todos estavam de volta ao local de partida.<\/p>\n<p><a href=\"http:\/\/caririemacao.com\/1\/?attachment_id=43821\" rel=\"attachment wp-att-43821\"><img decoding=\"async\" class=\"aligncenter size-full wp-image-43821 lazyload\" data-src=\"http:\/\/caririemacao.com\/1\/wp-content\/uploads\/2018\/03\/3\u00aa-trilha-as-Ilimitadas-2018-13.jpg\" alt=\"\" width=\"800\" height=\"533\" data-srcset=\"https:\/\/www.caririemacao.com\/1\/wp-content\/uploads\/2018\/03\/3\u00aa-trilha-as-Ilimitadas-2018-13.jpg 800w, https:\/\/www.caririemacao.com\/1\/wp-content\/uploads\/2018\/03\/3\u00aa-trilha-as-Ilimitadas-2018-13-300x200.jpg 300w, https:\/\/www.caririemacao.com\/1\/wp-content\/uploads\/2018\/03\/3\u00aa-trilha-as-Ilimitadas-2018-13-768x512.jpg 768w\" data-sizes=\"(max-width: 800px) 100vw, 800px\" src=\"data:image\/svg+xml;base64,PHN2ZyB3aWR0aD0iMSIgaGVpZ2h0PSIxIiB4bWxucz0iaHR0cDovL3d3dy53My5vcmcvMjAwMC9zdmciPjwvc3ZnPg==\" style=\"--smush-placeholder-width: 800px; --smush-placeholder-aspect-ratio: 800\/533;\" \/><\/a><\/p>\n<p>Era poss\u00edvel ver nos rostos dos participantes a felicidade de poder ter participado do evento.<\/p>\n<p><a href=\"http:\/\/caririemacao.com\/1\/?attachment_id=43841\" rel=\"attachment wp-att-43841\"><img decoding=\"async\" class=\"aligncenter size-full wp-image-43841 lazyload\" data-src=\"http:\/\/caririemacao.com\/1\/wp-content\/uploads\/2018\/03\/ana-paula.jpg\" alt=\"\" width=\"1201\" height=\"669\" data-srcset=\"https:\/\/www.caririemacao.com\/1\/wp-content\/uploads\/2018\/03\/ana-paula.jpg 1201w, https:\/\/www.caririemacao.com\/1\/wp-content\/uploads\/2018\/03\/ana-paula-300x167.jpg 300w, https:\/\/www.caririemacao.com\/1\/wp-content\/uploads\/2018\/03\/ana-paula-768x428.jpg 768w, https:\/\/www.caririemacao.com\/1\/wp-content\/uploads\/2018\/03\/ana-paula-1024x570.jpg 1024w, https:\/\/www.caririemacao.com\/1\/wp-content\/uploads\/2018\/03\/ana-paula-800x445.jpg 800w\" data-sizes=\"(max-width: 1201px) 100vw, 1201px\" src=\"data:image\/svg+xml;base64,PHN2ZyB3aWR0aD0iMSIgaGVpZ2h0PSIxIiB4bWxucz0iaHR0cDovL3d3dy53My5vcmcvMjAwMC9zdmciPjwvc3ZnPg==\" style=\"--smush-placeholder-width: 1201px; --smush-placeholder-aspect-ratio: 1201\/669;\" \/><\/a><\/p>\n<p>A participante Ana Paula, de S\u00e3o Domingos, munic\u00edpio de Brejo da Madre de Deus\/PE disse ao Cariri em A\u00e7\u00e3o que \u00e9 a primeira que participa do evento e que gostou muito. \u201c\u00c9 a minha primeira vez e achei incr\u00edvel a trilha. Quero voltar em 2019. Vou convidar as minhas amigas e falar da minha experi\u00eancia nesta trilha sensacional\u201d, explicou.<\/p>\n<p>Depois de voltarem da trilha, todos os pilotos almo\u00e7aram e desfrutaram de um refrescante banho e show musical.<\/p>\n<p><a href=\"http:\/\/caririemacao.com\/1\/?attachment_id=43838\" rel=\"attachment wp-att-43838\"><img decoding=\"async\" class=\"aligncenter size-full wp-image-43838 lazyload\" data-src=\"http:\/\/caririemacao.com\/1\/wp-content\/uploads\/2018\/03\/tamires-1.jpg\" alt=\"\" width=\"1121\" height=\"675\" data-srcset=\"https:\/\/www.caririemacao.com\/1\/wp-content\/uploads\/2018\/03\/tamires-1.jpg 1121w, https:\/\/www.caririemacao.com\/1\/wp-content\/uploads\/2018\/03\/tamires-1-300x181.jpg 300w, https:\/\/www.caririemacao.com\/1\/wp-content\/uploads\/2018\/03\/tamires-1-768x462.jpg 768w, https:\/\/www.caririemacao.com\/1\/wp-content\/uploads\/2018\/03\/tamires-1-1024x617.jpg 1024w\" data-sizes=\"(max-width: 1121px) 100vw, 1121px\" src=\"data:image\/svg+xml;base64,PHN2ZyB3aWR0aD0iMSIgaGVpZ2h0PSIxIiB4bWxucz0iaHR0cDovL3d3dy53My5vcmcvMjAwMC9zdmciPjwvc3ZnPg==\" style=\"--smush-placeholder-width: 1121px; --smush-placeholder-aspect-ratio: 1121\/675;\" \/><\/a><\/p>\n<p>Para Tamires e Cintia Andrade, coordenadoras da 3\u00aa Trilha das Ilimitadas, novamente o evento foi um grande sucesso. \u201cPara nossa felicidade, esta edi\u00e7\u00e3o superou as expectativas, sendo um sucesso. O clima estava perfeito, a trilha com suas emo\u00e7\u00f5es e os pilotos que largaram retornaram felizes e satisfeitos. Acredito que trabalhamos da maneira correta e que o resultado acabou sendo positivo. Queremos manter isso e voltar em 2019 com a mesma qualidade de realiza\u00e7\u00e3o\u201d, finalizaram, visivelmente emocionadas e realizadas.<\/p>\n<p><a href=\"https:\/\/www.facebook.com\/pg\/CaririEmAcao\/photos\/?tab=album&amp;album_id=1200275633441791\">VEJA FOTOS:\u00a0<strong>3\u00aa trilha das Ilimitadas \u00e9 realizada em Camala\u00fa &#8211; PARTE 01<\/strong><\/a><\/p>\n<p><a href=\"https:\/\/www.facebook.com\/pg\/CaririEmAcao\/photos\/?tab=album&amp;album_id=1200276686775019\">VEJA FOTOS:\u00a0<strong>3\u00aa trilha das Ilimitadas \u00e9 realizada em Camala\u00fa &#8211; PARTE 02<\/strong><\/a><\/p>\n<p><strong>Leia mais not\u00edcias em\u00a0<\/strong><a href=\"http:\/\/www.caririemacao.com\/\"><strong>caririemacao.com<\/strong><\/a><strong>, siga nossa p\u00e1gina no\u00a0<\/strong><a href=\"https:\/\/www.facebook.com\/CaririEmAcao\/?ref=aymt_homepage_panel\"><strong>Facebook<\/strong><\/a>,<strong>\u00a0<\/strong><a href=\"https:\/\/www.instagram.com\/cariri_em_acao\/?hl=pt-br\"><strong>Instagram<\/strong><\/a><strong>\u00a0e\u00a0<\/strong><a href=\"https:\/\/www.youtube.com\/channel\/UCAptA0jQuYQy8vMhLt2m4qg\"><strong>Youtube<\/strong><\/a><strong>\u00a0e veja nossas mat\u00e9rias, v\u00eddeos e fotos. Voc\u00ea tamb\u00e9m pode enviar informa\u00e7\u00f5es \u00e0 Reda\u00e7\u00e3o do Portal Cariri em A\u00e7\u00e3o pelo WhatsApp (83) 9 9634.5791, (83) 9 9601-1162.<\/strong><\/p>\n","protected":false},"excerpt":{"rendered":"<p>A Trilha as Ilimitadas, realizado neste final de semana na cidade de Camala\u00fa, no Cariri Paraibano, se firmou como o maior encontro de\u00a0trilheiros\u00a0da regi\u00e3o e&hellip; <\/p>\n","protected":false},"author":2,"featured_media":43820,"comment_status":"closed","ping_status":"closed","sticky":false,"template":"","format":"standard","meta":{"sfsi_plus_gutenberg_text_before_share":"","sfsi_plus_gutenberg_show_text_before_share":"","sfsi_plus_gutenberg_icon_type":"","sfsi_plus_gutenberg_icon_alignemt":"","sfsi_plus_gutenburg_max_per_row":"","footnotes":""},"categories":[2],"tags":[],"class_list":["post-43766","post","type-post","status-publish","format-standard","has-post-thumbnail","hentry","category-geral"],"_links":{"self":[{"href":"https:\/\/www.caririemacao.com\/1\/wp-json\/wp\/v2\/posts\/43766","targetHints":{"allow":["GET"]}}],"collection":[{"href":"https:\/\/www.caririemacao.com\/1\/wp-json\/wp\/v2\/posts"}],"about":[{"href":"https:\/\/www.caririemacao.com\/1\/wp-json\/wp\/v2\/types\/post"}],"author":[{"embeddable":true,"href":"https:\/\/www.caririemacao.com\/1\/wp-json\/wp\/v2\/users\/2"}],"replies":[{"embeddable":true,"href":"https:\/\/www.caririemacao.com\/1\/wp-json\/wp\/v2\/comments?post=43766"}],"version-history":[{"count":0,"href":"https:\/\/www.caririemacao.com\/1\/wp-json\/wp\/v2\/posts\/43766\/revisions"}],"wp:featuredmedia":[{"embeddable":true,"href":"https:\/\/www.caririemacao.com\/1\/wp-json\/wp\/v2\/media\/43820"}],"wp:attachment":[{"href":"https:\/\/www.caririemacao.com\/1\/wp-json\/wp\/v2\/media?parent=43766"}],"wp:term":[{"taxonomy":"category","embeddable":true,"href":"https:\/\/www.caririemacao.com\/1\/wp-json\/wp\/v2\/categories?post=43766"},{"taxonomy":"post_tag","embeddable":true,"href":"https:\/\/www.caririemacao.com\/1\/wp-json\/wp\/v2\/tags?post=43766"}],"curies":[{"name":"wp","href":"https:\/\/api.w.org\/{rel}","templated":true}]}}