{"id":43771,"date":"2018-03-12T10:21:04","date_gmt":"2018-03-12T13:21:04","guid":{"rendered":"http:\/\/caririemacao.com\/1\/?p=43771"},"modified":"2018-03-12T10:22:03","modified_gmt":"2018-03-12T13:22:03","slug":"joao-azevedo-e-eden-duarte-se-reunem-com-empresario-e-discutem-instalacao-de-uma-industria-textil-em-sume","status":"publish","type":"post","link":"https:\/\/www.caririemacao.com\/1\/2018\/03\/12\/joao-azevedo-e-eden-duarte-se-reunem-com-empresario-e-discutem-instalacao-de-uma-industria-textil-em-sume\/","title":{"rendered":"Jo\u00e3o Azevedo e \u00c9den Duarte se re\u00fanem com empres\u00e1rio e discutem instala\u00e7\u00e3o de uma ind\u00fastria t\u00eaxtil em Sum\u00e9"},"content":{"rendered":"<p>O secret\u00e1rio estadual, Jo\u00e3o Azevedo, esteve neste s\u00e1bado, dia 10, na cidade de Sum\u00e9, participando da inaugura\u00e7\u00e3o da Casa da Agricultura Familiar e da audi\u00eancia do Or\u00e7amento democr\u00e1tico estadual.<\/p>\n<p>Durante sua visita, o secret\u00e1rio Jo\u00e3o, ao lado do prefeito de Sum\u00e9, \u00c9den Duarte, da secret\u00e1ria de Assist\u00eancia Social de Sum\u00e9, Taniere L\u00eala, e dos secret\u00e1rios estaduais, Cida Ramos e Waldson de Sousa, tiveram uma importante reuni\u00e3o com o representante de uma empresa pernambucana do segmento T\u00eaxtil, Camilo Brito, discutindo a instala\u00e7\u00e3o de uma unidade da ind\u00fastria em Sum\u00e9.<\/p>\n<p>Segundo o secret\u00e1rio Jo\u00e3o Azevedo, outros encontros ser\u00e3o realizados para viabilizar a vinda da empresa para o Estado da Para\u00edba, especificamente para a cidade de Sum\u00e9, j\u00e1 que j\u00e1 existe uma grande articula\u00e7\u00e3o do prefeito da cidade, \u00c9den Duarte.<\/p>\n<p>O prefeito \u00c9den disse ao Cariri em A\u00e7\u00e3o que com a vinda da empresa t\u00eaxtil cerca de dois mil empregos diretos e cinco mil indiretos ser\u00e3o gerados, beneficiando toda uma regi\u00e3o.<\/p>\n<p><strong>CARIRI EM A\u00c7\u00c3O<\/strong><\/p>\n<p><strong>Leia mais not\u00edcias em\u00a0<\/strong><a href=\"http:\/\/www.caririemacao.com\/\"><strong>caririemacao.com<\/strong><\/a><strong>, siga nossa p\u00e1gina no\u00a0<\/strong><a href=\"https:\/\/www.facebook.com\/CaririEmAcao\/?ref=aymt_homepage_panel\"><strong>Facebook<\/strong><\/a>,<strong>\u00a0<\/strong><a href=\"https:\/\/www.instagram.com\/cariri_em_acao\/?hl=pt-br\"><strong>Instagram<\/strong><\/a><strong>\u00a0e\u00a0<\/strong><a href=\"https:\/\/www.youtube.com\/channel\/UCAptA0jQuYQy8vMhLt2m4qg\"><strong>Youtube<\/strong><\/a><strong>\u00a0e veja nossas mat\u00e9rias, v\u00eddeos e fotos. Voc\u00ea tamb\u00e9m pode enviar informa\u00e7\u00f5es \u00e0 Reda\u00e7\u00e3o do Portal Cariri em A\u00e7\u00e3o pelo WhatsApp (83) 9 9634.5791, (83) 9 9601-1162.<\/strong><\/p>\n","protected":false},"excerpt":{"rendered":"<p>O secret\u00e1rio estadual, Jo\u00e3o Azevedo, esteve neste s\u00e1bado, dia 10, na cidade de Sum\u00e9, participando da inaugura\u00e7\u00e3o da Casa da Agricultura Familiar e da audi\u00eancia&hellip; <\/p>\n","protected":false},"author":2,"featured_media":43769,"comment_status":"closed","ping_status":"closed","sticky":false,"template":"","format":"standard","meta":{"sfsi_plus_gutenberg_text_before_share":"","sfsi_plus_gutenberg_show_text_before_share":"","sfsi_plus_gutenberg_icon_type":"","sfsi_plus_gutenberg_icon_alignemt":"","sfsi_plus_gutenburg_max_per_row":"","footnotes":""},"categories":[2],"tags":[],"class_list":["post-43771","post","type-post","status-publish","format-standard","has-post-thumbnail","hentry","category-geral"],"_links":{"self":[{"href":"https:\/\/www.caririemacao.com\/1\/wp-json\/wp\/v2\/posts\/43771","targetHints":{"allow":["GET"]}}],"collection":[{"href":"https:\/\/www.caririemacao.com\/1\/wp-json\/wp\/v2\/posts"}],"about":[{"href":"https:\/\/www.caririemacao.com\/1\/wp-json\/wp\/v2\/types\/post"}],"author":[{"embeddable":true,"href":"https:\/\/www.caririemacao.com\/1\/wp-json\/wp\/v2\/users\/2"}],"replies":[{"embeddable":true,"href":"https:\/\/www.caririemacao.com\/1\/wp-json\/wp\/v2\/comments?post=43771"}],"version-history":[{"count":0,"href":"https:\/\/www.caririemacao.com\/1\/wp-json\/wp\/v2\/posts\/43771\/revisions"}],"wp:featuredmedia":[{"embeddable":true,"href":"https:\/\/www.caririemacao.com\/1\/wp-json\/wp\/v2\/media\/43769"}],"wp:attachment":[{"href":"https:\/\/www.caririemacao.com\/1\/wp-json\/wp\/v2\/media?parent=43771"}],"wp:term":[{"taxonomy":"category","embeddable":true,"href":"https:\/\/www.caririemacao.com\/1\/wp-json\/wp\/v2\/categories?post=43771"},{"taxonomy":"post_tag","embeddable":true,"href":"https:\/\/www.caririemacao.com\/1\/wp-json\/wp\/v2\/tags?post=43771"}],"curies":[{"name":"wp","href":"https:\/\/api.w.org\/{rel}","templated":true}]}}