{"id":43781,"date":"2018-03-12T07:14:34","date_gmt":"2018-03-12T10:14:34","guid":{"rendered":"http:\/\/caririemacao.com\/1\/?p=43781"},"modified":"2018-03-12T07:14:34","modified_gmt":"2018-03-12T10:14:34","slug":"candidatura-do-mdb-divide-nucleo-de-temer-no-planalto","status":"publish","type":"post","link":"https:\/\/www.caririemacao.com\/1\/2018\/03\/12\/candidatura-do-mdb-divide-nucleo-de-temer-no-planalto\/","title":{"rendered":"Candidatura do MDB divide n\u00facleo de Temer no Planalto"},"content":{"rendered":"<p><span class=\"news_capital_letter\">A<\/span>migo do presidente Michel Temer desde os anos 1990, o ministro-chefe da Secretaria-Geral da Presid\u00eancia, Wellington Moreira Franco, \u00e9 hoje um dos principais defensores, no Pal\u00e1cio do Planalto, da candidatura do chefe a um novo mandato. Em p\u00fablico, ele desconversa, mas, nos bastidores, n\u00e3o apenas tem simpatia pela ideia como trabalha com afinco para que o projeto se concretize.<\/p>\n<p>A proximidade do ministro com o presidente causa ci\u00fames dentro e fora do Planalto. O gabinete de Moreira fica no quarto andar do Planalto. Na outra ponta, no mesmo andar, fica o ministro da Casa Civil, Eliseu Padilha. Os dois integram a dire\u00e7\u00e3o do MDB, fazem parte do grupo de Temer e, ao lado do presidente, s\u00e3o alvo de inqu\u00e9rito aberto para apurar repasses de R$ 10 milh\u00f5es da Odebrecht para o partido, em 2014.<\/p>\n<p>Mesmo assim, Moreira e Padilha t\u00eam um relacionamento protocolar e n\u00e3o \u00e9 raro protagonizarem diverg\u00eancias. Conhecido por fazer planilhas certeiras com o placar de vota\u00e7\u00f5es no Congresso, Padilha, por sua vez, parece mais pragm\u00e1tico em rela\u00e7\u00e3o \u00e0 sucess\u00e3o presidencial. O chefe da Casa Civil tem a mesma opini\u00e3o do presidente do MDB, senador Romero Juc\u00e1 (RR), para quem o ministro da Fazenda, Henrique Meirelles, re\u00fane credenciais para unir o centro pol\u00edtico e ser o candidato do governo, migrando do PSD para o MDB.<\/p>\n<p>Diante dos holofotes, por\u00e9m, Padilha diz apenas que a base do governo, liderada pelo MDB, deve ter um \u00fanico concorrente ao Planalto. &#8220;Meirelles faz uma justa postula\u00e7\u00e3o, mas n\u00f3s temos de ter a compet\u00eancia de chegar em junho e verificar quem possui melhores perspectivas para ser candidato&#8221;, disse Padilha .<\/p>\n<p><strong>Interven\u00e7\u00e3o<\/strong><\/p>\n<p>A discuss\u00e3o sobre a candidatura de Temer \u00e0 reelei\u00e7\u00e3o ganhou for\u00e7a ap\u00f3s o governo decretar a interven\u00e7\u00e3o na seguran\u00e7a p\u00fablica no Rio, no m\u00eas passado. Mesmo com o alto \u00edndice de rejei\u00e7\u00e3o do presidente e 1% nas pesquisas de inten\u00e7\u00e3o de voto, auxiliares diretos, como o marqueteiro Elsinho Mouco, dizem acreditar numa &#8220;mudan\u00e7a de vento&#8221; com o foco do governo na seguran\u00e7a p\u00fablica. Moreira foi um dos que aconselharam Temer a convocar as For\u00e7as Armadas para a interven\u00e7\u00e3o federal no Rio.<\/p>\n<p>A agenda negativa, por\u00e9m, voltou a rondar o Pal\u00e1cio do Planalto ap\u00f3s novos reveses no Judici\u00e1rio. No in\u00edcio do m\u00eas, Temer foi inclu\u00eddo em inqu\u00e9rito que apura o repasse da Odebrecht &#8211; no qual j\u00e1 figuram Moreira e Padilha &#8211; e, na semana passada, o ministro Lu\u00eds Roberto Barroso, do Supremo Tribunal Federal (STF), autorizou a quebra de seu sigilo banc\u00e1rio na investiga\u00e7\u00e3o sobre irregularidades envolvendo o chamado Decreto dos Portos, editado em maio do ano passado.<\/p>\n<p>Na lista dos conselheiros de Temer figura ainda o ex-presidente Jos\u00e9 Sarney (MDB). Em recente conversa com ele e Moreira, Sarney afirmou que o MDB precisava ter um candidato para chamar de seu na campanha e impedir o governo de ser espancado na arena eleitoral.<\/p>\n<p>Disse que seu maior arrependimento, naquela \u00e9poca, foi n\u00e3o ter apoiado ningu\u00e9m. &#8220;Precisava de um candidato para defender o meu legado&#8221;, insistiu o ex-presidente, que aconselhou Temer a n\u00e3o repetir o &#8220;erro&#8221; quase tr\u00eas d\u00e9cadas depois. At\u00e9 no Planalto, por\u00e9m, o MDB \u00e9 chamado de &#8220;franquia&#8221; pol\u00edtica, que pode ter um palanque diferente em cada Estado.<\/p>\n<p><strong>Base<\/strong><\/p>\n<p>O recado de Sarney tem como pano de fundo a tentativa de pr\u00e9-candidatos de partidos que integram a base aliada de se afastarem da imagem do governo. Al\u00e9m do governador de S\u00e3o Paulo, Geraldo Alckmin (PSDB), o presidente da C\u00e2mara, Rodrigo Maia (DEM-RJ), se lan\u00e7ou na disputa presidencial na semana passada com o discurso de independ\u00eancia em rela\u00e7\u00e3o \u00e0 atual gest\u00e3o.<\/p>\n<p>&#8220;A obriga\u00e7\u00e3o de defender o legado \u00e9 do governo, n\u00e3o da minha candidatura. Para defender o legado do governo, n\u00e3o estou disposto&#8221;, disse ele ao ter seu nome oficializado na corrida eleitoral, na quinta-feira passada, em Bras\u00edlia.<\/p>\n<p>Para aliados na C\u00e2mara, como o l\u00edder do governo, Aguinaldo Ribeiro (PP-PB), mesmo que a a\u00e7\u00e3o no Rio renda frutos \u00e0 imagem do presidente, uma candidatura depender\u00e1 ainda de outros fatores.<\/p>\n<p>&#8220;Se o governo conseguir, n\u00e3o \u00e9 nem s\u00f3 fazer dar certo, mas que essa percep\u00e7\u00e3o seja transformada em um fortalecimento da imagem do presidente, evidentemente que ele vai ter uma outra posi\u00e7\u00e3o, mas ele tem dito que n\u00e3o \u00e9 candidato. Se isso se configurar, ele no m\u00ednimo ser\u00e1 um grande eleitor&#8221;, disse. &#8220;Na pol\u00edtica, a percep\u00e7\u00e3o do eleitor \u00e9 imprevis\u00edvel. Voc\u00ea pode ter a\u00ed uma rea\u00e7\u00e3o que pode mudar isso. Vamos aguardar os fatos. Nada em pol\u00edtica \u00e9 irrevers\u00edvel.&#8221;<\/p>\n<p>Segundo o deputado do PP, uma candidatura \u00fanica do centro vai depender da capacidade e do altru\u00edsmo dos l\u00edderes dos partidos. &#8220;O que a gente tem visto na pol\u00edtica \u00e9 que as pessoas t\u00eam se preocupado \u00e0s vezes com os projetos pessoais&#8221;, afirmou Ribeiro. (Colaboraram Daiene Cardoso e Isadora Peron).<\/p>\n<p><strong>CARIRI EM A\u00c7\u00c3O<\/strong><\/p>\n<p><em>Com Jornal o\u00a0Estado de S. Paulo\/Foto:\u00a0\u00a0Alan Santos<\/em><\/p>\n<p><strong>Leia mais not\u00edcias em\u00a0<\/strong><a href=\"http:\/\/www.caririemacao.com\/\"><strong>caririemacao.com<\/strong><\/a><strong>, siga nossa p\u00e1gina no\u00a0<\/strong><a href=\"https:\/\/www.facebook.com\/CaririEmAcao\/?ref=aymt_homepage_panel\"><strong>Facebook<\/strong><\/a>,<strong>\u00a0<\/strong><a href=\"https:\/\/www.instagram.com\/cariri_em_acao\/?hl=pt-br\"><strong>Instagram<\/strong><\/a><strong>\u00a0e\u00a0<\/strong><a href=\"https:\/\/www.youtube.com\/channel\/UCAptA0jQuYQy8vMhLt2m4qg\"><strong>Youtube<\/strong><\/a><strong>\u00a0e veja nossas mat\u00e9rias, v\u00eddeos e fotos. Voc\u00ea tamb\u00e9m pode enviar informa\u00e7\u00f5es \u00e0 Reda\u00e7\u00e3o do Portal Cariri em A\u00e7\u00e3o pelo WhatsApp (83) 9 9634.5791, (83) 9 9601-1162.<\/strong><\/p>\n","protected":false},"excerpt":{"rendered":"<p>Amigo do presidente Michel Temer desde os anos 1990, o ministro-chefe da Secretaria-Geral da Presid\u00eancia, Wellington Moreira Franco, \u00e9 hoje um dos principais defensores, no&hellip; <\/p>\n","protected":false},"author":2,"featured_media":43782,"comment_status":"closed","ping_status":"closed","sticky":false,"template":"","format":"standard","meta":{"sfsi_plus_gutenberg_text_before_share":"","sfsi_plus_gutenberg_show_text_before_share":"","sfsi_plus_gutenberg_icon_type":"","sfsi_plus_gutenberg_icon_alignemt":"","sfsi_plus_gutenburg_max_per_row":"","footnotes":""},"categories":[11],"tags":[],"class_list":["post-43781","post","type-post","status-publish","format-standard","has-post-thumbnail","hentry","category-politica"],"_links":{"self":[{"href":"https:\/\/www.caririemacao.com\/1\/wp-json\/wp\/v2\/posts\/43781","targetHints":{"allow":["GET"]}}],"collection":[{"href":"https:\/\/www.caririemacao.com\/1\/wp-json\/wp\/v2\/posts"}],"about":[{"href":"https:\/\/www.caririemacao.com\/1\/wp-json\/wp\/v2\/types\/post"}],"author":[{"embeddable":true,"href":"https:\/\/www.caririemacao.com\/1\/wp-json\/wp\/v2\/users\/2"}],"replies":[{"embeddable":true,"href":"https:\/\/www.caririemacao.com\/1\/wp-json\/wp\/v2\/comments?post=43781"}],"version-history":[{"count":0,"href":"https:\/\/www.caririemacao.com\/1\/wp-json\/wp\/v2\/posts\/43781\/revisions"}],"wp:featuredmedia":[{"embeddable":true,"href":"https:\/\/www.caririemacao.com\/1\/wp-json\/wp\/v2\/media\/43782"}],"wp:attachment":[{"href":"https:\/\/www.caririemacao.com\/1\/wp-json\/wp\/v2\/media?parent=43781"}],"wp:term":[{"taxonomy":"category","embeddable":true,"href":"https:\/\/www.caririemacao.com\/1\/wp-json\/wp\/v2\/categories?post=43781"},{"taxonomy":"post_tag","embeddable":true,"href":"https:\/\/www.caririemacao.com\/1\/wp-json\/wp\/v2\/tags?post=43781"}],"curies":[{"name":"wp","href":"https:\/\/api.w.org\/{rel}","templated":true}]}}