{"id":43784,"date":"2018-03-12T07:17:16","date_gmt":"2018-03-12T10:17:16","guid":{"rendered":"http:\/\/caririemacao.com\/1\/?p=43784"},"modified":"2018-03-12T10:21:00","modified_gmt":"2018-03-12T13:21:00","slug":"temer-deve-usar-reforma-ministerial-para-isolar-candidatura-de-maia","status":"publish","type":"post","link":"https:\/\/www.caririemacao.com\/1\/2018\/03\/12\/temer-deve-usar-reforma-ministerial-para-isolar-candidatura-de-maia\/","title":{"rendered":"Temer deve usar reforma ministerial para isolar candidatura de Maia"},"content":{"rendered":"<p>Prevista para o final do m\u00eas, a reforma ministerial pode ser usada pelo presidente Michel Temer para isolar a candidatura \u00e0 Presid\u00eancia da Rep\u00fablica de Rodrigo Maia, que se lan\u00e7ou ao Planalto com o poss\u00edvel apoio de v\u00e1rios partidos da base governista.<\/p>\n<p>A ideia da Temer, segundo a Folha de S. Paulo, \u00e9 colocar os partidos aliados contra a parede e garantir cargos e minist\u00e9rios apenas \u00e0queles que se comprometerem com seu projeto eleitoral.\u00a0Temer tamb\u00e9m pretende seduzir a base com a libera\u00e7\u00e3o de R$ 15 milh\u00f5es em emendas parlamentares a deputados.<\/p>\n<p>A expectativa \u00e9 que 12 ministros sejam trocados at\u00e9 7 de abril para terem condi\u00e7\u00f5es de concorrer em outubro.<\/p>\n<p><strong>CARIRI EM A\u00c7\u00c3O<\/strong><\/p>\n<p><em>Com Not\u00edcias ao Minuto\/Foto: Reprodu\u00e7\u00e3o google<\/em><\/p>\n<p><strong>Leia mais not\u00edcias em\u00a0<\/strong><a href=\"http:\/\/www.caririemacao.com\/\"><strong>caririemacao.com<\/strong><\/a><strong>, siga nossa p\u00e1gina no\u00a0<\/strong><a href=\"https:\/\/www.facebook.com\/CaririEmAcao\/?ref=aymt_homepage_panel\"><strong>Facebook<\/strong><\/a>,<strong>\u00a0<\/strong><a href=\"https:\/\/www.instagram.com\/cariri_em_acao\/?hl=pt-br\"><strong>Instagram<\/strong><\/a><strong>\u00a0e\u00a0<\/strong><a href=\"https:\/\/www.youtube.com\/channel\/UCAptA0jQuYQy8vMhLt2m4qg\"><strong>Youtube<\/strong><\/a><strong>\u00a0e veja nossas mat\u00e9rias, v\u00eddeos e fotos. Voc\u00ea tamb\u00e9m pode enviar informa\u00e7\u00f5es \u00e0 Reda\u00e7\u00e3o do Portal Cariri em A\u00e7\u00e3o pelo WhatsApp (83) 9 9634.5791, (83) 9 9601-1162.<\/strong><\/p>\n","protected":false},"excerpt":{"rendered":"<p>Prevista para o final do m\u00eas, a reforma ministerial pode ser usada pelo presidente Michel Temer para isolar a candidatura \u00e0 Presid\u00eancia da Rep\u00fablica de&hellip; <\/p>\n","protected":false},"author":2,"featured_media":40466,"comment_status":"closed","ping_status":"closed","sticky":false,"template":"","format":"standard","meta":{"sfsi_plus_gutenberg_text_before_share":"","sfsi_plus_gutenberg_show_text_before_share":"","sfsi_plus_gutenberg_icon_type":"","sfsi_plus_gutenberg_icon_alignemt":"","sfsi_plus_gutenburg_max_per_row":"","footnotes":""},"categories":[1],"tags":[],"class_list":["post-43784","post","type-post","status-publish","format-standard","has-post-thumbnail","hentry","category-o-site"],"_links":{"self":[{"href":"https:\/\/www.caririemacao.com\/1\/wp-json\/wp\/v2\/posts\/43784","targetHints":{"allow":["GET"]}}],"collection":[{"href":"https:\/\/www.caririemacao.com\/1\/wp-json\/wp\/v2\/posts"}],"about":[{"href":"https:\/\/www.caririemacao.com\/1\/wp-json\/wp\/v2\/types\/post"}],"author":[{"embeddable":true,"href":"https:\/\/www.caririemacao.com\/1\/wp-json\/wp\/v2\/users\/2"}],"replies":[{"embeddable":true,"href":"https:\/\/www.caririemacao.com\/1\/wp-json\/wp\/v2\/comments?post=43784"}],"version-history":[{"count":0,"href":"https:\/\/www.caririemacao.com\/1\/wp-json\/wp\/v2\/posts\/43784\/revisions"}],"wp:featuredmedia":[{"embeddable":true,"href":"https:\/\/www.caririemacao.com\/1\/wp-json\/wp\/v2\/media\/40466"}],"wp:attachment":[{"href":"https:\/\/www.caririemacao.com\/1\/wp-json\/wp\/v2\/media?parent=43784"}],"wp:term":[{"taxonomy":"category","embeddable":true,"href":"https:\/\/www.caririemacao.com\/1\/wp-json\/wp\/v2\/categories?post=43784"},{"taxonomy":"post_tag","embeddable":true,"href":"https:\/\/www.caririemacao.com\/1\/wp-json\/wp\/v2\/tags?post=43784"}],"curies":[{"name":"wp","href":"https:\/\/api.w.org\/{rel}","templated":true}]}}