{"id":43786,"date":"2018-03-12T07:20:17","date_gmt":"2018-03-12T10:20:17","guid":{"rendered":"http:\/\/caririemacao.com\/1\/?p=43786"},"modified":"2018-03-12T07:20:17","modified_gmt":"2018-03-12T10:20:17","slug":"na-semana-da-greve-juizes-estao-otimistas-com-debate-no-stf","status":"publish","type":"post","link":"https:\/\/www.caririemacao.com\/1\/2018\/03\/12\/na-semana-da-greve-juizes-estao-otimistas-com-debate-no-stf\/","title":{"rendered":"Na semana da greve, ju\u00edzes est\u00e3o otimistas com debate no STF"},"content":{"rendered":"<p><span class=\"news_capital_letter\">J<\/span>u\u00edzes federais e trabalhistas v\u00e3o parar na pr\u00f3xima quinta-feira (15) em a\u00e7\u00e3o para defesa do aux\u00edlio-moradia, que poder\u00e1 ser extinto por decis\u00e3o do STF (Supremo Tribunal Federal) no dia 22. Os magistrados, por\u00e9m, est\u00e3o otimistas e trabalham com a hip\u00f3tese de terem 6 ministros favor\u00e1veis \u00e0 causa e 5 contr\u00e1rios.<\/p>\n<p>Entre as possibilidades em debate no Supremo, segundo a Folha de S. Paulo, est\u00e1 o envio ao Congresso por parte do pr\u00f3prio\u00a0STF e da Procuradoria-Geral da Rep\u00fablica de pauta relativa a um reajuste salarial a ju\u00edzes e procuradores &#8211; at\u00e9 que a medida fosse aprovada, o aux\u00edlio-moradia seria mantido.<\/p>\n<p>\u201cEstamos mobilizados pela recupera\u00e7\u00e3o de perdas salariais e contra projetos de lei que amea\u00e7am a independ\u00eancia dos ju\u00edzes\u201d, disse ao jornal o presidente da Anamatra (Associa\u00e7\u00e3o Nacional dos Magistrados da Justi\u00e7a do Trabalho), Guilherme Feliciano.<\/p>\n<p><strong>CARIRI EM A\u00c7\u00c3O<\/strong><\/p>\n<p><em>Com Blog do Mikael Sampaio\/Foto: Reprodu\u00e7\u00e3o google<\/em><\/p>\n<p><strong>Leia mais not\u00edcias em\u00a0<\/strong><a href=\"http:\/\/www.caririemacao.com\/\"><strong>caririemacao.com<\/strong><\/a><strong>, siga nossa p\u00e1gina no\u00a0<\/strong><a href=\"https:\/\/www.facebook.com\/CaririEmAcao\/?ref=aymt_homepage_panel\"><strong>Facebook<\/strong><\/a>,<strong>\u00a0<\/strong><a href=\"https:\/\/www.instagram.com\/cariri_em_acao\/?hl=pt-br\"><strong>Instagram<\/strong><\/a><strong>\u00a0e\u00a0<\/strong><a href=\"https:\/\/www.youtube.com\/channel\/UCAptA0jQuYQy8vMhLt2m4qg\"><strong>Youtube<\/strong><\/a><strong>\u00a0e veja nossas mat\u00e9rias, v\u00eddeos e fotos. Voc\u00ea tamb\u00e9m pode enviar informa\u00e7\u00f5es \u00e0 Reda\u00e7\u00e3o do Portal Cariri em A\u00e7\u00e3o pelo WhatsApp (83) 9 9634.5791, (83) 9 9601-1162.<\/strong><\/p>\n","protected":false},"excerpt":{"rendered":"<p>Ju\u00edzes federais e trabalhistas v\u00e3o parar na pr\u00f3xima quinta-feira (15) em a\u00e7\u00e3o para defesa do aux\u00edlio-moradia, que poder\u00e1 ser extinto por decis\u00e3o do STF (Supremo&hellip; <\/p>\n","protected":false},"author":2,"featured_media":43787,"comment_status":"closed","ping_status":"closed","sticky":false,"template":"","format":"standard","meta":{"sfsi_plus_gutenberg_text_before_share":"","sfsi_plus_gutenberg_show_text_before_share":"","sfsi_plus_gutenberg_icon_type":"","sfsi_plus_gutenberg_icon_alignemt":"","sfsi_plus_gutenburg_max_per_row":"","footnotes":""},"categories":[11],"tags":[],"class_list":["post-43786","post","type-post","status-publish","format-standard","has-post-thumbnail","hentry","category-politica"],"_links":{"self":[{"href":"https:\/\/www.caririemacao.com\/1\/wp-json\/wp\/v2\/posts\/43786","targetHints":{"allow":["GET"]}}],"collection":[{"href":"https:\/\/www.caririemacao.com\/1\/wp-json\/wp\/v2\/posts"}],"about":[{"href":"https:\/\/www.caririemacao.com\/1\/wp-json\/wp\/v2\/types\/post"}],"author":[{"embeddable":true,"href":"https:\/\/www.caririemacao.com\/1\/wp-json\/wp\/v2\/users\/2"}],"replies":[{"embeddable":true,"href":"https:\/\/www.caririemacao.com\/1\/wp-json\/wp\/v2\/comments?post=43786"}],"version-history":[{"count":0,"href":"https:\/\/www.caririemacao.com\/1\/wp-json\/wp\/v2\/posts\/43786\/revisions"}],"wp:featuredmedia":[{"embeddable":true,"href":"https:\/\/www.caririemacao.com\/1\/wp-json\/wp\/v2\/media\/43787"}],"wp:attachment":[{"href":"https:\/\/www.caririemacao.com\/1\/wp-json\/wp\/v2\/media?parent=43786"}],"wp:term":[{"taxonomy":"category","embeddable":true,"href":"https:\/\/www.caririemacao.com\/1\/wp-json\/wp\/v2\/categories?post=43786"},{"taxonomy":"post_tag","embeddable":true,"href":"https:\/\/www.caririemacao.com\/1\/wp-json\/wp\/v2\/tags?post=43786"}],"curies":[{"name":"wp","href":"https:\/\/api.w.org\/{rel}","templated":true}]}}