{"id":43791,"date":"2018-03-12T07:29:48","date_gmt":"2018-03-12T10:29:48","guid":{"rendered":"http:\/\/caririemacao.com\/1\/?p=43791"},"modified":"2018-03-12T07:29:48","modified_gmt":"2018-03-12T10:29:48","slug":"tce-mostra-tecnologia-que-compara-dado-declarado","status":"publish","type":"post","link":"https:\/\/www.caririemacao.com\/1\/2018\/03\/12\/tce-mostra-tecnologia-que-compara-dado-declarado\/","title":{"rendered":"TCE mostra tecnologia que compara dado declarado"},"content":{"rendered":"<p>O Tribunal de Contas do Estado da Para\u00edba (TCE-PB) apresenta, nesta segunda-feira (12), \u00e0s 10h, no Plen\u00e1rio Ministro Jo\u00e3o Agripino Filho, o\u00a0\u201cPainel de Acompanhamento Previdenci\u00e1rio\u201d<strong>,\u00a0<\/strong>nova<strong>\u00a0<\/strong>ferramenta tecnol\u00f3gica, desenvolvida em parceria com a Receita Federal, para calcular e comparar, as rubricas previdenci\u00e1rias devidas pelos munic\u00edpios ao Regime Geral de Previd\u00eancia Social (RGPS). Por meio do painel ser\u00e1 poss\u00edvel, principalmente, comparar dados declarados ao Tribunal pelas 223 Prefeituras e\u00a0\u00a0C\u00e2maras de Vereadores no Estado com os valores recolhidos \u00e0 Receita Federal.<\/p>\n<p><strong>\u00a0<\/strong>O presidente do TCE-PB, conselheiro Andr\u00e9 Carlos Torres, convida para apresenta\u00e7\u00e3o do novo painel que vai mostrar a realidade previdenci\u00e1ria dos munic\u00edpios paraibanos.<\/p>\n<p>O evento contar\u00e1 com as presen\u00e7as dos delegados, Giovanni Christian Nunes Campos (Titular da 4\u00aa Regi\u00e3o Fiscal dos Estados de AL, PB, PE e RN); Marialvo Laureano dos Santos Filho ( Receita Federal do Brasil\u00a0em Jo\u00e3o Pessoa) e Gilberto Mendes Rios (Receita Federal\u00a0em\u00a0Campina\u00a0Grande).<\/p>\n<p><strong>CARIRI EM A\u00c7\u00c3O<\/strong><\/p>\n<p><em>Com Mais PB\/Foto: Reprodu\u00e7\u00e3o google<\/em><\/p>\n<p><strong>Leia mais not\u00edcias em\u00a0<\/strong><a href=\"http:\/\/www.caririemacao.com\/\"><strong>caririemacao.com<\/strong><\/a><strong>, siga nossa p\u00e1gina no\u00a0<\/strong><a href=\"https:\/\/www.facebook.com\/CaririEmAcao\/?ref=aymt_homepage_panel\"><strong>Facebook<\/strong><\/a>,<strong>\u00a0<\/strong><a href=\"https:\/\/www.instagram.com\/cariri_em_acao\/?hl=pt-br\"><strong>Instagram<\/strong><\/a><strong>\u00a0e\u00a0<\/strong><a href=\"https:\/\/www.youtube.com\/channel\/UCAptA0jQuYQy8vMhLt2m4qg\"><strong>Youtube<\/strong><\/a><strong>\u00a0e veja nossas mat\u00e9rias, v\u00eddeos e fotos. Voc\u00ea tamb\u00e9m pode enviar informa\u00e7\u00f5es \u00e0 Reda\u00e7\u00e3o do Portal Cariri em A\u00e7\u00e3o pelo WhatsApp (83) 9 9634.5791, (83) 9 9601-1162.<\/strong><\/p>\n","protected":false},"excerpt":{"rendered":"<p>O Tribunal de Contas do Estado da Para\u00edba (TCE-PB) apresenta, nesta segunda-feira (12), \u00e0s 10h, no Plen\u00e1rio Ministro Jo\u00e3o Agripino Filho, o\u00a0\u201cPainel de Acompanhamento Previdenci\u00e1rio\u201d,\u00a0nova\u00a0ferramenta&hellip; <\/p>\n","protected":false},"author":2,"featured_media":11050,"comment_status":"closed","ping_status":"closed","sticky":false,"template":"","format":"standard","meta":{"sfsi_plus_gutenberg_text_before_share":"","sfsi_plus_gutenberg_show_text_before_share":"","sfsi_plus_gutenberg_icon_type":"","sfsi_plus_gutenberg_icon_alignemt":"","sfsi_plus_gutenburg_max_per_row":"","footnotes":""},"categories":[2],"tags":[],"class_list":["post-43791","post","type-post","status-publish","format-standard","has-post-thumbnail","hentry","category-geral"],"_links":{"self":[{"href":"https:\/\/www.caririemacao.com\/1\/wp-json\/wp\/v2\/posts\/43791","targetHints":{"allow":["GET"]}}],"collection":[{"href":"https:\/\/www.caririemacao.com\/1\/wp-json\/wp\/v2\/posts"}],"about":[{"href":"https:\/\/www.caririemacao.com\/1\/wp-json\/wp\/v2\/types\/post"}],"author":[{"embeddable":true,"href":"https:\/\/www.caririemacao.com\/1\/wp-json\/wp\/v2\/users\/2"}],"replies":[{"embeddable":true,"href":"https:\/\/www.caririemacao.com\/1\/wp-json\/wp\/v2\/comments?post=43791"}],"version-history":[{"count":0,"href":"https:\/\/www.caririemacao.com\/1\/wp-json\/wp\/v2\/posts\/43791\/revisions"}],"wp:featuredmedia":[{"embeddable":true,"href":"https:\/\/www.caririemacao.com\/1\/wp-json\/wp\/v2\/media\/11050"}],"wp:attachment":[{"href":"https:\/\/www.caririemacao.com\/1\/wp-json\/wp\/v2\/media?parent=43791"}],"wp:term":[{"taxonomy":"category","embeddable":true,"href":"https:\/\/www.caririemacao.com\/1\/wp-json\/wp\/v2\/categories?post=43791"},{"taxonomy":"post_tag","embeddable":true,"href":"https:\/\/www.caririemacao.com\/1\/wp-json\/wp\/v2\/tags?post=43791"}],"curies":[{"name":"wp","href":"https:\/\/api.w.org\/{rel}","templated":true}]}}