{"id":43793,"date":"2018-03-12T07:35:35","date_gmt":"2018-03-12T10:35:35","guid":{"rendered":"http:\/\/caririemacao.com\/1\/?p=43793"},"modified":"2018-03-12T07:35:35","modified_gmt":"2018-03-12T10:35:35","slug":"ufpb-e-ufcg-abrem-concursos-para-professor","status":"publish","type":"post","link":"https:\/\/www.caririemacao.com\/1\/2018\/03\/12\/ufpb-e-ufcg-abrem-concursos-para-professor\/","title":{"rendered":"UFPB e UFCG abrem concursos para professor"},"content":{"rendered":"<p>A Universidade Federal da Para\u00edba (UFPB) lan\u00e7ou edital para contrata\u00e7\u00e3o de dois professores em cargos de educa\u00e7\u00e3o b\u00e1sica, t\u00e9cnica e tecnol\u00f3gica. As remunera\u00e7\u00f5es chegam at\u00e9 R$ 9.985.\u00a0A Universidade Federal e Campina Grande (UFCG) tamb\u00e9m est\u00e1 selecionando;\u00a0veja abaixo.<\/p>\n<p>Um dos cargos \u00e9 para professor da \u00e1rea de an\u00e1lises cl\u00ednicas. O candidato deve ser formado em Biologia, Biomedicina, Farm\u00e1cia ou Medicina Veterin\u00e1ria. \u00c9 necess\u00e1ria experi\u00eancia de, no m\u00ednimo, dois anos em aulas pr\u00e1ticas\/te\u00f3ricas com atua\u00e7\u00e3o no ensino t\u00e9cnico.<\/p>\n<p>O aprovado vai trabalhar no campus da UFPB em Jo\u00e3o Pessoa. As inscri\u00e7\u00f5es est\u00e3o abertas e seguem at\u00e9 o dia 5 de abril, podendo ser realizadas na Secretaria Geral de Cursos da Escola T\u00e9cnica de Sa\u00fade, das 8h \u00e0s 12h e das 14h \u00e0s 17h.<\/p>\n<p>O outro cargo \u00e9 para professor da \u00e1rea de inform\u00e1tica com \u00eanfase em redes de computadores. O candidato deve ser formado em Licenciatura em Ci\u00eancias da Computa\u00e7\u00e3o; Computa\u00e7\u00e3o; e Inform\u00e1tica, ou ter bacharelado em Ci\u00eancias da Computa\u00e7\u00e3o; Sistemas de Informa\u00e7\u00e3o; Engenharia da Computa\u00e7\u00e3o; e Engenharia de Software.<\/p>\n<p>O aprovado vai trabalhar no campus da UFPB em Bananeiras. As inscri\u00e7\u00f5es abrem nesta segunda-feira (12) e seguem at\u00e9 o dia 13 de abril, podendo ser realizadas na Secretaria do Depto de Ci\u00eancias Sociais Aplicadas, das 7h30 \u00e0s 11h30.<\/p>\n<p>Para ambos os casos, as taxas de inscri\u00e7\u00e3o custam R$ 90.<\/p>\n<p><strong>UFCG<\/strong><\/p>\n<p>A\u00a0Universidade Federal de Campina Grande (UFCG), campus sede, lan\u00e7ou edital do concurso p\u00fablico de provas e t\u00edtulos com uma vaga para professor do curso de Design. O per\u00edodo de inscri\u00e7\u00f5es \u00e9 de 2 a 13 de abril. O selecionado ir\u00e1 cumprir uma carga hor\u00e1ria de 40 horas semanais, em regime de dedica\u00e7\u00e3o exclusiva, ingressando como professor adjunto. Os vencimentos, com retribui\u00e7\u00e3o por titula\u00e7\u00e3o, totalizam R$ 9.585,67.<\/p>\n<p>As inscri\u00e7\u00f5es custam R$ 150 e podem ser feitas na Secretaria da Unidade Acad\u00eamica de Design do Centro de Ci\u00eancia e Tecnologia (UAD\/CCT\/UFCG), localizada no Campus Sede. O hor\u00e1rio de atendimento ser\u00e1 das 8h \u00e0s 11h e das 14h \u00e0s 17h, em dias \u00fateis, de\u00a0segunda\u00a0a\u00a0sexta-feira. Tamb\u00e9m ser\u00e3o aceitas inscri\u00e7\u00f5es por procura\u00e7\u00e3o e via postal, por meio de Sedex, com aviso de recebimento (AR), dentro do prazo estabelecido no edital.<br \/>\n<u><\/u><u><\/u><\/p>\n<p>Para participar, o candidato precisa ser graduado em Design ou Desenho Industrial com, no m\u00ednimo, doutorado na \u00e1rea de Design ou Arquitetura \u2013 caso o mestrado seja em qualquer \u00e1rea -, ou em qualquer \u00e1rea \u2013 caso o mestrado seja na \u00e1rea de Design ou Arquitetura. A vaga \u00e9 na \u00e1rea de Teoria e Pr\u00e1tica do Design. Caso n\u00e3o haja candidatos habilitados, ser\u00e1 aberto um novo per\u00edodo de inscri\u00e7\u00f5es, desta vez, para a vaga de professor assistente, com titula\u00e7\u00e3o m\u00ednima de mestrado em Design.<u><\/u><u><\/u><\/p>\n<p>O concurso compreender\u00e1 tr\u00eas fases sequenciais: prova escrita\u00a0e did\u00e1tica, ambas de car\u00e1ter eliminat\u00f3rio;\u00a0e exame\u00a0de t\u00edtulos. As etapas ser\u00e3o realizadas de 21 a 25 de maio. A prova escrita consistir\u00e1 na disserta\u00e7\u00e3o do tema sorteado a partir do conte\u00fado program\u00e1tico e ter\u00e1 dura\u00e7\u00e3o de quatro horas. O certame\u00a0ter\u00e1 validade de dois\u00a0anos, podendo ser prorrogado por igual per\u00edodo.<\/p>\n<p><strong>CARIRI EM A\u00c7\u00c3O<\/strong><\/p>\n<p><em>Com Portal Correio\/Foto:\u00a0Portal Correio<\/em><\/p>\n<p><strong>Leia mais not\u00edcias em\u00a0<\/strong><a href=\"http:\/\/www.caririemacao.com\/\"><strong>caririemacao.com<\/strong><\/a><strong>, siga nossa p\u00e1gina no\u00a0<\/strong><a href=\"https:\/\/www.facebook.com\/CaririEmAcao\/?ref=aymt_homepage_panel\"><strong>Facebook<\/strong><\/a>,<strong>\u00a0<\/strong><a href=\"https:\/\/www.instagram.com\/cariri_em_acao\/?hl=pt-br\"><strong>Instagram<\/strong><\/a><strong>\u00a0e\u00a0<\/strong><a href=\"https:\/\/www.youtube.com\/channel\/UCAptA0jQuYQy8vMhLt2m4qg\"><strong>Youtube<\/strong><\/a><strong>\u00a0e veja nossas mat\u00e9rias, v\u00eddeos e fotos. Voc\u00ea tamb\u00e9m pode enviar informa\u00e7\u00f5es \u00e0 Reda\u00e7\u00e3o do Portal Cariri em A\u00e7\u00e3o pelo WhatsApp (83) 9 9634.5791, (83) 9 9601-1162.<\/strong><\/p>\n","protected":false},"excerpt":{"rendered":"<p>A Universidade Federal da Para\u00edba (UFPB) lan\u00e7ou edital para contrata\u00e7\u00e3o de dois professores em cargos de educa\u00e7\u00e3o b\u00e1sica, t\u00e9cnica e tecnol\u00f3gica. As remunera\u00e7\u00f5es chegam at\u00e9&hellip; <\/p>\n","protected":false},"author":2,"featured_media":43794,"comment_status":"closed","ping_status":"closed","sticky":false,"template":"","format":"standard","meta":{"sfsi_plus_gutenberg_text_before_share":"","sfsi_plus_gutenberg_show_text_before_share":"","sfsi_plus_gutenberg_icon_type":"","sfsi_plus_gutenberg_icon_alignemt":"","sfsi_plus_gutenburg_max_per_row":"","footnotes":""},"categories":[14],"tags":[],"class_list":["post-43793","post","type-post","status-publish","format-standard","has-post-thumbnail","hentry","category-educacao"],"_links":{"self":[{"href":"https:\/\/www.caririemacao.com\/1\/wp-json\/wp\/v2\/posts\/43793","targetHints":{"allow":["GET"]}}],"collection":[{"href":"https:\/\/www.caririemacao.com\/1\/wp-json\/wp\/v2\/posts"}],"about":[{"href":"https:\/\/www.caririemacao.com\/1\/wp-json\/wp\/v2\/types\/post"}],"author":[{"embeddable":true,"href":"https:\/\/www.caririemacao.com\/1\/wp-json\/wp\/v2\/users\/2"}],"replies":[{"embeddable":true,"href":"https:\/\/www.caririemacao.com\/1\/wp-json\/wp\/v2\/comments?post=43793"}],"version-history":[{"count":0,"href":"https:\/\/www.caririemacao.com\/1\/wp-json\/wp\/v2\/posts\/43793\/revisions"}],"wp:featuredmedia":[{"embeddable":true,"href":"https:\/\/www.caririemacao.com\/1\/wp-json\/wp\/v2\/media\/43794"}],"wp:attachment":[{"href":"https:\/\/www.caririemacao.com\/1\/wp-json\/wp\/v2\/media?parent=43793"}],"wp:term":[{"taxonomy":"category","embeddable":true,"href":"https:\/\/www.caririemacao.com\/1\/wp-json\/wp\/v2\/categories?post=43793"},{"taxonomy":"post_tag","embeddable":true,"href":"https:\/\/www.caririemacao.com\/1\/wp-json\/wp\/v2\/tags?post=43793"}],"curies":[{"name":"wp","href":"https:\/\/api.w.org\/{rel}","templated":true}]}}