{"id":43796,"date":"2018-03-12T09:26:08","date_gmt":"2018-03-12T12:26:08","guid":{"rendered":"http:\/\/caririemacao.com\/1\/?p=43796"},"modified":"2018-03-12T09:26:08","modified_gmt":"2018-03-12T12:26:08","slug":"tse-julga-nesta-terca-feira-acao-que-pede-a-cassacao-de-ricardo-coutinho","status":"publish","type":"post","link":"https:\/\/www.caririemacao.com\/1\/2018\/03\/12\/tse-julga-nesta-terca-feira-acao-que-pede-a-cassacao-de-ricardo-coutinho\/","title":{"rendered":"TSE julga nesta ter\u00e7a-feira a\u00e7\u00e3o que pede a cassa\u00e7\u00e3o de Ricardo Coutinho"},"content":{"rendered":"<p>Est\u00e1 na pauta desta ter\u00e7a-feira (13) do Tribunal Superior Eleitoral, em Bras\u00edlia, julgamento da a\u00e7\u00e3o que pede a cassa\u00e7\u00e3o do governador da Para\u00edba, Ricardo Coutinho (PSB), no caso que ficou conhecido como \u201cAije Fiscal\u201d, que trata do suposto uso da m\u00e1quina p\u00fablica na campanha de 2014, quando Ricardo Coutinho foi reeleito ao Governo do Estado, derrotando o senador C\u00e1ssio Cunha Lima, do PSDB.<\/p>\n<p>O parecer do Minist\u00e9rio P\u00fablico Eleitoral \u00e9 pela cassa\u00e7\u00e3o do mandato de Ricardo, que teria concedido isen\u00e7\u00e3o de taxas do Detran e outros benef\u00edcios fiscais com o objetivo de conseguir sua recondu\u00e7\u00e3o ao Pal\u00e1cio da Reden\u00e7\u00e3o.<\/p>\n<p><strong>CARIRI EM A\u00c7\u00c3O<\/strong><\/p>\n<p><em>Com Para\u00edba R\u00e1dio Blog\/Foto: Reprodu\u00e7\u00e3o Internet<\/em><\/p>\n<p><strong>Leia mais not\u00edcias em\u00a0<\/strong><a href=\"http:\/\/www.caririemacao.com\/\"><strong>caririemacao.com<\/strong><\/a><strong>, siga nossa p\u00e1gina no\u00a0<\/strong><a href=\"https:\/\/www.facebook.com\/CaririEmAcao\/?ref=aymt_homepage_panel\"><strong>Facebook<\/strong><\/a>,<strong>\u00a0<\/strong><a href=\"https:\/\/www.instagram.com\/cariri_em_acao\/?hl=pt-br\"><strong>Instagram<\/strong><\/a><strong>\u00a0e <\/strong><a href=\"https:\/\/www.youtube.com\/channel\/UCAptA0jQuYQy8vMhLt2m4qg\"><strong>Youtube<\/strong><\/a><strong>\u00a0e veja nossas mat\u00e9rias, v\u00eddeos e fotos. Voc\u00ea tamb\u00e9m pode enviar informa\u00e7\u00f5es \u00e0 Reda\u00e7\u00e3o do Portal Cariri em A\u00e7\u00e3o pelo WhatsApp (83) 9 9634.5791, (83) 9 9601-1162.<\/strong><\/p>\n","protected":false},"excerpt":{"rendered":"<p>Est\u00e1 na pauta desta ter\u00e7a-feira (13) do Tribunal Superior Eleitoral, em Bras\u00edlia, julgamento da a\u00e7\u00e3o que pede a cassa\u00e7\u00e3o do governador da Para\u00edba, Ricardo Coutinho&hellip; <\/p>\n","protected":false},"author":2,"featured_media":43797,"comment_status":"closed","ping_status":"closed","sticky":false,"template":"","format":"standard","meta":{"sfsi_plus_gutenberg_text_before_share":"","sfsi_plus_gutenberg_show_text_before_share":"","sfsi_plus_gutenberg_icon_type":"","sfsi_plus_gutenberg_icon_alignemt":"","sfsi_plus_gutenburg_max_per_row":"","footnotes":""},"categories":[11],"tags":[],"class_list":["post-43796","post","type-post","status-publish","format-standard","has-post-thumbnail","hentry","category-politica"],"_links":{"self":[{"href":"https:\/\/www.caririemacao.com\/1\/wp-json\/wp\/v2\/posts\/43796","targetHints":{"allow":["GET"]}}],"collection":[{"href":"https:\/\/www.caririemacao.com\/1\/wp-json\/wp\/v2\/posts"}],"about":[{"href":"https:\/\/www.caririemacao.com\/1\/wp-json\/wp\/v2\/types\/post"}],"author":[{"embeddable":true,"href":"https:\/\/www.caririemacao.com\/1\/wp-json\/wp\/v2\/users\/2"}],"replies":[{"embeddable":true,"href":"https:\/\/www.caririemacao.com\/1\/wp-json\/wp\/v2\/comments?post=43796"}],"version-history":[{"count":0,"href":"https:\/\/www.caririemacao.com\/1\/wp-json\/wp\/v2\/posts\/43796\/revisions"}],"wp:featuredmedia":[{"embeddable":true,"href":"https:\/\/www.caririemacao.com\/1\/wp-json\/wp\/v2\/media\/43797"}],"wp:attachment":[{"href":"https:\/\/www.caririemacao.com\/1\/wp-json\/wp\/v2\/media?parent=43796"}],"wp:term":[{"taxonomy":"category","embeddable":true,"href":"https:\/\/www.caririemacao.com\/1\/wp-json\/wp\/v2\/categories?post=43796"},{"taxonomy":"post_tag","embeddable":true,"href":"https:\/\/www.caririemacao.com\/1\/wp-json\/wp\/v2\/tags?post=43796"}],"curies":[{"name":"wp","href":"https:\/\/api.w.org\/{rel}","templated":true}]}}