{"id":43799,"date":"2018-03-12T09:55:05","date_gmt":"2018-03-12T12:55:05","guid":{"rendered":"http:\/\/caririemacao.com\/1\/?p=43799"},"modified":"2018-03-12T09:55:05","modified_gmt":"2018-03-12T12:55:05","slug":"analise-final-tite-convoca-nesta-segunda-para-amistosos-contra-russia-e-alemanha","status":"publish","type":"post","link":"https:\/\/www.caririemacao.com\/1\/2018\/03\/12\/analise-final-tite-convoca-nesta-segunda-para-amistosos-contra-russia-e-alemanha\/","title":{"rendered":"An\u00e1lise final: Tite convoca nesta segunda para amistosos contra R\u00fassia e Alemanha"},"content":{"rendered":"<div class=\"mc-column\">\n<div class=\"content-publication-data\">\n<p class=\"content-publication-data__updated\">A segunda-feira marca mais uma data importante para a Sele\u00e7\u00e3o \u00e1s v\u00e9speras da Copa do Mundo. \u00c0s 11h (de Bras\u00edlia), na sede da CBF, no Rio de Janeiro, o t\u00e9cnico Tite vai anunciar os jogadores convocados para os amistosos contra R\u00fassia e Alemanha.\u00a0Ser\u00e1 a \u00faltima lista antes da convoca\u00e7\u00e3o final para o Mundial, que ser\u00e1 anunciada em maio.<\/p>\n<\/div>\n<\/div>\n<div class=\"mc-article-body\">\n<article>\n<div class=\"mc-column content-text active-extra-styles \" data-block-type=\"unstyled\" data-block-weight=\"5\" data-block-id=\"5\">\n<p class=\"content-text__container \" data-track-category=\"Link no Texto\" data-track-links=\"\"><strong>16 nomes garantidos na Copa<\/strong><\/p>\n<\/div>\n<div class=\"mc-column content-text active-extra-styles \" data-block-type=\"unstyled\" data-block-weight=\"88\" data-block-id=\"6\">\n<p class=\"content-text__container \" data-track-category=\"Link no Texto\" data-track-links=\"\">A Sele\u00e7\u00e3o enfrenta a R\u00fassia, dia 23 de mar\u00e7o, em Moscou. No dia 27, o rival ser\u00e1 a Alemanha, em Berlim.\u00a0Depois de confirmar 16 dos 23 nomes para a Copa\u00a0(confira no quadro abaixo), Tite far\u00e1 nesta \u00faltima data Fifa uma esp\u00e9cie de an\u00e1lise final para definir os nomes que v\u00e3o ocupar as sete vagas ainda est\u00e3o abertas:\u00a0um goleiro, um zagueiro, dois laterais, dois meias e um atacante. \u00c9 prov\u00e1vel que o treinador convoque mais de 23 jogadores nesta segunda justamente para tirar as \u00faltimas d\u00favidas.<\/p>\n<\/div>\n<div class=\"row medium-uncollapsed content-text\">\n<div class=\"column medium-centered medium-22 large-20\">\n<div class=\"show-table\">\n<p class=\"mc-column show-table__title\"><strong>Quem vai \u00e0 Copa?<\/strong><\/p>\n<div class=\"show-table__centralized\">\n<div class=\"show-table__container\">\n<table class=\"show-table__content\n show-table__content--highlight-top        \"><\/p>\n<tbody>\n<tr>\n<td><\/td>\n<td>Goleiros<\/td>\n<td>Laterais<\/td>\n<td>Zagueiros<\/td>\n<td>Meias<\/td>\n<td>Atacantes<\/td>\n<\/tr>\n<tr>\n<td>GARANTIDOS:<\/td>\n<td>Alisson (Roma) e Ederson (Manchester City)<\/td>\n<td>Daniel Alves (PSG) e Marcelo (Real Madrid)<\/td>\n<td>Miranda (Internazionale), Marquinhos e Thiago Silva (PSG)<\/td>\n<td>Casemiro (Real Madrid), Fernandinho (Manchester City), Paulinho (Barcelona), Renato Augusto (Beijing Guoan), Philippe Coutinho (Barcelona) e Willian (Chelsea)<\/td>\n<td>Neymar (PSG), Gabriel Jesus (Manchester City) e Firmino (Liverpool)<\/td>\n<\/tr>\n<tr>\n<td>BRIGAM POR VAGA:<\/td>\n<td>C\u00e1ssio (Corinthians) e Neto (Valencia)<\/td>\n<td>Danilo (Manchester City), Fagner (Corinthians), Filipe Lu\u00eds (Atl\u00e9tico de Madrid) e Alex Sandro (Juventus)<\/td>\n<td>Jemerson (Monaco), Rodrigo Caio (S\u00e3o Paulo), Gil (Shandong Luneng) e Geromel (Gr\u00eamio)<\/td>\n<td>Giuliano (Fenerbah\u00e7e), Diego (Flamengo), Arthur (Gr\u00eamio), Lucas Lima (Palmeiras), Anderson Talisca (Besiktas), Fred (Shakhtar Donetsk) e Hernanes (Hebei Fortune)<\/td>\n<td>Diego Souza (S\u00e3o Paulo), Douglas Costa (Juventus), Taison (Shakhtar Donetsk), Luan (Gr\u00eamio), Malcom (Bordeaux), Diego Tardelli (Shandong Luneng) e Willian Jos\u00e9 (Real Sociedad)<\/td>\n<\/tr>\n<\/tbody>\n<\/table>\n<\/div>\n<div class=\"show-table__footer\">\n<div class=\"show-table__source\">Fonte: GloboEsporte.com<\/div>\n<\/div>\n<\/div>\n<\/div>\n<\/div>\n<\/div>\n<div class=\"content-ads content-ads--reveal\" data-block-type=\"ads\" data-block-id=\"7\">\n<div id=\"banner_materia2\" class=\"tag-manager-publicidade-container has-reveal has-ad-lazyload tag-manager-publicidade-banner_materia2 tag-manager-publicidade-container--carregado tag-manager-publicidade-container--visivel\" data-id=\"banner_materia2\" data-google-query-id=\"CLi6gIbp5tkCFYyghwodyfIJdQ\" data-cid=\"138227283281\" data-lid=\"4552110475\">\n<div id=\"google_ads_iframe_\/95377733\/tvg_GE\/Selecao_Brasileira_2__container__\"><\/div>\n<\/div>\n<\/div>\n<div class=\"mc-column content-text active-extra-styles \" data-block-type=\"unstyled\" data-block-weight=\"64\" data-block-id=\"8\">\n<p class=\"content-text__container \" data-track-category=\"Link no Texto\" data-track-links=\"\">O objetivo do comandante brasileiro era ter\u00a0encerrado as observa\u00e7\u00f5es nos dois \u00faltimos amistosos, contra Jap\u00e3o e Inglaterra, em novembro. A inten\u00e7\u00e3o era ter o grupo praticamente definido para os amistosos de mar\u00e7o. N\u00e3o deu certo. Nos \u00faltimos jogos de 2017, Tite n\u00e3o conseguiu fazer as an\u00e1lises que gostaria &#8211; principalmente no meio-campo &#8211; em raz\u00e3o de problemas musculares de Philippe Coutinho e Diego.<\/p>\n<p class=\"content-text__container \" data-track-category=\"Link no Texto\" data-track-links=\"\">Assim a convoca\u00e7\u00e3o desta segunda, que seria apenas uma introdu\u00e7\u00e3o da lista final para a Copa, ganhou import\u00e2ncia.<\/p>\n<\/div>\n<div class=\"mc-column content-text active-extra-styles \" data-block-type=\"unstyled\" data-block-weight=\"74\" data-block-id=\"12\">\n<p class=\"content-text__container \" data-track-category=\"Link no Texto\" data-track-links=\"\">Nem todos os 16 nomes j\u00e1 garantidos no Mundial, no entanto, ser\u00e3o convocados nesta segunda. Neymar, por exemplo, foi operado recentemente se recupera de uma fratura no quinto metatarso no p\u00e9 direito. O camisa 10 s\u00f3 deve voltar aos gramados em maio, \u00e0s v\u00e9speras da Copa. Se o atacante est\u00e1 fora dos amistosos, Fernandinho \u00e9 nome quase certo: o volante\u00a0voltou a treinar na \u00faltima quinta\u00a0ap\u00f3s o estiramento grau 1 na coxa esquerda.<\/p>\n<\/div>\n<div class=\"mc-column content-media content-media--normal  content-photo\" data-block-type=\"backstage-photo\" data-block-id=\"13\">\n<div class=\"content-media__container\">\n<div class=\"content-media__image-centered\">\n<div class=\"progressive-img can-open-lightbox\" data-min-size=\"1008x567\" data-min-size-url=\"https:\/\/s2.glbimg.com\/GuCiWfnmg0_11ajuLo26Arv-msI=\/0x0:1024x576\/1008x0\/smart\/filters:strip_icc()\/s.glbimg.com\/es\/ge\/f\/original\/2018\/03\/08\/fernandinho.jpg\" data-max-size=\"1600x900\" data-max-size-url=\"https:\/\/s2.glbimg.com\/4t1zYQpOuPHdHsHw7EMnc3Y8k7o=\/0x0:1024x576\/1600x0\/smart\/filters:strip_icc()\/s.glbimg.com\/es\/ge\/f\/original\/2018\/03\/08\/fernandinho.jpg\" data-media-index=\"1\">\n<div class=\"placeholder-container\">\u00a0J\u00e1 o zagueiro Marquinhos ficou fora do \u00faltimo jogo do Paris Saint-Germain por causa de dores na coxa esquerda, tamb\u00e9m n\u00e3o deve ser problema. As recentes les\u00f5es, ali\u00e1s, levaram a CBF a adiar a convoca\u00e7\u00e3o,\u00a0que inicialmente seria realizada no dia 2 de mar\u00e7o.<\/div>\n<\/div>\n<\/div>\n<\/div>\n<\/div>\n<div class=\"content-ads content-ads--reveal\" data-block-type=\"ads\" data-block-id=\"15\">\n<div id=\"banner_materia__9dcb2ea545e145119ab40515184139c6\" class=\"tag-manager-publicidade-container has-reveal has-ad-lazyload tag-manager-publicidade-banner_materia__9dcb2ea545e145119ab40515184139c6 tag-manager-publicidade-container--carregado tag-manager-publicidade-container--visivel\" data-id=\"banner_materia__9dcb2ea545e145119ab40515184139c6\" data-google-query-id=\"CJDni4jp5tkCFYYihwodwCwMmw\" data-cid=\"138227056589\" data-lid=\"4547083194\">\n<div id=\"google_ads_iframe_\/95377733\/tvg_GE\/Selecao_Brasileira_3__container__\"><\/div>\n<\/div>\n<\/div>\n<div class=\"mc-column content-text active-extra-styles \" data-block-type=\"unstyled\" data-block-weight=\"5\" data-block-id=\"16\">\n<p class=\"content-text__container \" data-track-category=\"Link no Texto\" data-track-links=\"\"><strong>Destaques do fim de semana<\/strong><\/p>\n<\/div>\n<div class=\"mc-column content-text active-extra-styles \" data-block-type=\"unstyled\" data-block-weight=\"49\" data-block-id=\"17\">\n<p class=\"content-text__container \" data-track-category=\"Link no Texto\" data-track-links=\"\">Alguns nomes certos na lista se destacaram neste fim de semana. Phillipe Coutinho marcou um gola\u00e7o de letra na vit\u00f3ria do Barcelona sobre o M\u00e1laga. J\u00e1 Willian marcou na vit\u00f3ra do Chelsea sobre o Crystal Palace. Thiago Silva tamb\u00e9m deixou sua marca na goleada do PSG sobre o Metz.<\/p>\n<\/div>\n<div class=\"mc-column content-text active-extra-styles \" data-block-type=\"unstyled\" data-block-weight=\"65\" data-block-id=\"18\">\n<p class=\"content-text__container \" data-track-category=\"Link no Texto\" data-track-links=\"\">Entre os que ainda n\u00e3o est\u00e3o garantidos, destaque para o retorno do volante Arthur. Na \u00faltima quarta, ele voltou a defender o Gr\u00eamio ap\u00f3s 100 dias afastado em raz\u00e3o de uma les\u00e3o no tornozelo esquerdo. J\u00e1 na lista dos que correm por fora e passaram a ser observados recentemente pela comiss\u00e3o t\u00e9cnica, mais dois gols: Talisca e Willian Jos\u00e9 balan\u00e7aram redes no fim de semana.<\/p>\n<p><strong>CARIRI EM A\u00c7\u00c3O<\/strong><\/p>\n<p><em>Com Globo Esporte\/Foto: Reprodu\u00e7\u00e3o Internet<\/em><\/p>\n<p><strong>Leia mais not\u00edcias em\u00a0<\/strong><a href=\"http:\/\/www.caririemacao.com\/\"><strong>caririemacao.com<\/strong><\/a><strong>, siga nossa p\u00e1gina no\u00a0<\/strong><a href=\"https:\/\/www.facebook.com\/CaririEmAcao\/?ref=aymt_homepage_panel\"><strong>Facebook<\/strong><\/a>,<strong>\u00a0<\/strong><a href=\"https:\/\/www.instagram.com\/cariri_em_acao\/?hl=pt-br\"><strong>Instagram<\/strong><\/a><strong>\u00a0e <\/strong><a href=\"https:\/\/www.youtube.com\/channel\/UCAptA0jQuYQy8vMhLt2m4qg\"><strong>Youtube<\/strong><\/a><strong>\u00a0e veja nossas mat\u00e9rias, v\u00eddeos e fotos. Voc\u00ea tamb\u00e9m pode enviar informa\u00e7\u00f5es \u00e0 Reda\u00e7\u00e3o do Portal Cariri em A\u00e7\u00e3o pelo WhatsApp (83) 9 9634.5791, (83) 9 9601-1162.<\/strong><\/p>\n<\/div>\n<div data-track-category=\"fim do conteudo\" data-track-action=\"ultimo chunk conteudo\" data-track-noninteraction=\"false\" data-track-scroll=\"entrada completa viewport\">\n<div class=\"mc-column content-media content-media--normal  content-photo\" data-block-type=\"backstage-photo\" data-block-id=\"20\">\n<div class=\"content-media__container\">\n<div class=\"content-media__description-centered \"><\/div>\n<\/div>\n<\/div>\n<\/div>\n<div class=\"content-ads content-ads--reveal\" data-block-type=\"ads\" data-block-id=\"21\"><\/div>\n<\/article>\n<div class=\"mc-column entities\"><\/div>\n<\/div>\n","protected":false},"excerpt":{"rendered":"<p>A segunda-feira marca mais uma data importante para a Sele\u00e7\u00e3o \u00e1s v\u00e9speras da Copa do Mundo. \u00c0s 11h (de Bras\u00edlia), na sede da CBF, no&hellip; <\/p>\n","protected":false},"author":2,"featured_media":43800,"comment_status":"closed","ping_status":"closed","sticky":false,"template":"","format":"standard","meta":{"sfsi_plus_gutenberg_text_before_share":"","sfsi_plus_gutenberg_show_text_before_share":"","sfsi_plus_gutenberg_icon_type":"","sfsi_plus_gutenberg_icon_alignemt":"","sfsi_plus_gutenburg_max_per_row":"","footnotes":""},"categories":[13],"tags":[],"class_list":["post-43799","post","type-post","status-publish","format-standard","has-post-thumbnail","hentry","category-esportes"],"_links":{"self":[{"href":"https:\/\/www.caririemacao.com\/1\/wp-json\/wp\/v2\/posts\/43799","targetHints":{"allow":["GET"]}}],"collection":[{"href":"https:\/\/www.caririemacao.com\/1\/wp-json\/wp\/v2\/posts"}],"about":[{"href":"https:\/\/www.caririemacao.com\/1\/wp-json\/wp\/v2\/types\/post"}],"author":[{"embeddable":true,"href":"https:\/\/www.caririemacao.com\/1\/wp-json\/wp\/v2\/users\/2"}],"replies":[{"embeddable":true,"href":"https:\/\/www.caririemacao.com\/1\/wp-json\/wp\/v2\/comments?post=43799"}],"version-history":[{"count":0,"href":"https:\/\/www.caririemacao.com\/1\/wp-json\/wp\/v2\/posts\/43799\/revisions"}],"wp:featuredmedia":[{"embeddable":true,"href":"https:\/\/www.caririemacao.com\/1\/wp-json\/wp\/v2\/media\/43800"}],"wp:attachment":[{"href":"https:\/\/www.caririemacao.com\/1\/wp-json\/wp\/v2\/media?parent=43799"}],"wp:term":[{"taxonomy":"category","embeddable":true,"href":"https:\/\/www.caririemacao.com\/1\/wp-json\/wp\/v2\/categories?post=43799"},{"taxonomy":"post_tag","embeddable":true,"href":"https:\/\/www.caririemacao.com\/1\/wp-json\/wp\/v2\/tags?post=43799"}],"curies":[{"name":"wp","href":"https:\/\/api.w.org\/{rel}","templated":true}]}}