{"id":43802,"date":"2018-03-12T09:58:49","date_gmt":"2018-03-12T12:58:49","guid":{"rendered":"http:\/\/caririemacao.com\/1\/?p=43802"},"modified":"2018-03-12T10:47:08","modified_gmt":"2018-03-12T13:47:08","slug":"tre-pb-empossara-a-sua-mesa-diretora-exercicio-2018","status":"publish","type":"post","link":"https:\/\/www.caririemacao.com\/1\/2018\/03\/12\/tre-pb-empossara-a-sua-mesa-diretora-exercicio-2018\/","title":{"rendered":"TRE-PB empossar\u00e1 a sua Mesa Diretora exerc\u00edcio 2018"},"content":{"rendered":"<p>O Tribunal Regional Eleitoral da Para\u00edba (TRE-PB) dar\u00e1 posse a Mesa Diretora para o ano de 2018 nesta segunda-feira (12) . A solenidade est\u00e1 prevista para ocorrer \u00e0s 16h00, na Sala de Sess\u00f5es do Edif\u00edcio-sede do TRE-PB.<\/p>\n<p>Foram eleitos, na \u00faltima quinta-feira (08), para os cargos de Presidente e Vice-Presidente, respectivamente, os Desembargadores Romero Marcelo da Fonseca Oliveira e Carlos Martins Beltr\u00e3o Filho, este \u00faltimo foi eleito tamb\u00e9m Corregedor Regional Eleitoral.<\/p>\n<p><strong>Perfis<\/strong><\/p>\n<p><strong>Romero Marcelo da Fonseca Oliveira<\/strong>\u00a0\u00e9 natural de Ipojuca\/PE, Bacharelado em Ci\u00eancias Jur\u00eddicas e Sociais pela Universidade Federal da Para\u00edba (UFPB), com especializa\u00e7\u00e3o pela Universidade Estadual da Para\u00edba (UEPB) em Direito Civil e Direito Penal; ESPECIALIZA\u00c7\u00c3O: Gest\u00e3o Jurisdicional de Meios e Fins. Escola Superior da Magistratura da Para\u00edba \/ Tribunal de Justi\u00e7a da Para\u00edba \/ Institutos Paraibanos de Educa\u00e7\u00e3o (UNIP\u00ca); Professor Mestre do Departamento de Direito P\u00fablico e Pr\u00e1tica Forense do Centro de Ci\u00eancias Jur\u00eddicas da Universidade Estadual da Para\u00edba, ministrando atualmente as disciplinas de Direito Processual Civil I e II e Est\u00e1gio. Empossado como Membro efetivo do TRE-PB em 19\/10\/2016, e ocupava os cargos de Vice-Presidente e Corregedor Eleitoral desde 31\/10\/2016.<\/p>\n<p><strong>Carlos Martins Beltr\u00e3o Filho<\/strong>\u00a0nasceu no munic\u00edpio de Alagoinha\/PB, graduou-se em Ci\u00eancias Jur\u00eddicas e Sociais pela Universidade Federal da Para\u00edba (UFPB), em 1979. Ao ingressar na magistratura assumiu a Comarca de Concei\u00e7\u00e3o, no Sert\u00e3o do Estado, e posteriormente, nas Comarcas de Alhandra, Cajazeiras, Campina Grande e Jo\u00e3o Pessoa. Carlos Martins Beltr\u00e3o Filho destacou-se como professor da Escola Superior da Magistratura (ESMA), onde lecionou as disciplinas de Direito Penal e Direito Processual Penal. Tomou posse como Membro efetivo do TRE-PB em 08\/03\/2018.<\/p>\n<p><strong>CARIRI EM A\u00c7\u00c3O<\/strong><\/p>\n<p><strong>Leia mais not\u00edcias em\u00a0<\/strong><a href=\"http:\/\/www.caririemacao.com\/\"><strong>caririemacao.com<\/strong><\/a><strong>, siga nossa p\u00e1gina no\u00a0<\/strong><a href=\"https:\/\/www.facebook.com\/CaririEmAcao\/?ref=aymt_homepage_panel\"><strong>Facebook<\/strong><\/a>,<strong>\u00a0<\/strong><a href=\"https:\/\/www.instagram.com\/cariri_em_acao\/?hl=pt-br\"><strong>Instagram<\/strong><\/a><strong>\u00a0e <\/strong><a href=\"https:\/\/www.youtube.com\/channel\/UCAptA0jQuYQy8vMhLt2m4qg\"><strong>Youtube<\/strong><\/a><strong>\u00a0e veja nossas mat\u00e9rias, v\u00eddeos e fotos. Voc\u00ea tamb\u00e9m pode enviar informa\u00e7\u00f5es \u00e0 Reda\u00e7\u00e3o do Portal Cariri em A\u00e7\u00e3o pelo WhatsApp (83) 9 9634.5791, (83) 9 9601-1162.<\/strong><\/p>\n","protected":false},"excerpt":{"rendered":"<p>O Tribunal Regional Eleitoral da Para\u00edba (TRE-PB) dar\u00e1 posse a Mesa Diretora para o ano de 2018 nesta segunda-feira (12) . A solenidade est\u00e1 prevista&hellip; <\/p>\n","protected":false},"author":2,"featured_media":43803,"comment_status":"closed","ping_status":"closed","sticky":false,"template":"","format":"standard","meta":{"sfsi_plus_gutenberg_text_before_share":"","sfsi_plus_gutenberg_show_text_before_share":"","sfsi_plus_gutenberg_icon_type":"","sfsi_plus_gutenberg_icon_alignemt":"","sfsi_plus_gutenburg_max_per_row":"","footnotes":""},"categories":[11],"tags":[],"class_list":["post-43802","post","type-post","status-publish","format-standard","has-post-thumbnail","hentry","category-politica"],"_links":{"self":[{"href":"https:\/\/www.caririemacao.com\/1\/wp-json\/wp\/v2\/posts\/43802","targetHints":{"allow":["GET"]}}],"collection":[{"href":"https:\/\/www.caririemacao.com\/1\/wp-json\/wp\/v2\/posts"}],"about":[{"href":"https:\/\/www.caririemacao.com\/1\/wp-json\/wp\/v2\/types\/post"}],"author":[{"embeddable":true,"href":"https:\/\/www.caririemacao.com\/1\/wp-json\/wp\/v2\/users\/2"}],"replies":[{"embeddable":true,"href":"https:\/\/www.caririemacao.com\/1\/wp-json\/wp\/v2\/comments?post=43802"}],"version-history":[{"count":0,"href":"https:\/\/www.caririemacao.com\/1\/wp-json\/wp\/v2\/posts\/43802\/revisions"}],"wp:featuredmedia":[{"embeddable":true,"href":"https:\/\/www.caririemacao.com\/1\/wp-json\/wp\/v2\/media\/43803"}],"wp:attachment":[{"href":"https:\/\/www.caririemacao.com\/1\/wp-json\/wp\/v2\/media?parent=43802"}],"wp:term":[{"taxonomy":"category","embeddable":true,"href":"https:\/\/www.caririemacao.com\/1\/wp-json\/wp\/v2\/categories?post=43802"},{"taxonomy":"post_tag","embeddable":true,"href":"https:\/\/www.caririemacao.com\/1\/wp-json\/wp\/v2\/tags?post=43802"}],"curies":[{"name":"wp","href":"https:\/\/api.w.org\/{rel}","templated":true}]}}