{"id":43805,"date":"2018-03-12T10:17:44","date_gmt":"2018-03-12T13:17:44","guid":{"rendered":"http:\/\/caririemacao.com\/1\/?p=43805"},"modified":"2018-03-12T10:17:44","modified_gmt":"2018-03-12T13:17:44","slug":"oficiais-de-justica-farao-paralisacao-de-advertencia-nos-proximos-dias-12-e-13","status":"publish","type":"post","link":"https:\/\/www.caririemacao.com\/1\/2018\/03\/12\/oficiais-de-justica-farao-paralisacao-de-advertencia-nos-proximos-dias-12-e-13\/","title":{"rendered":"Oficiais de Justi\u00e7a far\u00e3o paralisa\u00e7\u00e3o de advert\u00eancia nos pr\u00f3ximos dias 12 e 13"},"content":{"rendered":"<p>Reunidos em Assembleia Geral Extraordin\u00e1ria na manh\u00e3 desta sexta-feira no audit\u00f3rio do Sindojus-PB, Oficiais de Justi\u00e7a de todo o estado, decidiram paralisar suas atividades nos pr\u00f3ximos dias 12 e 13 de mar\u00e7o, como forma de mobiliza\u00e7\u00e3o pelo n\u00e3o cumprimento da data-base at\u00e9 agora, por parte do TJ-PB, o que deveria ter ocorrido desde o \u00faltimo dia 1\u00b0 de janeiro.<\/p>\n<p>A decis\u00e3o se deu, ap\u00f3s atualiza\u00e7\u00e3o de informa\u00e7\u00f5es da diretoria sobre o assunto, exaustivamente discutido em sucessivas reuni\u00f5es com t\u00e9cnicos e o desembargador-presidente Jo\u00e1s de Britto Filho, contextualizadas pelos progressivos cortes pelo governo do estado no repasse do duod\u00e9cimo e a iminente determina\u00e7\u00e3o pelo STF da retirada do aux\u00edlio-moradia dos contracheques dos magistrados.<\/p>\n<p>\u201cA tend\u00eancia \u00e9 que, com isso, a magistratura busque compensar essa perda atrav\u00e9s de um aumento em seus subs\u00eddios. Defendemos, no entanto, que esses recursos sejam tamb\u00e9m direcionados para a reposi\u00e7\u00e3o salarial dos servidores, no caso dos Oficiais de Justi\u00e7a, penalizados pela sobrecarga de trabalho e n\u00e3o realiza\u00e7\u00e3o de concurso nos \u00faltimos quinze anos\u201d, afirmou o presidente do Sindojus-PB, Benedito Fons\u00eaca.<\/p>\n<p><strong>CARIRI EM A\u00c7\u00c3O<\/strong><\/p>\n<p><em>Com PB\u00a0news\/Foto: Reprodu\u00e7\u00e3o Internet<\/em><\/p>\n<p><strong>Leia mais not\u00edcias em\u00a0<\/strong><a href=\"http:\/\/www.caririemacao.com\/\"><strong>caririemacao.com<\/strong><\/a><strong>, siga nossa p\u00e1gina no\u00a0<\/strong><a href=\"https:\/\/www.facebook.com\/CaririEmAcao\/?ref=aymt_homepage_panel\"><strong>Facebook<\/strong><\/a>,<strong>\u00a0<\/strong><a href=\"https:\/\/www.instagram.com\/cariri_em_acao\/?hl=pt-br\"><strong>Instagram<\/strong><\/a><strong>\u00a0e <\/strong><a href=\"https:\/\/www.youtube.com\/channel\/UCAptA0jQuYQy8vMhLt2m4qg\"><strong>Youtube<\/strong><\/a><strong>\u00a0e veja nossas mat\u00e9rias, v\u00eddeos e fotos. Voc\u00ea tamb\u00e9m pode enviar informa\u00e7\u00f5es \u00e0 Reda\u00e7\u00e3o do Portal Cariri em A\u00e7\u00e3o pelo WhatsApp (83) 9 9634.5791, (83) 9 9601-1162.<\/strong><\/p>\n","protected":false},"excerpt":{"rendered":"<p>Reunidos em Assembleia Geral Extraordin\u00e1ria na manh\u00e3 desta sexta-feira no audit\u00f3rio do Sindojus-PB, Oficiais de Justi\u00e7a de todo o estado, decidiram paralisar suas atividades nos&hellip; <\/p>\n","protected":false},"author":2,"featured_media":43806,"comment_status":"closed","ping_status":"closed","sticky":false,"template":"","format":"standard","meta":{"sfsi_plus_gutenberg_text_before_share":"","sfsi_plus_gutenberg_show_text_before_share":"","sfsi_plus_gutenberg_icon_type":"","sfsi_plus_gutenberg_icon_alignemt":"","sfsi_plus_gutenburg_max_per_row":"","footnotes":""},"categories":[2],"tags":[],"class_list":["post-43805","post","type-post","status-publish","format-standard","has-post-thumbnail","hentry","category-geral"],"_links":{"self":[{"href":"https:\/\/www.caririemacao.com\/1\/wp-json\/wp\/v2\/posts\/43805","targetHints":{"allow":["GET"]}}],"collection":[{"href":"https:\/\/www.caririemacao.com\/1\/wp-json\/wp\/v2\/posts"}],"about":[{"href":"https:\/\/www.caririemacao.com\/1\/wp-json\/wp\/v2\/types\/post"}],"author":[{"embeddable":true,"href":"https:\/\/www.caririemacao.com\/1\/wp-json\/wp\/v2\/users\/2"}],"replies":[{"embeddable":true,"href":"https:\/\/www.caririemacao.com\/1\/wp-json\/wp\/v2\/comments?post=43805"}],"version-history":[{"count":0,"href":"https:\/\/www.caririemacao.com\/1\/wp-json\/wp\/v2\/posts\/43805\/revisions"}],"wp:featuredmedia":[{"embeddable":true,"href":"https:\/\/www.caririemacao.com\/1\/wp-json\/wp\/v2\/media\/43806"}],"wp:attachment":[{"href":"https:\/\/www.caririemacao.com\/1\/wp-json\/wp\/v2\/media?parent=43805"}],"wp:term":[{"taxonomy":"category","embeddable":true,"href":"https:\/\/www.caririemacao.com\/1\/wp-json\/wp\/v2\/categories?post=43805"},{"taxonomy":"post_tag","embeddable":true,"href":"https:\/\/www.caririemacao.com\/1\/wp-json\/wp\/v2\/tags?post=43805"}],"curies":[{"name":"wp","href":"https:\/\/api.w.org\/{rel}","templated":true}]}}