{"id":43817,"date":"2018-03-12T10:25:07","date_gmt":"2018-03-12T13:25:07","guid":{"rendered":"http:\/\/caririemacao.com\/1\/?p=43817"},"modified":"2018-03-12T10:25:07","modified_gmt":"2018-03-12T13:25:07","slug":"temer-discute-reacao-a-sobretaxa-ao-aco-e-reune-se-com-aliados","status":"publish","type":"post","link":"https:\/\/www.caririemacao.com\/1\/2018\/03\/12\/temer-discute-reacao-a-sobretaxa-ao-aco-e-reune-se-com-aliados\/","title":{"rendered":"Temer discute rea\u00e7\u00e3o \u00e0 sobretaxa ao a\u00e7o e re\u00fane-se com aliados"},"content":{"rendered":"<p>O presidente Michel Temer recebe \u00e0s 10h desta segunda-feira (12), no Pal\u00e1cio do Planalto, os ministros das Rela\u00e7\u00f5es Exteriores, Aloysio Nunes Ferreira, e o interino da Ind\u00fastria, Com\u00e9rcio Exterior e Servi\u00e7os, Marcos Jorge de Lima.<\/p>\n<p>No encontro, eles devem bater o martelo sobre a\u00a0rea\u00e7\u00e3o brasileira \u00e0s sobretaxas impostas pelo governo norte-americano de Donald Trump\u00a0\u00e0s importa\u00e7\u00f5es de a\u00e7o (25%) e de alum\u00ednio (10%).<\/p>\n<p>A estrat\u00e9gia do governo, como disse Marcos Jorge ao Broadcast semana passada, \u00e9 apresentar recursos em dois \u00f3rg\u00e3os dos Estados Unidos contra a decis\u00e3o de Trump. Ele afirmou ver chances de o Brasil n\u00e3o ser atingido pela medida.<\/p>\n<p>&#8220;Queremos que o Brasil seja exclu\u00eddo assim como o Canad\u00e1 e o M\u00e9xico&#8221;, disse. Os recursos ser\u00e3o levados ao Departamento de Com\u00e9rcio norte-americano e ao Escrit\u00f3rio de Representa\u00e7\u00e3o Comercial dos EUA.<\/p>\n<div id=\"inner-ad-container\" class=\"\">\u00a0Na parte da tarde, Temer participa da cerim\u00f4nia de assinatura do termo de ades\u00e3o ao Programa Internet para Todos e de libera\u00e7\u00e3o de recursos para munic\u00edpios. O evento est\u00e1 marcado para as 15h.<\/div>\n<p>Depois, \u00e0s 17h, o presidente recebe o diretor-geral da OMC (Organiza\u00e7\u00e3o Mundial do Com\u00e9rcio), Roberto Azevedo. \u00c0s 18h, Temer tem reuni\u00e3o no Planalto com vice-l\u00edderes da base aliada no Congresso Nacional.<\/p>\n<p><strong>CARIRI EM A\u00c7\u00c3O<\/strong><\/p>\n<p><em>ComR7\/Foto: Reprodu\u00e7\u00e3o Internet\u00a0<\/em><\/p>\n<p><strong>Leia mais not\u00edcias em\u00a0<\/strong><a href=\"http:\/\/www.caririemacao.com\/\"><strong>caririemacao.com<\/strong><\/a><strong>, siga nossa p\u00e1gina no\u00a0<\/strong><a href=\"https:\/\/www.facebook.com\/CaririEmAcao\/?ref=aymt_homepage_panel\"><strong>Facebook<\/strong><\/a>,<strong>\u00a0<\/strong><a href=\"https:\/\/www.instagram.com\/cariri_em_acao\/?hl=pt-br\"><strong>Instagram<\/strong><\/a><strong>\u00a0e <\/strong><a href=\"https:\/\/www.youtube.com\/channel\/UCAptA0jQuYQy8vMhLt2m4qg\"><strong>Youtube<\/strong><\/a><strong>\u00a0e veja nossas mat\u00e9rias, v\u00eddeos e fotos. Voc\u00ea tamb\u00e9m pode enviar informa\u00e7\u00f5es \u00e0 Reda\u00e7\u00e3o do Portal Cariri em A\u00e7\u00e3o pelo WhatsApp (83) 9 9634.5791, (83) 9 9601-1162.<\/strong><\/p>\n","protected":false},"excerpt":{"rendered":"<p>O presidente Michel Temer recebe \u00e0s 10h desta segunda-feira (12), no Pal\u00e1cio do Planalto, os ministros das Rela\u00e7\u00f5es Exteriores, Aloysio Nunes Ferreira, e o interino&hellip; <\/p>\n","protected":false},"author":2,"featured_media":14018,"comment_status":"closed","ping_status":"closed","sticky":false,"template":"","format":"standard","meta":{"sfsi_plus_gutenberg_text_before_share":"","sfsi_plus_gutenberg_show_text_before_share":"","sfsi_plus_gutenberg_icon_type":"","sfsi_plus_gutenberg_icon_alignemt":"","sfsi_plus_gutenburg_max_per_row":"","footnotes":""},"categories":[11],"tags":[],"class_list":["post-43817","post","type-post","status-publish","format-standard","has-post-thumbnail","hentry","category-politica"],"_links":{"self":[{"href":"https:\/\/www.caririemacao.com\/1\/wp-json\/wp\/v2\/posts\/43817","targetHints":{"allow":["GET"]}}],"collection":[{"href":"https:\/\/www.caririemacao.com\/1\/wp-json\/wp\/v2\/posts"}],"about":[{"href":"https:\/\/www.caririemacao.com\/1\/wp-json\/wp\/v2\/types\/post"}],"author":[{"embeddable":true,"href":"https:\/\/www.caririemacao.com\/1\/wp-json\/wp\/v2\/users\/2"}],"replies":[{"embeddable":true,"href":"https:\/\/www.caririemacao.com\/1\/wp-json\/wp\/v2\/comments?post=43817"}],"version-history":[{"count":0,"href":"https:\/\/www.caririemacao.com\/1\/wp-json\/wp\/v2\/posts\/43817\/revisions"}],"wp:featuredmedia":[{"embeddable":true,"href":"https:\/\/www.caririemacao.com\/1\/wp-json\/wp\/v2\/media\/14018"}],"wp:attachment":[{"href":"https:\/\/www.caririemacao.com\/1\/wp-json\/wp\/v2\/media?parent=43817"}],"wp:term":[{"taxonomy":"category","embeddable":true,"href":"https:\/\/www.caririemacao.com\/1\/wp-json\/wp\/v2\/categories?post=43817"},{"taxonomy":"post_tag","embeddable":true,"href":"https:\/\/www.caririemacao.com\/1\/wp-json\/wp\/v2\/tags?post=43817"}],"curies":[{"name":"wp","href":"https:\/\/api.w.org\/{rel}","templated":true}]}}