{"id":43818,"date":"2018-03-12T10:28:16","date_gmt":"2018-03-12T13:28:16","guid":{"rendered":"http:\/\/caririemacao.com\/1\/?p=43818"},"modified":"2018-03-12T10:28:16","modified_gmt":"2018-03-12T13:28:16","slug":"sine-pb-inicia-a-semana-com-119-vagas-de-emprego-em-cinco-cidades","status":"publish","type":"post","link":"https:\/\/www.caririemacao.com\/1\/2018\/03\/12\/sine-pb-inicia-a-semana-com-119-vagas-de-emprego-em-cinco-cidades\/","title":{"rendered":"Sine-PB inicia a semana com 119 vagas de emprego em cinco cidades"},"content":{"rendered":"<p>O Sistema Nacional de Empregos da Para\u00edba (Sine-PB) oferece, a partir desta segunda-feira (12), um total de 119 oportunidades de emprego. As vagas est\u00e3o distribu\u00eddas nas cidades de Jo\u00e3o Pessoa, Bayeux, Santa Rita, Guarabira e Campina Grande.<\/p>\n<p>Para a inscri\u00e7\u00e3o, os interessados devem procurar a sede do Sine-PB, localizada na rua Duque de Caxias, 305, no Centro de Jo\u00e3o Pessoa (pr\u00f3ximo ao Shopping Terceir\u00e3o), com RG e CPF.\u00a0Mais informa\u00e7\u00f5es podem ser obtidas pelos telefones (83) 3218-6619, 3218-6618 ou 3218-6624 (em Jo\u00e3o Pessoa) e (83) 3310-9412 (em Campina Grande).<\/p>\n<h4>Confira a lista das oportunidades<\/h4>\n<p><strong>Jo\u00e3o Pessoa<\/strong><\/p>\n<p>4\u00a0AGENTE DE MICROCR\u00c9DITO<br \/>\n1 AUXILIAR ADMINISTRATIVO<br \/>\n5 AUXILIAR DE ELETR\u00d4NICA<br \/>\n9\u00a0CONFERENTE MER. (EXCETO CARGA E DESCARGA)<br \/>\n1\u00a0ENCARREGADO DE SE\u00c7\u00c3O DE COM. E DE PRODU\u00c7\u00c3O<br \/>\n1\u00a0INSTA.-RE. DE L. E A. DE TELECOMUNICA\u00c7\u00d5ES<br \/>\n1\u00a0MARCENEIRO (ADAPTA\u00c7\u00c3O E FABRICA\u00c7\u00c3O DE M\u00d3VEIS PARA USO EM UTI, AMBUL\u00c2NCIA E AFINS).<br \/>\n5\u00a0MARCENEIRO<br \/>\n1\u00a0MEC\u00c2NICO DE AUTOM\u00d3VEL<br \/>\n2\u00a0MESTRE DE MANUTEN\u00c7\u00c3O EL\u00c9TRICA<br \/>\n1\u00a0MONTADOR (CURSO NA AREA , IR\u00c1 TRABALHAR COM MONTAGEM DE VEIC. ESPECIAIS AMBUL\u00c2NCIAS , FOOD TRUCKS)<br \/>\n1\u00a0OPERADOR DE LAMINADOR<br \/>\n1\u00a0OPERADOR DE VENDAS (LOJAS)<br \/>\n1\u00a0ORIENTADOR EDUCACIONAL<br \/>\n2\u00a0TECN\u00d3LOGO EM MEC\u00c2NICA<br \/>\n2\u00a0T\u00c9C. ANAL DE CONT. DE PROD. MANUFATURADOS<br \/>\n5\u00a0VENDEDOR PRACISTA<br \/>\n6\u00a0VENDEDOR PRACISTA<\/p>\n<p><strong>Bayeux<\/strong><\/p>\n<p>1\u00a0OPERADOR DE M\u00c1QUINA DE BORDAR<\/p>\n<p><strong>Campina Grande<\/strong><\/p>\n<p>1\u00a0CAMAREIRA DE HOTEL<br \/>\n1\u00a0ESTETICISTA<br \/>\n4\u00a0MANICURE<br \/>\n1\u00a0MOTORISTA DE CARRO FORTE<br \/>\n12\u00a0PORTEIRO<br \/>\n4\u00a0RECEPCIONISTA ATENDENTE<br \/>\n10\u00a0VENDEDOR PRACISTA<\/p>\n<p><strong>Guarabira<\/strong><\/p>\n<p>1\u00a0AUXILIAR ADMINISTRATIVO<br \/>\n1\u00a0CARPINTEIRO<br \/>\n14\u00a0COSTUREIRA EM GERAL<br \/>\n2\u00a0PEDREIRO<br \/>\n5\u00a0SERVENTE DE OBRAS<br \/>\n2\u00a0VIGIA<\/p>\n<p><strong>Santa Rita<\/strong><\/p>\n<p>1\u00a0BORRACHEIRO<br \/>\n2\u00a0DEDERIZADOR<br \/>\n5\u00a0ENFORNADOR DE TIJOLOS<br \/>\n1\u00a0MEC\u00c2NICO DE M. DE BOMBAS CENTR\u00cdFUGAS<br \/>\n1\u00a0MEC\u00c2NICO DE MANUTEN\u00c7\u00c3O DE M. AGR\u00cdCOLAS<br \/>\n1\u00a0MEC\u00c2NICO DE MOTOR A DIESESL<\/p>\n<p><strong>CARIRI EM A\u00c7\u00c3O<\/strong><\/p>\n<p><em>Com Jornal da Para\u00edba\/Foto: Reprodu\u00e7\u00e3o Internet<\/em><\/p>\n<p><strong>Leia mais not\u00edcias em\u00a0<\/strong><a href=\"http:\/\/www.caririemacao.com\/\"><strong>caririemacao.com<\/strong><\/a><strong>, siga nossa p\u00e1gina no\u00a0<\/strong><a href=\"https:\/\/www.facebook.com\/CaririEmAcao\/?ref=aymt_homepage_panel\"><strong>Facebook<\/strong><\/a>,<strong>\u00a0<\/strong><a href=\"https:\/\/www.instagram.com\/cariri_em_acao\/?hl=pt-br\"><strong>Instagram<\/strong><\/a><strong>\u00a0e <\/strong><a href=\"https:\/\/www.youtube.com\/channel\/UCAptA0jQuYQy8vMhLt2m4qg\"><strong>Youtube<\/strong><\/a><strong>\u00a0e veja nossas mat\u00e9rias, v\u00eddeos e fotos. Voc\u00ea tamb\u00e9m pode enviar informa\u00e7\u00f5es \u00e0 Reda\u00e7\u00e3o do Portal Cariri em A\u00e7\u00e3o pelo WhatsApp (83) 9 9634.5791, (83) 9 9601-1162.<\/strong><\/p>\n","protected":false},"excerpt":{"rendered":"<p>O Sistema Nacional de Empregos da Para\u00edba (Sine-PB) oferece, a partir desta segunda-feira (12), um total de 119 oportunidades de emprego. As vagas est\u00e3o distribu\u00eddas&hellip; <\/p>\n","protected":false},"author":2,"featured_media":32039,"comment_status":"closed","ping_status":"closed","sticky":false,"template":"","format":"standard","meta":{"sfsi_plus_gutenberg_text_before_share":"","sfsi_plus_gutenberg_show_text_before_share":"","sfsi_plus_gutenberg_icon_type":"","sfsi_plus_gutenberg_icon_alignemt":"","sfsi_plus_gutenburg_max_per_row":"","footnotes":""},"categories":[2],"tags":[],"class_list":["post-43818","post","type-post","status-publish","format-standard","has-post-thumbnail","hentry","category-geral"],"_links":{"self":[{"href":"https:\/\/www.caririemacao.com\/1\/wp-json\/wp\/v2\/posts\/43818","targetHints":{"allow":["GET"]}}],"collection":[{"href":"https:\/\/www.caririemacao.com\/1\/wp-json\/wp\/v2\/posts"}],"about":[{"href":"https:\/\/www.caririemacao.com\/1\/wp-json\/wp\/v2\/types\/post"}],"author":[{"embeddable":true,"href":"https:\/\/www.caririemacao.com\/1\/wp-json\/wp\/v2\/users\/2"}],"replies":[{"embeddable":true,"href":"https:\/\/www.caririemacao.com\/1\/wp-json\/wp\/v2\/comments?post=43818"}],"version-history":[{"count":0,"href":"https:\/\/www.caririemacao.com\/1\/wp-json\/wp\/v2\/posts\/43818\/revisions"}],"wp:featuredmedia":[{"embeddable":true,"href":"https:\/\/www.caririemacao.com\/1\/wp-json\/wp\/v2\/media\/32039"}],"wp:attachment":[{"href":"https:\/\/www.caririemacao.com\/1\/wp-json\/wp\/v2\/media?parent=43818"}],"wp:term":[{"taxonomy":"category","embeddable":true,"href":"https:\/\/www.caririemacao.com\/1\/wp-json\/wp\/v2\/categories?post=43818"},{"taxonomy":"post_tag","embeddable":true,"href":"https:\/\/www.caririemacao.com\/1\/wp-json\/wp\/v2\/tags?post=43818"}],"curies":[{"name":"wp","href":"https:\/\/api.w.org\/{rel}","templated":true}]}}