{"id":43827,"date":"2018-03-12T10:49:57","date_gmt":"2018-03-12T13:49:57","guid":{"rendered":"http:\/\/caririemacao.com\/1\/?p=43827"},"modified":"2018-03-12T10:49:57","modified_gmt":"2018-03-12T13:49:57","slug":"aviao-com-67-passageiros-e-4-tripulantes-cai-em-aeroporto-do-nepal","status":"publish","type":"post","link":"https:\/\/www.caririemacao.com\/1\/2018\/03\/12\/aviao-com-67-passageiros-e-4-tripulantes-cai-em-aeroporto-do-nepal\/","title":{"rendered":"Avi\u00e3o com 67 passageiros e 4 tripulantes cai em aeroporto do Nepal"},"content":{"rendered":"<p>Ao menos 40 pessoas morreram e 23 ficaram feridas ap\u00f3s a queda de um avi\u00e3o de uma companhia de Bangladesh nesta segunda-feira em Katmandu, Nepal. &#8220;As possibilidades de encontrar mais sobreviventes s\u00e3o pequenas pelo inc\u00eandio no avi\u00e3o&#8221;, afirmou o porta-voz do ex\u00e9rcito, Gokul Bhandaree.<\/p>\n<p>O avi\u00e3o da companhia bengalesa US-Bangla Airlines transportava 67 passageiros e quatro membros da tripula\u00e7\u00e3o. A busca por corpos continua no local da trag\u00e9dia.<\/p>\n<p>&#8220;Trinta e uma pessoas morreram no local do acidente e nove morreram em dois hospitais em Katmandu&#8221;, afirmou \u00e0\u00a0 o porta-voz policial Manoj Neupane, que disse ainda que s\u00e3o 23 os feridos.<\/p>\n<p>Colunas de fuma\u00e7a negra eram observadas na regi\u00e3o da queda da aeronave, ao leste da estrada do \u00fanico aeroporto internacional do Nepal.<\/p>\n<p><strong>CARIRI EM A\u00c7\u00c3O<\/strong><\/p>\n<p><em>Com Msn \/Foto: Reprodu\u00e7\u00e3o\u00a0<\/em><\/p>\n<p><strong>Leia mais not\u00edcias em\u00a0<\/strong><a href=\"http:\/\/www.caririemacao.com\/\"><strong>caririemacao.com<\/strong><\/a><strong>, siga nossa p\u00e1gina no\u00a0<\/strong><a href=\"https:\/\/www.facebook.com\/CaririEmAcao\/?ref=aymt_homepage_panel\"><strong>Facebook<\/strong><\/a>,<strong>\u00a0<\/strong><a href=\"https:\/\/www.instagram.com\/cariri_em_acao\/?hl=pt-br\"><strong>Instagram<\/strong><\/a><strong>\u00a0e <\/strong><a href=\"https:\/\/www.youtube.com\/channel\/UCAptA0jQuYQy8vMhLt2m4qg\"><strong>Youtube<\/strong><\/a><strong>\u00a0e veja nossas mat\u00e9rias, v\u00eddeos e fotos. Voc\u00ea tamb\u00e9m pode enviar informa\u00e7\u00f5es \u00e0 Reda\u00e7\u00e3o do Portal Cariri em A\u00e7\u00e3o pelo WhatsApp (83) 9 9634.5791, (83) 9 9601-1162.<\/strong><\/p>\n","protected":false},"excerpt":{"rendered":"<p>Ao menos 40 pessoas morreram e 23 ficaram feridas ap\u00f3s a queda de um avi\u00e3o de uma companhia de Bangladesh nesta segunda-feira em Katmandu, Nepal.&hellip; <\/p>\n","protected":false},"author":2,"featured_media":43828,"comment_status":"closed","ping_status":"closed","sticky":false,"template":"","format":"standard","meta":{"sfsi_plus_gutenberg_text_before_share":"","sfsi_plus_gutenberg_show_text_before_share":"","sfsi_plus_gutenberg_icon_type":"","sfsi_plus_gutenberg_icon_alignemt":"","sfsi_plus_gutenburg_max_per_row":"","footnotes":""},"categories":[2],"tags":[],"class_list":["post-43827","post","type-post","status-publish","format-standard","has-post-thumbnail","hentry","category-geral"],"_links":{"self":[{"href":"https:\/\/www.caririemacao.com\/1\/wp-json\/wp\/v2\/posts\/43827","targetHints":{"allow":["GET"]}}],"collection":[{"href":"https:\/\/www.caririemacao.com\/1\/wp-json\/wp\/v2\/posts"}],"about":[{"href":"https:\/\/www.caririemacao.com\/1\/wp-json\/wp\/v2\/types\/post"}],"author":[{"embeddable":true,"href":"https:\/\/www.caririemacao.com\/1\/wp-json\/wp\/v2\/users\/2"}],"replies":[{"embeddable":true,"href":"https:\/\/www.caririemacao.com\/1\/wp-json\/wp\/v2\/comments?post=43827"}],"version-history":[{"count":0,"href":"https:\/\/www.caririemacao.com\/1\/wp-json\/wp\/v2\/posts\/43827\/revisions"}],"wp:featuredmedia":[{"embeddable":true,"href":"https:\/\/www.caririemacao.com\/1\/wp-json\/wp\/v2\/media\/43828"}],"wp:attachment":[{"href":"https:\/\/www.caririemacao.com\/1\/wp-json\/wp\/v2\/media?parent=43827"}],"wp:term":[{"taxonomy":"category","embeddable":true,"href":"https:\/\/www.caririemacao.com\/1\/wp-json\/wp\/v2\/categories?post=43827"},{"taxonomy":"post_tag","embeddable":true,"href":"https:\/\/www.caririemacao.com\/1\/wp-json\/wp\/v2\/tags?post=43827"}],"curies":[{"name":"wp","href":"https:\/\/api.w.org\/{rel}","templated":true}]}}