{"id":43830,"date":"2018-03-12T10:54:09","date_gmt":"2018-03-12T13:54:09","guid":{"rendered":"http:\/\/caririemacao.com\/1\/?p=43830"},"modified":"2018-03-12T10:56:31","modified_gmt":"2018-03-12T13:56:31","slug":"cadastro-de-comerciantes-para-sao-joao-de-campina-grande-comeca-nesta-2a","status":"publish","type":"post","link":"https:\/\/www.caririemacao.com\/1\/2018\/03\/12\/cadastro-de-comerciantes-para-sao-joao-de-campina-grande-comeca-nesta-2a\/","title":{"rendered":"Cadastro de comerciantes para S\u00e3o Jo\u00e3o de Campina Grande come\u00e7a nesta 2\u00aa"},"content":{"rendered":"<p>Come\u00e7a nesta segunda-feira (12), em Campina Grande, o processo de cadastro para comerciantes que pretendem trabalhar na edi\u00e7\u00e3o 2018 do Maior S\u00e3o Jo\u00e3o do Mundo. O cadastro ser\u00e1 aberto nesta tarde e segue at\u00e9 a pr\u00f3xima sexta-feira (16), com atendimento no hor\u00e1rio das 13h \u00e0s 17h, no pr\u00e9dio do Teatro Rosil Cavalcante, localizado no Centro Cultural da cidade, ao lado do Parque do Povo.<\/p>\n<p>O cadastro \u00e9 direcionado prioritariamente para comerciantes com barracas e quiosques\u00a0 fixos, instalados na \u00e1rea do Parque do Povo, que trabalharam na edi\u00e7\u00e3o do evento no ano de 2017.<\/p>\n<p>De acordo com a coordenadora de comerciantes, Roberta Caroline, respons\u00e1vel pelo processo de cadastro para o S\u00e3o Jo\u00e3o de Campina Grande, a organiza\u00e7\u00e3o do evento vai manter a mesma quantidade de barracas e quiosques do ano anterior. \u201cTodos os comerciantes que trabalharam no S\u00e3o Jo\u00e3o do ano de 2017 devem procurar o teatro Rosil Cavalcante para realizar o cadastro. Ser\u00e1 mantida a mesma quantidade de pontos fixos para comercializa\u00e7\u00e3o, algo pr\u00f3ximo de 215 estabelecimentos entre barracas e quiosques e a prioridade \u00e9 para quem j\u00e1 trabalha no evento\u201d, revelou.<\/p>\n<p>Ainda de acordo com Roberta Caroline, o cadastro \u00e9 restrito apenas para os comerciantes com atividades fixas. \u201cEsse cadastro inclui apenas os comerciantes com pontos fixos dentro do evento. O cadastro de ambulantes, ou seja, aqueles que atuam de forma m\u00f3vel dentro do espa\u00e7o do S\u00e3o Jo\u00e3o ser\u00e1 aberto apenas posteriormente a esse primeiro processo\u201d, disse.<\/p>\n<h4><strong>Pagamento parcelado\u00a0<\/strong><\/h4>\n<p>Uma altera\u00e7\u00f5es realizadas pela organiza\u00e7\u00e3o do evento para esse ano est\u00e1 na condi\u00e7\u00e3o do pagamento parcelado da taxa cobrada para os comerciantes que v\u00e3o trabalhar durante o S\u00e3o Jo\u00e3o. \u201cO comerciante poder\u00e1 pagar o valor da taxa em at\u00e9 duas vezes no boleto, diferente do ano passado, quando foi cobrado o valor integralmente em apenas uma vez. A cobran\u00e7a varia de R$ 480 a R$ 6 mil, dependendo do tamanho do ponto e a localiza\u00e7\u00e3o dentro da festa\u201d, ressaltou Roberta Caroline.<\/p>\n<p>A documenta\u00e7\u00e3o exigida pela organiza\u00e7\u00e3o para confirma\u00e7\u00e3o do cadastro tamb\u00e9m teve mudan\u00e7a, sendo necess\u00e1ria a apresenta\u00e7\u00e3o do documento de antecedente criminal pelo comerciante, conforme recomenda\u00e7\u00e3o do Minist\u00e9rio P\u00fablico Estadual da Para\u00edba (MPPB).<\/p>\n<p><strong>Documenta\u00e7\u00e3o necess\u00e1ria<\/strong><\/p>\n<p>Comprovante de resid\u00eancia;<br \/>\nCarteira de Identidade;<br \/>\nCadastro de Pessoa F\u00edsica (CPF);<br \/>\nDuas fotos 3\u00d74;<br \/>\nAntecedente criminal.<\/p>\n<p><strong>CARIRI EM A\u00c7\u00c3O<\/strong><\/p>\n<p><em>Com Jornal da Para\u00edba\/Foto: Reprodu\u00e7\u00e3o Internet<\/em><\/p>\n<p><strong>Leia mais not\u00edcias em\u00a0<\/strong><a href=\"http:\/\/www.caririemacao.com\/\"><strong>caririemacao.com<\/strong><\/a><strong>, siga nossa p\u00e1gina no\u00a0<\/strong><a href=\"https:\/\/www.facebook.com\/CaririEmAcao\/?ref=aymt_homepage_panel\"><strong>Facebook<\/strong><\/a>,<strong>\u00a0<\/strong><a href=\"https:\/\/www.instagram.com\/cariri_em_acao\/?hl=pt-br\"><strong>Instagram<\/strong><\/a><strong>\u00a0e <\/strong><a href=\"https:\/\/www.youtube.com\/channel\/UCAptA0jQuYQy8vMhLt2m4qg\"><strong>Youtube<\/strong><\/a><strong>\u00a0e veja nossas mat\u00e9rias, v\u00eddeos e fotos. Voc\u00ea tamb\u00e9m pode enviar informa\u00e7\u00f5es \u00e0 Reda\u00e7\u00e3o do Portal Cariri em A\u00e7\u00e3o pelo WhatsApp (83) 9 9634.5791, (83) 9 9601-1162.<\/strong><\/p>\n","protected":false},"excerpt":{"rendered":"<p>Come\u00e7a nesta segunda-feira (12), em Campina Grande, o processo de cadastro para comerciantes que pretendem trabalhar na edi\u00e7\u00e3o 2018 do Maior S\u00e3o Jo\u00e3o do Mundo.&hellip; <\/p>\n","protected":false},"author":2,"featured_media":43831,"comment_status":"closed","ping_status":"closed","sticky":false,"template":"","format":"standard","meta":{"sfsi_plus_gutenberg_text_before_share":"","sfsi_plus_gutenberg_show_text_before_share":"","sfsi_plus_gutenberg_icon_type":"","sfsi_plus_gutenberg_icon_alignemt":"","sfsi_plus_gutenburg_max_per_row":"","footnotes":""},"categories":[6],"tags":[],"class_list":["post-43830","post","type-post","status-publish","format-standard","has-post-thumbnail","hentry","category-cidades"],"_links":{"self":[{"href":"https:\/\/www.caririemacao.com\/1\/wp-json\/wp\/v2\/posts\/43830","targetHints":{"allow":["GET"]}}],"collection":[{"href":"https:\/\/www.caririemacao.com\/1\/wp-json\/wp\/v2\/posts"}],"about":[{"href":"https:\/\/www.caririemacao.com\/1\/wp-json\/wp\/v2\/types\/post"}],"author":[{"embeddable":true,"href":"https:\/\/www.caririemacao.com\/1\/wp-json\/wp\/v2\/users\/2"}],"replies":[{"embeddable":true,"href":"https:\/\/www.caririemacao.com\/1\/wp-json\/wp\/v2\/comments?post=43830"}],"version-history":[{"count":0,"href":"https:\/\/www.caririemacao.com\/1\/wp-json\/wp\/v2\/posts\/43830\/revisions"}],"wp:featuredmedia":[{"embeddable":true,"href":"https:\/\/www.caririemacao.com\/1\/wp-json\/wp\/v2\/media\/43831"}],"wp:attachment":[{"href":"https:\/\/www.caririemacao.com\/1\/wp-json\/wp\/v2\/media?parent=43830"}],"wp:term":[{"taxonomy":"category","embeddable":true,"href":"https:\/\/www.caririemacao.com\/1\/wp-json\/wp\/v2\/categories?post=43830"},{"taxonomy":"post_tag","embeddable":true,"href":"https:\/\/www.caririemacao.com\/1\/wp-json\/wp\/v2\/tags?post=43830"}],"curies":[{"name":"wp","href":"https:\/\/api.w.org\/{rel}","templated":true}]}}