{"id":43848,"date":"2018-03-12T11:38:30","date_gmt":"2018-03-12T14:38:30","guid":{"rendered":"http:\/\/caririemacao.com\/1\/?p=43848"},"modified":"2018-03-12T11:38:30","modified_gmt":"2018-03-12T14:38:30","slug":"interesses-regionais-esfriam-negociacao-entre-barbosa-e-psb","status":"publish","type":"post","link":"https:\/\/www.caririemacao.com\/1\/2018\/03\/12\/interesses-regionais-esfriam-negociacao-entre-barbosa-e-psb\/","title":{"rendered":"Interesses regionais esfriam negocia\u00e7\u00e3o entre Barbosa e PSB"},"content":{"rendered":"<p>O ex-presidente do Supremo Tribunal Federal (STF) Joaquim Barbosa ainda espera um sinal mais consistente do PSB sobre sua eventual candidatura ao Pal\u00e1cio do Planalto para decidir se ingressa na legenda. O partido, por outro lado, insiste que Barbosa precisa primeiro se filiar e, depois, viabilizar seu nome para a disputa presidencial. O impasse esfriou a negocia\u00e7\u00e3o da sigla com o ex-ministro do STF.<\/p>\n<p>Aliados que estiveram recentemente com Barbosa avaliam que ele aceita assinar a ficha de filia\u00e7\u00e3o dentro do prazo legal, dia 7 de abril, mesmo sem ter a garantia de candidatura. Mas n\u00e3o tomar\u00e1 a iniciativa sem uma \u201cseguran\u00e7a m\u00ednima\u201d.<\/p>\n<p>H\u00e1 mais de um m\u00eas, por\u00e9m, a c\u00fapula do PSB n\u00e3o o procura. O ex-ministro tem acompanhado pela imprensa os movimentos da legenda, que em sua conven\u00e7\u00e3o recuperou as diretrizes de centro-esquerda.<\/p>\n<p><a href=\"http:\/\/politica.estadao.com.br\/noticias\/geral,redes-sociais-nao-tem-o-poder-de-eleger-ninguem,70002223189\" target=\"_blank\" rel=\"noopener\" data-id=\"96\" data-m=\"{&quot;i&quot;:96,&quot;p&quot;:92,&quot;n&quot;:&quot;partnerLink&quot;,&quot;y&quot;:24,&quot;o&quot;:4}\"><strong>LEIA TAMB\u00c9M: &#8216;Redes sociais n\u00e3o t\u00eam o poder de eleger ningu\u00e9m&#8217;<\/strong><\/a><\/p>\n<p>A executiva do PSB abandonou a ideia de subir no futuro palanque do governador Geraldo Alckmin, pr\u00e9-candidato do PSDB \u00e0 Presid\u00eancia da Rep\u00fablica, e ainda mant\u00e9m a porta aberta para ter uma candidatura pr\u00f3pria. Segundo o Estado apurou, no entanto, a posi\u00e7\u00e3o majorit\u00e1ria da legenda hoje \u00e9 ficar neutra na disputa pelo Planalto para facilitar a constru\u00e7\u00e3o de alian\u00e7as regionais, considerada a prioridade total.<\/p>\n<p>A \u201cop\u00e7\u00e3o Barbosa\u201d esbarrou nos interesses do PSB em Pernambuco, no Distrito Federal e em outros Estados.<\/p>\n<p><strong>Parecer<\/strong><\/p>\n<p>Com resid\u00eancia fixada no Rio, Barbosa passa tamb\u00e9m temporadas em Bras\u00edlia e em S\u00e3o Paulo por causa de seu trabalho como advogado parecerista, of\u00edcio que passou a exercer ap\u00f3s se aposentar e deixar o Supremo.<\/p>\n<p>Num estilo adequado \u00e0 sua personalidade, o ex-ministro tem adotado uma postura bastante discreta nas conversas pol\u00edticas. Segundo um interlocutor pr\u00f3ximo, ele n\u00e3o quer \u201cfazer barulho\u201d sobre sua pretens\u00e3o por ora. Tamb\u00e9m oscila entre o ceticismo em rela\u00e7\u00e3o ao projeto presidencial com o PSB e a desconfian\u00e7a sobre a capacidade do partido de se unir e ter uma estrutura competitiva para a elei\u00e7\u00e3o.<\/p>\n<p>O deputado federal J\u00falio Delgado (MG), l\u00edder do PSB na C\u00e2mara, reconhece que a executiva pessebista esfriou o di\u00e1logo com o ex-ministro do STF. \u201cN\u00e3o desistimos do Barbosa, mas ele est\u00e1 se sentindo como aquele que foi convidado para jantar, mas n\u00e3o recebeu o endere\u00e7o\u201d, disse ao Estado. Segundo o parlamentar, a \u00faltima conversa pessoalmente com Barbosa foi antes do carnaval. Depois disso, eles se comunicaram mais duas vezes por meio do WhatsApp.<\/p>\n<p>Delgado relatou que na conven\u00e7\u00e3o do PSB a juventude do partido queria puxar um \u201cgrito de guerra\u201d em defesa da candidatura de Barbosa e ele cogitou apresentar uma mo\u00e7\u00e3o nesse sentido, mas o movimento foi barrado pela c\u00fapula.<\/p>\n<p>Para o l\u00edder do PSB, Barbosa precisa tomar a iniciativa e se filiar \u00e0 legenda mesmo sem ter garantias. \u201cO jogador s\u00f3 pode jogar a Copa do Mundo se estiver inscrito. N\u00e3o se trata de uma filia\u00e7\u00e3o de risco. Se ele se filiar, tenho certeza de que esse gesto por si s\u00f3 vai viabiliz\u00e1-lo.\u201d<\/p>\n<p>Segundo Delgado, o ex-ministro n\u00e3o precisa se preocupar com a possibilidade de disputar pr\u00e9vias. \u201cN\u00e3o existe isso no PSB\u201d, afirmou.<br \/>\nComitiva. Em dezembro do ano passado, uma comitiva de deputados federais do partido visitou o ex-ministro no escrit\u00f3rio dele no Itaim-Bibi, na zona oeste da capital paulista. Na ocasi\u00e3o o ex-presidente do Supremo disse que estava \u201catento aos prazos eleitorais\u201d e tamb\u00e9m fez consultas sobre o \u201ccampo de alian\u00e7as\u201d da sigla.<\/p>\n<p>Os parlamentares deixaram o encontro convencidos de que Barbosa estava construindo uma \u201cpauta de presidenci\u00e1vel\u201d e acompanhando de perto os principais temas nacionais. Os deputados relataram a ele a cren\u00e7a de que uma candidatura de \u201calgu\u00e9m de fora da pol\u00edtica\u201d teria \u201cmuito \u00eaxito\u201d na pr\u00f3xima disputa presidencial.<\/p>\n<p>Mas, desde ent\u00e3o, a op\u00e7\u00e3o Barbosa perdeu for\u00e7a no PSB por press\u00e3o principalmente dos governadores Rodrigo Rollemberg (Distrito Federal), Paulo C\u00e2mara (Pernambuco) e Ricardo Coutinho (Para\u00edba), que pregam neutralidade na disputa nacional. Isso facilitaria a constru\u00e7\u00e3o das candidaturas regionais.<\/p>\n<p>\u201cJoaquim Barbosa teve contato com o partido, provavelmente, por iniciativa dele. Foi dito a ele que se filiasse e se submetesse ao ritual. O partido tem uma din\u00e2mica. N\u00e3o \u00e9 uma decis\u00e3o de c\u00fapula. Decis\u00e3o ser\u00e1 em junho\u201d, disse o ex-prefeito de Belo Horizonte Marcio Lacerda, pr\u00e9-candidato do PSB ao governo de Minas Gerais.<\/p>\n<div id=\"facebookWidget\" data-aop=\"facebookWidget\" data-id=\"1024\" data-m=\"{\"><strong>CARIRI EM A\u00c7\u00c3O<\/strong><em>Com Msn \/Foto: Reprodu\u00e7\u00e3o Internet,\u00a0<\/em><\/p>\n<p><strong>Leia mais not\u00edcias em\u00a0<\/strong><a href=\"http:\/\/www.caririemacao.com\/\"><strong>caririemacao.com<\/strong><\/a><strong>, siga nossa p\u00e1gina no\u00a0<\/strong><a href=\"https:\/\/www.facebook.com\/CaririEmAcao\/?ref=aymt_homepage_panel\"><strong>Facebook<\/strong><\/a>,<strong>\u00a0<\/strong><a href=\"https:\/\/www.instagram.com\/cariri_em_acao\/?hl=pt-br\"><strong>Instagram<\/strong><\/a><strong>\u00a0e <\/strong><a href=\"https:\/\/www.youtube.com\/channel\/UCAptA0jQuYQy8vMhLt2m4qg\"><strong>Youtube<\/strong><\/a><strong>\u00a0e veja nossas mat\u00e9rias, v\u00eddeos e fotos. Voc\u00ea tamb\u00e9m pode enviar informa\u00e7\u00f5es \u00e0 Reda\u00e7\u00e3o do Portal Cariri em A\u00e7\u00e3o pelo WhatsApp (83) 9 9634.5791, (83) 9 9601-1162.<\/strong><\/p>\n<\/div>\n","protected":false},"excerpt":{"rendered":"<p>O ex-presidente do Supremo Tribunal Federal (STF) Joaquim Barbosa ainda espera um sinal mais consistente do PSB sobre sua eventual candidatura ao Pal\u00e1cio do Planalto&hellip; <\/p>\n","protected":false},"author":2,"featured_media":43849,"comment_status":"closed","ping_status":"closed","sticky":false,"template":"","format":"standard","meta":{"sfsi_plus_gutenberg_text_before_share":"","sfsi_plus_gutenberg_show_text_before_share":"","sfsi_plus_gutenberg_icon_type":"","sfsi_plus_gutenberg_icon_alignemt":"","sfsi_plus_gutenburg_max_per_row":"","footnotes":""},"categories":[11],"tags":[],"class_list":["post-43848","post","type-post","status-publish","format-standard","has-post-thumbnail","hentry","category-politica"],"_links":{"self":[{"href":"https:\/\/www.caririemacao.com\/1\/wp-json\/wp\/v2\/posts\/43848","targetHints":{"allow":["GET"]}}],"collection":[{"href":"https:\/\/www.caririemacao.com\/1\/wp-json\/wp\/v2\/posts"}],"about":[{"href":"https:\/\/www.caririemacao.com\/1\/wp-json\/wp\/v2\/types\/post"}],"author":[{"embeddable":true,"href":"https:\/\/www.caririemacao.com\/1\/wp-json\/wp\/v2\/users\/2"}],"replies":[{"embeddable":true,"href":"https:\/\/www.caririemacao.com\/1\/wp-json\/wp\/v2\/comments?post=43848"}],"version-history":[{"count":0,"href":"https:\/\/www.caririemacao.com\/1\/wp-json\/wp\/v2\/posts\/43848\/revisions"}],"wp:featuredmedia":[{"embeddable":true,"href":"https:\/\/www.caririemacao.com\/1\/wp-json\/wp\/v2\/media\/43849"}],"wp:attachment":[{"href":"https:\/\/www.caririemacao.com\/1\/wp-json\/wp\/v2\/media?parent=43848"}],"wp:term":[{"taxonomy":"category","embeddable":true,"href":"https:\/\/www.caririemacao.com\/1\/wp-json\/wp\/v2\/categories?post=43848"},{"taxonomy":"post_tag","embeddable":true,"href":"https:\/\/www.caririemacao.com\/1\/wp-json\/wp\/v2\/tags?post=43848"}],"curies":[{"name":"wp","href":"https:\/\/api.w.org\/{rel}","templated":true}]}}