{"id":43854,"date":"2018-03-12T12:09:30","date_gmt":"2018-03-12T15:09:30","guid":{"rendered":"http:\/\/caririemacao.com\/1\/?p=43854"},"modified":"2018-03-12T12:09:30","modified_gmt":"2018-03-12T15:09:30","slug":"professor-do-cdsa-discute-cooperacao-com-universidade-cubana-para-intercambio-de-estudantes-professores-e-tecnicos","status":"publish","type":"post","link":"https:\/\/www.caririemacao.com\/1\/2018\/03\/12\/professor-do-cdsa-discute-cooperacao-com-universidade-cubana-para-intercambio-de-estudantes-professores-e-tecnicos\/","title":{"rendered":"Professor do CDSA discute coopera\u00e7\u00e3o com universidade cubana para interc\u00e2mbio de estudantes, professores e t\u00e9cnicos"},"content":{"rendered":"<p>O coordenador administrativo da Unidade Acad\u00eamica de Educa\u00e7\u00e3o do Campo do Centro de Desenvolvimento Sustent\u00e1vel do Semi\u00e1rido da Universidade Federal de Campina Grande (UFCG), professor Faustino Teatino Cavalcante Neto, integrou recentemente (entre 5 e 9 de fevereiro) a Delega\u00e7\u00e3o Brasileira de Educa\u00e7\u00e3o do Campo que foi recebida pelo Minist\u00e9rio Superior de Educa\u00e7\u00e3o de Cuba.<\/p>\n<p>Como resultado desse contato interinstitucional, o professor do CDSA se reuniu com o reitor da Universidade de Artemisa, Carlos Eduardo Su\u00e1rez Ponciano e com Margarita Gonz\u00e1lez Ferrer, diretora de Rela\u00e7\u00f5es Internacionais da mesma institui\u00e7\u00e3o, com a finalidade de discutir uma proposta de acordo de coopera\u00e7\u00e3o internacional entre a UFCG e a referida universidade cubana, para possibilitar o interc\u00e2mbio de estudantes, professores e t\u00e9cnicos do CDSA, dentro das suas \u00e1reas de atua\u00e7\u00e3o.<\/p>\n<p>Ainda em Cuba, entre os dias 12 e 16 de fevereiro, o professor Faustino Neto, participou do \u201c<em>11no.\u00a0<\/em><em>Congreso Internacional de Educaci\u00f3n Superior Universidad 2018\u201d<\/em>, realizado na Universidad de La Habana, em Havana, Cuba.<\/p>\n<p>Durante o evento, ocorreu o \u201c<em>VII Taller Internacional de Universalizaci\u00f3n de la Universidad\u201d<\/em>, espa\u00e7o onde se discutiu a Educa\u00e7\u00e3o Superior do Campo e seus impactos no desenvolvimento sustent\u00e1vel, ocasi\u00e3o em que o referido professor apresentou o trabalho \u201c<em>Cinema e educa\u00e7\u00e3o do campo: pr\u00e1ticas de extens\u00e3o no Cariri da Para\u00edba\u201d<\/em>.<\/p>\n<p><strong>CARIRI EM A\u00c7\u00c3O<\/strong><\/p>\n<p><em>Com \u00a0Assimp CDSA\/UFCG\/Foto: Reprodu\u00e7\u00e3o\u00a0<\/em><\/p>\n<p><strong>Leia mais not\u00edcias em\u00a0<\/strong><a href=\"http:\/\/www.caririemacao.com\/\"><strong>caririemacao.com<\/strong><\/a><strong>, siga nossa p\u00e1gina no\u00a0<\/strong><a href=\"https:\/\/www.facebook.com\/CaririEmAcao\/?ref=aymt_homepage_panel\"><strong>Facebook<\/strong><\/a>,<strong>\u00a0<\/strong><a href=\"https:\/\/www.instagram.com\/cariri_em_acao\/?hl=pt-br\"><strong>Instagram<\/strong><\/a><strong>\u00a0e <\/strong><a href=\"https:\/\/www.youtube.com\/channel\/UCAptA0jQuYQy8vMhLt2m4qg\"><strong>Youtube<\/strong><\/a><strong>\u00a0e veja nossas mat\u00e9rias, v\u00eddeos e fotos. Voc\u00ea tamb\u00e9m pode enviar informa\u00e7\u00f5es \u00e0 Reda\u00e7\u00e3o do Portal Cariri em A\u00e7\u00e3o pelo WhatsApp (83) 9 9634.5791, (83) 9 9601-1162.<\/strong><\/p>\n","protected":false},"excerpt":{"rendered":"<p>O coordenador administrativo da Unidade Acad\u00eamica de Educa\u00e7\u00e3o do Campo do Centro de Desenvolvimento Sustent\u00e1vel do Semi\u00e1rido da Universidade Federal de Campina Grande (UFCG), professor&hellip; <\/p>\n","protected":false},"author":2,"featured_media":43855,"comment_status":"closed","ping_status":"closed","sticky":false,"template":"","format":"standard","meta":{"sfsi_plus_gutenberg_text_before_share":"","sfsi_plus_gutenberg_show_text_before_share":"","sfsi_plus_gutenberg_icon_type":"","sfsi_plus_gutenberg_icon_alignemt":"","sfsi_plus_gutenburg_max_per_row":"","footnotes":""},"categories":[14],"tags":[],"class_list":["post-43854","post","type-post","status-publish","format-standard","has-post-thumbnail","hentry","category-educacao"],"_links":{"self":[{"href":"https:\/\/www.caririemacao.com\/1\/wp-json\/wp\/v2\/posts\/43854","targetHints":{"allow":["GET"]}}],"collection":[{"href":"https:\/\/www.caririemacao.com\/1\/wp-json\/wp\/v2\/posts"}],"about":[{"href":"https:\/\/www.caririemacao.com\/1\/wp-json\/wp\/v2\/types\/post"}],"author":[{"embeddable":true,"href":"https:\/\/www.caririemacao.com\/1\/wp-json\/wp\/v2\/users\/2"}],"replies":[{"embeddable":true,"href":"https:\/\/www.caririemacao.com\/1\/wp-json\/wp\/v2\/comments?post=43854"}],"version-history":[{"count":0,"href":"https:\/\/www.caririemacao.com\/1\/wp-json\/wp\/v2\/posts\/43854\/revisions"}],"wp:featuredmedia":[{"embeddable":true,"href":"https:\/\/www.caririemacao.com\/1\/wp-json\/wp\/v2\/media\/43855"}],"wp:attachment":[{"href":"https:\/\/www.caririemacao.com\/1\/wp-json\/wp\/v2\/media?parent=43854"}],"wp:term":[{"taxonomy":"category","embeddable":true,"href":"https:\/\/www.caririemacao.com\/1\/wp-json\/wp\/v2\/categories?post=43854"},{"taxonomy":"post_tag","embeddable":true,"href":"https:\/\/www.caririemacao.com\/1\/wp-json\/wp\/v2\/tags?post=43854"}],"curies":[{"name":"wp","href":"https:\/\/api.w.org\/{rel}","templated":true}]}}