{"id":43857,"date":"2018-03-12T12:20:05","date_gmt":"2018-03-12T15:20:05","guid":{"rendered":"http:\/\/caririemacao.com\/1\/?p=43857"},"modified":"2018-03-12T12:20:05","modified_gmt":"2018-03-12T15:20:05","slug":"alimentos-ultraprocessados-aumentam-a-chance-de-cancer","status":"publish","type":"post","link":"https:\/\/www.caririemacao.com\/1\/2018\/03\/12\/alimentos-ultraprocessados-aumentam-a-chance-de-cancer\/","title":{"rendered":"Alimentos ultraprocessados aumentam a chance de c\u00e2ncer"},"content":{"rendered":"<div class=\"mc-column content-media content-media--normal content-video\" data-block-type=\"backstage-video\" data-block-id=\"1\">\n<div class=\"content-media__description-centered\">\n<p class=\"content-media__description\">Um estudo feito com mais de 100 mil pessoas comprovou: alimentos superprocessados aumentam a chance de forma\u00e7\u00e3o de um tumor. O m\u00e9dico coordenador do n\u00facleo de pesquisas epidemiol\u00f3gicas em nutri\u00e7\u00e3o da USP Carlos Monteiro e o oncologista Sergio Simon explicaram tudo no Bem Estar desta segunda-feira (12).<\/p>\n<\/div>\n<\/div>\n<div class=\"mc-column content-text active-extra-styles \" data-block-type=\"unstyled\" data-block-weight=\"42\" data-block-id=\"4\">\n<p class=\"content-text__container \" data-track-category=\"Link no Texto\" data-track-links=\"\">O estudo avaliou os h\u00e1bitos das pessoas entre 2009 e 2017 e verificou ao longo desse per\u00edodo que o aumento de 10% do consumo de alimentos ultraprocessados gerou um incremento de mais de 10% nos casos de c\u00e2ncer, especialmente o de mama.N\u00e3o precisamos cortar os embutidos, mas comer com muita modera\u00e7\u00e3o.<\/p>\n<div class=\"mc-column content-text active-extra-styles \" data-block-type=\"unstyled\" data-block-weight=\"33\" data-block-id=\"7\">\n<p class=\"content-text__container \" data-track-category=\"Link no Texto\" data-track-links=\"\">Os ultraprocessados, para garantir sabor na prateleira, t\u00eam de empregar muitos aditivos como corantes, espessantes, e abrir m\u00e3o ou reduzir muito os ingredientes nobres, que s\u00e3o comida de verdade, e de seus nutrientes.<\/p>\n<\/div>\n<div class=\"mc-column content-text active-extra-styles \" data-block-type=\"unstyled\" data-block-weight=\"37\" data-block-id=\"8\">\n<p class=\"content-text__container \" data-track-category=\"Link no Texto\" data-track-links=\"\">Infelizmente n\u00e3o existe um alimento que, sozinho, nos proteja do c\u00e2ncer. O que se deve fazer \u00e9 ter muitas hortali\u00e7as no prato em todas as refei\u00e7\u00f5es, mant\u00ea-lo bem colorido, al\u00e9m de preferir os gr\u00e3os e farinhas integrais.<\/p>\n<p><strong>CARIRI EM A\u00c7\u00c3O<\/strong><\/p>\n<p><em>Com G1 \/Foto: Reprodu\u00e7\u00e3o Internet<\/em><\/p>\n<p><strong>Leia mais not\u00edcias em\u00a0<\/strong><a href=\"http:\/\/www.caririemacao.com\/\"><strong>caririemacao.com<\/strong><\/a><strong>, siga nossa p\u00e1gina no\u00a0<\/strong><a href=\"https:\/\/www.facebook.com\/CaririEmAcao\/?ref=aymt_homepage_panel\"><strong>Facebook<\/strong><\/a>,<strong>\u00a0<\/strong><a href=\"https:\/\/www.instagram.com\/cariri_em_acao\/?hl=pt-br\"><strong>Instagram<\/strong><\/a><strong>\u00a0e <\/strong><a href=\"https:\/\/www.youtube.com\/channel\/UCAptA0jQuYQy8vMhLt2m4qg\"><strong>Youtube<\/strong><\/a><strong>\u00a0e veja nossas mat\u00e9rias, v\u00eddeos e fotos. Voc\u00ea tamb\u00e9m pode enviar informa\u00e7\u00f5es \u00e0 Reda\u00e7\u00e3o do Portal Cariri em A\u00e7\u00e3o pelo WhatsApp (83) 9 9634.5791, (83) 9 9601-1162.<\/strong><\/p>\n<\/div>\n<\/div>\n","protected":false},"excerpt":{"rendered":"<p>Um estudo feito com mais de 100 mil pessoas comprovou: alimentos superprocessados aumentam a chance de forma\u00e7\u00e3o de um tumor. O m\u00e9dico coordenador do n\u00facleo&hellip; <\/p>\n","protected":false},"author":2,"featured_media":43858,"comment_status":"closed","ping_status":"closed","sticky":false,"template":"","format":"standard","meta":{"sfsi_plus_gutenberg_text_before_share":"","sfsi_plus_gutenberg_show_text_before_share":"","sfsi_plus_gutenberg_icon_type":"","sfsi_plus_gutenberg_icon_alignemt":"","sfsi_plus_gutenburg_max_per_row":"","footnotes":""},"categories":[16],"tags":[],"class_list":["post-43857","post","type-post","status-publish","format-standard","has-post-thumbnail","hentry","category-saude"],"_links":{"self":[{"href":"https:\/\/www.caririemacao.com\/1\/wp-json\/wp\/v2\/posts\/43857","targetHints":{"allow":["GET"]}}],"collection":[{"href":"https:\/\/www.caririemacao.com\/1\/wp-json\/wp\/v2\/posts"}],"about":[{"href":"https:\/\/www.caririemacao.com\/1\/wp-json\/wp\/v2\/types\/post"}],"author":[{"embeddable":true,"href":"https:\/\/www.caririemacao.com\/1\/wp-json\/wp\/v2\/users\/2"}],"replies":[{"embeddable":true,"href":"https:\/\/www.caririemacao.com\/1\/wp-json\/wp\/v2\/comments?post=43857"}],"version-history":[{"count":0,"href":"https:\/\/www.caririemacao.com\/1\/wp-json\/wp\/v2\/posts\/43857\/revisions"}],"wp:featuredmedia":[{"embeddable":true,"href":"https:\/\/www.caririemacao.com\/1\/wp-json\/wp\/v2\/media\/43858"}],"wp:attachment":[{"href":"https:\/\/www.caririemacao.com\/1\/wp-json\/wp\/v2\/media?parent=43857"}],"wp:term":[{"taxonomy":"category","embeddable":true,"href":"https:\/\/www.caririemacao.com\/1\/wp-json\/wp\/v2\/categories?post=43857"},{"taxonomy":"post_tag","embeddable":true,"href":"https:\/\/www.caririemacao.com\/1\/wp-json\/wp\/v2\/tags?post=43857"}],"curies":[{"name":"wp","href":"https:\/\/api.w.org\/{rel}","templated":true}]}}