{"id":43860,"date":"2018-03-12T12:23:32","date_gmt":"2018-03-12T15:23:32","guid":{"rendered":"http:\/\/caririemacao.com\/1\/?p=43860"},"modified":"2018-03-12T12:23:32","modified_gmt":"2018-03-12T15:23:32","slug":"dietas-com-poucas-calorias-e-baixa-gordura-podem-retardar-envelhecimento-do-cerebro-diz-estudo","status":"publish","type":"post","link":"https:\/\/www.caririemacao.com\/1\/2018\/03\/12\/dietas-com-poucas-calorias-e-baixa-gordura-podem-retardar-envelhecimento-do-cerebro-diz-estudo\/","title":{"rendered":"Dietas com poucas calorias e baixa gordura podem retardar envelhecimento do c\u00e9rebro, diz estudo"},"content":{"rendered":"<div class=\"mc-column content-media content-media--normal  content-photo\" data-block-type=\"backstage-photo\" data-block-id=\"0\">\n<div class=\"content-media__container\">\n<div class=\"content-media__description-centered \">\n<p class=\"content-media__description\">Dietas que combinam restri\u00e7\u00e3o de calorias com pouco consumo de gordura podem conter o envelhecimento cerebral e ajudar na preven\u00e7\u00e3o de doen\u00e7as associadas, como Alzheimer e outras dem\u00eancias, diz estudo publicado nesta segunda-feira (12) na &#8220;Frontiers in Molecular Neuroscience&#8221;.<\/p>\n<\/div>\n<\/div>\n<\/div>\n<div class=\"mc-column content-text active-extra-styles \" data-block-type=\"unstyled\" data-block-weight=\"21\" data-block-id=\"3\">\n<p class=\"content-text__container \" data-track-category=\"Link no Texto\" data-track-links=\"\">Os pesquisadores tamb\u00e9m demonstraram que essas dietas s\u00e3o relativamente mais eficazes na preven\u00e7\u00e3o do envelhecimento que a pr\u00e1tica de atividade f\u00edsica.<\/p>\n<\/div>\n<div class=\"mc-column content-text active-extra-styles \" data-block-type=\"unstyled\" data-block-weight=\"28\" data-block-id=\"4\">\n<p class=\"content-text__container \" data-track-category=\"Link no Texto\" data-track-links=\"\">Cientistas testaram a a\u00e7\u00e3o da restri\u00e7\u00e3o cal\u00f3rica no c\u00e9rebro de cobaias e descobriram que a dieta desativa a a\u00e7\u00e3o da microglia, um tipo de c\u00e9lula do sistema imune.<\/p>\n<\/div>\n<div class=\"mc-column content-text active-extra-styles \" data-block-type=\"unstyled\" data-block-weight=\"20\" data-block-id=\"5\">\n<p class=\"content-text__container \" data-track-category=\"Link no Texto\" data-track-links=\"\">Quando ativada, essa c\u00e9lula contribui para inflama\u00e7\u00f5es no c\u00e9rebro que levam ao envelhecimento e a problemas no pleno funcionamento neurol\u00f3gico.<\/p>\n<\/div>\n<div class=\"mc-column content-text active-extra-styles \" data-block-type=\"unstyled\" data-block-weight=\"39\" data-block-id=\"6\">\n<p class=\"content-text__container \" data-track-category=\"Link no Texto\" data-track-links=\"\">Para chegar a esse resultado, cientistas investigaram o impacto das dietas no c\u00e9rebro de ratos de 6 meses de idade. A an\u00e1lise foi feita em c\u00e9lulas da microglia em uma regi\u00e3o espec\u00edfica do \u00f3rg\u00e3o: o hipot\u00e1lamo, associado \u00e0 mem\u00f3ria.<\/p>\n<\/div>\n<div class=\"mc-column content-text active-extra-styles \" data-block-type=\"unstyled\" data-block-weight=\"41\" data-block-id=\"7\">\n<p class=\"content-text__container \" data-track-category=\"Link no Texto\" data-track-links=\"\">Em uma outra etapa, eles tamb\u00e9m testaram as c\u00e9lulas de ratos de 2 anos de idade que passaram por um regime de exerc\u00edcios. Por fim, foram feitos testes em cobaias da mesma idade que passaram por dietas restritivas (redu\u00e7\u00e3o de 40%).<\/p>\n<\/div>\n<div class=\"mc-column content-text active-extra-styles\" data-block-type=\"raw\" data-block-weight=\"8\" data-block-id=\"8\">\n<div class=\"content-intertitle\">\n<p><strong>Com os testes, eles fizeram duas descobertas principais:<\/strong><\/p>\n<\/div>\n<\/div>\n<div class=\"mc-column content-text active-extra-styles\" data-block-type=\"raw\" data-block-weight=\"54\" data-block-id=\"9\">\n<ol class=\"content-ordered-list theme-ordered-list-color-primary\">\n<li>Para ter poss\u00edvel efeito protetor, as dietas pobres em gordura precisam ser combinadas com restri\u00e7\u00e3o cal\u00f3rica. N\u00e3o basta seguir s\u00f3 uma delas;<\/li>\n<li>Nesses testes espec\u00edficos, o exerc\u00edcio foi significativamente menos eficaz que a restri\u00e7\u00e3o cal\u00f3rica. No entanto, outros trabalhos demonstraram que a pr\u00e1tica de atividade f\u00edsica ajuda a reduzir o risco para doen\u00e7as neurodegenerativas.<\/li>\n<\/ol>\n<\/div>\n<div class=\"mc-column content-text active-extra-styles \" data-block-type=\"unstyled\" data-block-weight=\"20\" data-block-id=\"10\">\n<p class=\"content-text__container \" data-track-category=\"Link no Texto\" data-track-links=\"\">Desse modo, cientistas alertam que mais estudos s\u00e3o necess\u00e1rios para avaliar o impacto dessas descobertas diretamente na preven\u00e7\u00e3o dessas doen\u00e7as.<\/p>\n<\/div>\n<div data-track-category=\"fim do conteudo\" data-track-action=\"ultimo chunk conteudo\" data-track-noninteraction=\"false\" data-track-scroll=\"entrada completa viewport\">\n<div class=\"mc-column content-text active-extra-styles \" data-block-type=\"unstyled\" data-block-weight=\"40\" data-block-id=\"11\">\n<p class=\"content-text__container \" data-track-category=\"Link no Texto\" data-track-links=\"\">Uma quest\u00e3o \u00e9 que esses ratos tiveram basicamente essas dietas ao longo da vida: outros estudos seriam necess\u00e1rios para avaliar se a ado\u00e7\u00e3o dessas dietas mais tarde na idade adulta, por exemplo, poderiam reverter os efeitos de h\u00e1bitos alimentares anteriores.<\/p>\n<p><strong>CARIRI EM A\u00c7\u00c3O<\/strong><\/p>\n<p><em>Com G1 \/Foto: Reprodu\u00e7\u00e3o Internet<\/em><\/p>\n<p><strong>Leia mais not\u00edcias em\u00a0<\/strong><a href=\"http:\/\/www.caririemacao.com\/\"><strong>caririemacao.com<\/strong><\/a><strong>, siga nossa p\u00e1gina no\u00a0<\/strong><a href=\"https:\/\/www.facebook.com\/CaririEmAcao\/?ref=aymt_homepage_panel\"><strong>Facebook<\/strong><\/a>,<strong>\u00a0<\/strong><a href=\"https:\/\/www.instagram.com\/cariri_em_acao\/?hl=pt-br\"><strong>Instagram<\/strong><\/a><strong>\u00a0e <\/strong><a href=\"https:\/\/www.youtube.com\/channel\/UCAptA0jQuYQy8vMhLt2m4qg\"><strong>Youtube<\/strong><\/a><strong>\u00a0e veja nossas mat\u00e9rias, v\u00eddeos e fotos. Voc\u00ea tamb\u00e9m pode enviar informa\u00e7\u00f5es \u00e0 Reda\u00e7\u00e3o do Portal Cariri em A\u00e7\u00e3o pelo WhatsApp (83) 9 9634.5791, (83) 9 9601-1162.<\/strong><\/p>\n<\/div>\n<\/div>\n","protected":false},"excerpt":{"rendered":"<p>Dietas que combinam restri\u00e7\u00e3o de calorias com pouco consumo de gordura podem conter o envelhecimento cerebral e ajudar na preven\u00e7\u00e3o de doen\u00e7as associadas, como Alzheimer&hellip; <\/p>\n","protected":false},"author":2,"featured_media":43861,"comment_status":"closed","ping_status":"closed","sticky":false,"template":"","format":"standard","meta":{"sfsi_plus_gutenberg_text_before_share":"","sfsi_plus_gutenberg_show_text_before_share":"","sfsi_plus_gutenberg_icon_type":"","sfsi_plus_gutenberg_icon_alignemt":"","sfsi_plus_gutenburg_max_per_row":"","footnotes":""},"categories":[16],"tags":[],"class_list":["post-43860","post","type-post","status-publish","format-standard","has-post-thumbnail","hentry","category-saude"],"_links":{"self":[{"href":"https:\/\/www.caririemacao.com\/1\/wp-json\/wp\/v2\/posts\/43860","targetHints":{"allow":["GET"]}}],"collection":[{"href":"https:\/\/www.caririemacao.com\/1\/wp-json\/wp\/v2\/posts"}],"about":[{"href":"https:\/\/www.caririemacao.com\/1\/wp-json\/wp\/v2\/types\/post"}],"author":[{"embeddable":true,"href":"https:\/\/www.caririemacao.com\/1\/wp-json\/wp\/v2\/users\/2"}],"replies":[{"embeddable":true,"href":"https:\/\/www.caririemacao.com\/1\/wp-json\/wp\/v2\/comments?post=43860"}],"version-history":[{"count":0,"href":"https:\/\/www.caririemacao.com\/1\/wp-json\/wp\/v2\/posts\/43860\/revisions"}],"wp:featuredmedia":[{"embeddable":true,"href":"https:\/\/www.caririemacao.com\/1\/wp-json\/wp\/v2\/media\/43861"}],"wp:attachment":[{"href":"https:\/\/www.caririemacao.com\/1\/wp-json\/wp\/v2\/media?parent=43860"}],"wp:term":[{"taxonomy":"category","embeddable":true,"href":"https:\/\/www.caririemacao.com\/1\/wp-json\/wp\/v2\/categories?post=43860"},{"taxonomy":"post_tag","embeddable":true,"href":"https:\/\/www.caririemacao.com\/1\/wp-json\/wp\/v2\/tags?post=43860"}],"curies":[{"name":"wp","href":"https:\/\/api.w.org\/{rel}","templated":true}]}}