{"id":43863,"date":"2018-03-12T12:39:34","date_gmt":"2018-03-12T15:39:34","guid":{"rendered":"http:\/\/caririemacao.com\/1\/?p=43863"},"modified":"2018-03-12T12:39:34","modified_gmt":"2018-03-12T15:39:34","slug":"definida-a-final-do-i-campeonato-municipal-de-futebol-de-campo-para-veteranos","status":"publish","type":"post","link":"https:\/\/www.caririemacao.com\/1\/2018\/03\/12\/definida-a-final-do-i-campeonato-municipal-de-futebol-de-campo-para-veteranos\/","title":{"rendered":"Definida a final do I Campeonato Municipal de Futebol de Campo para veteranos"},"content":{"rendered":"<p>Aconteceu neste s\u00e1bado as partida semi finais do I Campeonato Municipal de Futebol de Campo para veteranos.<\/p>\n<p>A primeira partida foi entre a equipe do Vira Copos, que enfrentou a equipe do Corinthians da Cangalha. A equipe do Vira Copos venceu pelo placa de 4\u00d71.<\/p>\n<p>A segunda partida foi entre as equipes do Juventude do Salgadinho versus o Juventude da Impueiras. A equipe do Salgadinho venceu pelo placar de 5X1.<\/p>\n<p>Dia 18 acontece a grande final, entre Vira Copos e Juventude do Salgadinho. Antes acontecer\u00e1 a decis\u00e3o do terceiro lugar entre Corinthians da Cangalha e Juventude da Impueiras.<\/p>\n<p>O campeonato \u00e9 um fato in\u00e9dito em nosso munic\u00edpio, sendo uma realiza\u00e7\u00e3o do Governo Municipal de Camala\u00fa, atrav\u00e9s do Departamento do Esporte.<\/p>\n<p><strong>CARIRI EM A\u00c7\u00c3O<\/strong><\/p>\n<p><em>Com DCS \/Foto: Reprodu\u00e7\u00e3o<\/em><\/p>\n<p><strong>Leia mais not\u00edcias em\u00a0<\/strong><a href=\"http:\/\/www.caririemacao.com\/\"><strong>caririemacao.com<\/strong><\/a><strong>, siga nossa p\u00e1gina no\u00a0<\/strong><a href=\"https:\/\/www.facebook.com\/CaririEmAcao\/?ref=aymt_homepage_panel\"><strong>Facebook<\/strong><\/a>,<strong>\u00a0<\/strong><a href=\"https:\/\/www.instagram.com\/cariri_em_acao\/?hl=pt-br\"><strong>Instagram<\/strong><\/a><strong>\u00a0e <\/strong><a href=\"https:\/\/www.youtube.com\/channel\/UCAptA0jQuYQy8vMhLt2m4qg\"><strong>Youtube<\/strong><\/a><strong>\u00a0e veja nossas mat\u00e9rias, v\u00eddeos e fotos. Voc\u00ea tamb\u00e9m pode enviar informa\u00e7\u00f5es \u00e0 Reda\u00e7\u00e3o do Portal Cariri em A\u00e7\u00e3o pelo WhatsApp (83) 9 9634.5791, (83) 9 9601-1162.<\/strong><\/p>\n","protected":false},"excerpt":{"rendered":"<p>Aconteceu neste s\u00e1bado as partida semi finais do I Campeonato Municipal de Futebol de Campo para veteranos. A primeira partida foi entre a equipe do&hellip; <\/p>\n","protected":false},"author":2,"featured_media":43864,"comment_status":"closed","ping_status":"closed","sticky":false,"template":"","format":"standard","meta":{"sfsi_plus_gutenberg_text_before_share":"","sfsi_plus_gutenberg_show_text_before_share":"","sfsi_plus_gutenberg_icon_type":"","sfsi_plus_gutenberg_icon_alignemt":"","sfsi_plus_gutenburg_max_per_row":"","footnotes":""},"categories":[13],"tags":[],"class_list":["post-43863","post","type-post","status-publish","format-standard","has-post-thumbnail","hentry","category-esportes"],"_links":{"self":[{"href":"https:\/\/www.caririemacao.com\/1\/wp-json\/wp\/v2\/posts\/43863","targetHints":{"allow":["GET"]}}],"collection":[{"href":"https:\/\/www.caririemacao.com\/1\/wp-json\/wp\/v2\/posts"}],"about":[{"href":"https:\/\/www.caririemacao.com\/1\/wp-json\/wp\/v2\/types\/post"}],"author":[{"embeddable":true,"href":"https:\/\/www.caririemacao.com\/1\/wp-json\/wp\/v2\/users\/2"}],"replies":[{"embeddable":true,"href":"https:\/\/www.caririemacao.com\/1\/wp-json\/wp\/v2\/comments?post=43863"}],"version-history":[{"count":0,"href":"https:\/\/www.caririemacao.com\/1\/wp-json\/wp\/v2\/posts\/43863\/revisions"}],"wp:featuredmedia":[{"embeddable":true,"href":"https:\/\/www.caririemacao.com\/1\/wp-json\/wp\/v2\/media\/43864"}],"wp:attachment":[{"href":"https:\/\/www.caririemacao.com\/1\/wp-json\/wp\/v2\/media?parent=43863"}],"wp:term":[{"taxonomy":"category","embeddable":true,"href":"https:\/\/www.caririemacao.com\/1\/wp-json\/wp\/v2\/categories?post=43863"},{"taxonomy":"post_tag","embeddable":true,"href":"https:\/\/www.caririemacao.com\/1\/wp-json\/wp\/v2\/tags?post=43863"}],"curies":[{"name":"wp","href":"https:\/\/api.w.org\/{rel}","templated":true}]}}